{"id":694412,"date":"2026-09-03T00:49:04","date_gmt":"2026-09-03T04:49:04","guid":{"rendered":"https:\/\/diariodominicano.com\/?p=694412"},"modified":"2026-09-03T00:49:07","modified_gmt":"2026-09-03T04:49:07","slug":"conductores-de-motocicletas-sin-control-el-desorden-que-crece-y-los-accidentes-tambien","status":"publish","type":"post","link":"https:\/\/diariodominicano.com\/?p=694412","title":{"rendered":"Conductores de motocicletas sin control: el desorden que crece y los accidentes tambi\u00e9n"},"content":{"rendered":"\n<p class=\"wp-block-paragraph\">Por&nbsp;<strong>Edwin De La Cruz<\/strong>&nbsp;\/&nbsp;<a href=\"mailto:edwindelacruzr@gmail.com\" target=\"_blank\" rel=\"noreferrer noopener\">edwindelacruzr@gmail.com<\/a><\/p>\n\n\n\n<p class=\"wp-block-paragraph\">Hay un desorden en nuestras calles que se ha vuelto tan cotidiano que parece haber dejado de sorprendernos: la manera en que conductores de motocicletas desaf\u00edan las normas de tr\u00e1nsito.<\/p>\n\n\n\n<p class=\"wp-block-paragraph\">Sean deliveries, mensajeros, motoconchistas, trabajadores o ciudadanos que simplemente utilizan este medio para trasladarse, todos tienen la misma obligaci\u00f3n: respetar las reglas que regulan la circulaci\u00f3n.<\/p>\n\n\n\n<p class=\"wp-block-paragraph\">Sin embargo, basta observar el tr\u00e1nsito para encontrar motociclistas que rebasan por la derecha, a exceso de velocidad circulan entre veh\u00edculos, se detienen delante de todos en los sem\u00e1foros y, en ocasiones, arrancan antes de que la luz cambie a verde.<\/p>\n\n\n\n<p class=\"wp-block-paragraph\">La propia Ley 63-17 establece que los conductores deben rebasar por la izquierda y contempla excepciones espec\u00edficas para hacerlo por la derecha. Por tanto, no estamos hablando de una costumbre que deba aceptarse, sino de normas que deben cumplirse.<\/p>\n\n\n\n<p class=\"wp-block-paragraph\">Lo preocupante es que estas maniobras no solo ponen en peligro al motociclista. Tambi\u00e9n obligan al conductor de un autom\u00f3vil o de cualquier otro veh\u00edculo a frenar, desviarse o realizar una maniobra de emergencia para evitar un accidente.<\/p>\n\n\n\n<p class=\"wp-block-paragraph\">Y una maniobra de emergencia tambi\u00e9n puede terminar provocando otro accidente.<\/p>\n\n\n\n<p class=\"wp-block-paragraph\">Aqu\u00ed aparece una preocupaci\u00f3n todav\u00eda mayor: \u00bfc\u00f3mo se determina la responsabilidad cuando el motociclista es quien ha provocado el accidente?<\/p>\n\n\n\n<p class=\"wp-block-paragraph\">Existe entre muchos conductores la percepci\u00f3n de que, cuando una motocicleta est\u00e1 involucrada, la responsabilidad termina inclin\u00e1ndose hacia quien conduce el veh\u00edculo de mayor tama\u00f1o, aun cuando las circunstancias indiquen lo contrario.<\/p>\n\n\n\n<p class=\"wp-block-paragraph\">Si esa percepci\u00f3n es equivocada, corresponde demostrarlo aplicando la ley con el mismo rigor para todos. Y si existen vac\u00edos o pr\u00e1cticas que dificultan determinar responsabilidades, corresponde corregirlos.<\/p>\n\n\n\n<p class=\"wp-block-paragraph\">La propia autoridad de tr\u00e1nsito ha reconocido que el pa\u00eds no enfrenta necesariamente un problema de falta de normas, sino de cumplimiento efectivo de las existentes.<\/p>\n\n\n\n<p class=\"wp-block-paragraph\">Entonces, la pregunta es inevitable: \u00bfd\u00f3nde est\u00e1 el control?<\/p>\n\n\n\n<p class=\"wp-block-paragraph\">Porque el problema tampoco termina en las maniobras peligrosas. Basta observar la cantidad de motocicletas que circulan sin la debida identificaci\u00f3n, la placa, para preguntarnos qu\u00e9 est\u00e1 fallando en el registro, la fiscalizaci\u00f3n y el control de estos veh\u00edculos.<\/p>\n\n\n\n<p class=\"wp-block-paragraph\">No se trata de perseguir a los motociclistas ni de cuestionar una actividad de la que dependen miles de familias. Se trata de algo mucho m\u00e1s sencillo: que la ley sea igual para todos.<\/p>\n\n\n\n<p class=\"wp-block-paragraph\">Y ahora que comienza un nuevo a\u00f1o escolar, la situaci\u00f3n merece todav\u00eda m\u00e1s atenci\u00f3n, ya que hay mayor circulaci\u00f3n, m\u00e1s congestionamiento y m\u00e1s presencia de ni\u00f1os y adolescentes en las calles.<\/p>\n\n\n\n<p class=\"wp-block-paragraph\">En esas circunstancias, una maniobra imprudente puede ser suficiente para cambiar la vida de una familia.<\/p>\n\n\n\n<p class=\"wp-block-paragraph\">Las normas existen. Lo que hace falta es que se respeten y que quienes tienen la responsabilidad de hacerlas cumplir act\u00faen.<\/p>\n\n\n\n<p class=\"wp-block-paragraph\">Porque cuando una infracci\u00f3n se repite todos los d\u00edas y nadie la corrige, deja de parecer una infracci\u00f3n y termina convirti\u00e9ndose en costumbre.<\/p>\n\n\n\n<p class=\"wp-block-paragraph\"><strong>Sobre el autor<\/strong><\/p>\n\n\n\n<p class=\"wp-block-paragraph\">Edwin DeLaCruz es periodista y abogado con una trayectoria dedicada a la comunicaci\u00f3n y la promoci\u00f3n de la justicia social. Su trabajo combina la cobertura informativa con un profundo compromiso con los derechos humanos y la defensa de la dignidad de las personas.<\/p>\n\n\n\n<p class=\"wp-block-paragraph\">A lo largo de su carrera ha mostrado un alto inter\u00e9s en la lucha por los derechos laborales y en visibilizar las causas sociales que fortalecen la equidad y la protecci\u00f3n de los m\u00e1s vulnerables. Su enfoque period\u00edstico busca generar conciencia, fomentar el respeto y promover un di\u00e1logo \u00e9tico en torno a temas de relevancia social y humana.<\/p>\n\n\n\n<p class=\"wp-block-paragraph\">r\u00a0<strong>Edwin De La Cruz<\/strong>\u00a0\/\u00a0<a href=\"mailto:edwindelacruzr@gmail.com\" target=\"_blank\" rel=\"noreferrer noopener\">edwindelacruzr@gmail.com<\/a><\/p>\n","protected":false},"excerpt":{"rendered":"<p>Por&nbsp;Edwin De La Cruz&nbsp;\/&nbsp;edwindelacruzr@gmail.com Hay un desorden en nuestras calles que se ha vuelto tan cotidiano que parece haber dejado de sorprendernos: la manera en que conductores de motocicletas desaf\u00edan las normas de tr\u00e1nsito. Sean deliveries, mensajeros, motoconchistas, trabajadores o ciudadanos que simplemente utilizan este medio para trasladarse, todos tienen la misma obligaci\u00f3n: respetar las [&hellip;]<\/p>\n","protected":false},"author":2,"featured_media":694414,"comment_status":"open","ping_status":"closed","sticky":false,"template":"","format":"standard","meta":{"footnotes":""},"categories":[19,16],"tags":[7048,8207],"class_list":["post-694412","post","type-post","status-publish","format-standard","has-post-thumbnail","hentry","category-mi-voz","category-opiniones","tag-conductores","tag-motocicletas"],"_links":{"self":[{"href":"https:\/\/diariodominicano.com\/index.php?rest_route=\/wp\/v2\/posts\/694412","targetHints":{"allow":["GET"]}}],"collection":[{"href":"https:\/\/diariodominicano.com\/index.php?rest_route=\/wp\/v2\/posts"}],"about":[{"href":"https:\/\/diariodominicano.com\/index.php?rest_route=\/wp\/v2\/types\/post"}],"author":[{"embeddable":true,"href":"https:\/\/diariodominicano.com\/index.php?rest_route=\/wp\/v2\/users\/2"}],"replies":[{"embeddable":true,"href":"https:\/\/diariodominicano.com\/index.php?rest_route=%2Fwp%2Fv2%2Fcomments&post=694412"}],"version-history":[{"count":1,"href":"https:\/\/diariodominicano.com\/index.php?rest_route=\/wp\/v2\/posts\/694412\/revisions"}],"predecessor-version":[{"id":694416,"href":"https:\/\/diariodominicano.com\/index.php?rest_route=\/wp\/v2\/posts\/694412\/revisions\/694416"}],"wp:featuredmedia":[{"embeddable":true,"href":"https:\/\/diariodominicano.com\/index.php?rest_route=\/wp\/v2\/media\/694414"}],"wp:attachment":[{"href":"https:\/\/diariodominicano.com\/index.php?rest_route=%2Fwp%2Fv2%2Fmedia&parent=694412"}],"wp:term":[{"taxonomy":"category","embeddable":true,"href":"https:\/\/diariodominicano.com\/index.php?rest_route=%2Fwp%2Fv2%2Fcategories&post=694412"},{"taxonomy":"post_tag","embeddable":true,"href":"https:\/\/diariodominicano.com\/index.php?rest_route=%2Fwp%2Fv2%2Ftags&post=694412"}],"curies":[{"name":"wp","href":"https:\/\/api.w.org\/{rel}","templated":true}]}}