{"id":694409,"date":"2026-09-03T01:56:28","date_gmt":"2026-09-03T05:56:28","guid":{"rendered":"https:\/\/diariodominicano.com\/?p=694409"},"modified":"2026-09-03T01:58:03","modified_gmt":"2026-09-03T05:58:03","slug":"testigo-del-tiempo-joaquin-balaguer-y-yo","status":"publish","type":"post","link":"https:\/\/diariodominicano.com\/?p=694409","title":{"rendered":"Testigo del tiempo \/ Joaqu\u00edn Balaguer y yo"},"content":{"rendered":"\n<p class=\"wp-block-paragraph\">J.C. Malone<\/p>\n\n\n\n<p class=\"wp-block-paragraph\">A Joaqu\u00edn Balaguer le debo una buena parte de mi carrera period\u00edstica y de analista pol\u00edtico, as\u00ed es. Don Germ\u00e1n Emilio Ornes, director y due\u00f1o del matutino El Caribe, me contrat\u00f3 en 1983. Mi asignaci\u00f3n fue entrevistar al expresidente Joaqu\u00edn Balaguer cada tarde durante su caminata en el parque Mirador Sur, ah\u00ed me inici\u00e9 en el periodismo pol\u00edtico.<\/p>\n\n\n\n<p class=\"wp-block-paragraph\">En1983, solo yo iba a su caminata, para 1985, cuando Balaguer se perfilaba como una opci\u00f3n de poder, llegaba un ej\u00e9rcito de periodistas. Su seguridad, encabezada por el general Luis Mar\u00eda P\u00e9rez Bello, solo permit\u00eda que yo me le acercara.<\/p>\n\n\n\n<p class=\"wp-block-paragraph\">Entonces tambi\u00e9n era reportero de Teleantillas, el mejor noticiero de la TV dominicana. Mi familia viv\u00eda en San Pedro de Macor\u00eds y mis hijas, muy ni\u00f1as, se negaban a irse a la cama sin ver \u201ca papi en la televisi\u00f3n\u201d.<\/p>\n\n\n\n<p class=\"wp-block-paragraph\">Conozco el pa\u00eds, porque lo recorr\u00ed dos veces cubriendo la campa\u00f1a de retorno al poder de Balaguer en 1986. Le gan\u00f3 limpiamente a Jacobo Majluta en esas elecciones.<\/p>\n\n\n\n<p class=\"wp-block-paragraph\">Sus discursos de campa\u00f1a y respuestas a mis preguntas ten\u00edan precisi\u00f3n quir\u00fargica contra el gobierno del presidente Salvador Jorge Blanco y el Partido Revolucionario Dominicano (PRD).<\/p>\n\n\n\n<p class=\"wp-block-paragraph\">Emigr\u00e9 en 1990, en 1995 retorn\u00e9. Una tarde, iba con mi hermano de vida, el doctor V\u00edctor Valent\u00edn, en su auto por el Mirador Sur, y vi a Balaguer en su caminata. Le dije, p\u00e1rate, voy a saludarlo. Me acerqu\u00e9 al general P\u00e9rez Bello, me sugiri\u00f3 esperarlo cuando fuera a abordar el auto. Eso hice.<\/p>\n\n\n\n<p class=\"wp-block-paragraph\">Cuando lo abord\u00e9, me respondi\u00f3, \u201c\u00bfY d\u00f3nde ha estado Ud., todos estos a\u00f1os? \u00bfOlvid\u00f3 a los viejos amigos?\u201d Le expliqu\u00e9 que hab\u00eda emigrado; me pregunt\u00f3 por mis hijas. Ayer, 1 de septiembre, se cumplieron 120 a\u00f1os del nacimiento de Balaguer en 1906. Fue presidente cinco veces, y colabor\u00f3 estrechamente con Trujillo.<\/p>\n\n\n\n<p class=\"wp-block-paragraph\">Ciertamente, los periodistas escribimos el primer borrador de la historia. Mis entrevistas con Balaguer son materia prima para escribir la historia dominicana de esa \u00e9poca, la vida de ese gran hombre y estadista.<\/p>\n","protected":false},"excerpt":{"rendered":"<p>J.C. Malone A Joaqu\u00edn Balaguer le debo una buena parte de mi carrera period\u00edstica y de analista pol\u00edtico, as\u00ed es. Don Germ\u00e1n Emilio Ornes, director y due\u00f1o del matutino El Caribe, me contrat\u00f3 en 1983. Mi asignaci\u00f3n fue entrevistar al expresidente Joaqu\u00edn Balaguer cada tarde durante su caminata en el parque Mirador Sur, ah\u00ed me [&hellip;]<\/p>\n","protected":false},"author":7,"featured_media":630598,"comment_status":"closed","ping_status":"closed","sticky":false,"template":"","format":"standard","meta":{"footnotes":""},"categories":[1],"tags":[1663,1664],"class_list":["post-694409","post","type-post","status-publish","format-standard","has-post-thumbnail","hentry","category-editorial","tag-j-c-malone","tag-testigo-del-tiempo"],"_links":{"self":[{"href":"https:\/\/diariodominicano.com\/index.php?rest_route=\/wp\/v2\/posts\/694409","targetHints":{"allow":["GET"]}}],"collection":[{"href":"https:\/\/diariodominicano.com\/index.php?rest_route=\/wp\/v2\/posts"}],"about":[{"href":"https:\/\/diariodominicano.com\/index.php?rest_route=\/wp\/v2\/types\/post"}],"author":[{"embeddable":true,"href":"https:\/\/diariodominicano.com\/index.php?rest_route=\/wp\/v2\/users\/7"}],"replies":[{"embeddable":true,"href":"https:\/\/diariodominicano.com\/index.php?rest_route=%2Fwp%2Fv2%2Fcomments&post=694409"}],"version-history":[{"count":1,"href":"https:\/\/diariodominicano.com\/index.php?rest_route=\/wp\/v2\/posts\/694409\/revisions"}],"predecessor-version":[{"id":694458,"href":"https:\/\/diariodominicano.com\/index.php?rest_route=\/wp\/v2\/posts\/694409\/revisions\/694458"}],"wp:featuredmedia":[{"embeddable":true,"href":"https:\/\/diariodominicano.com\/index.php?rest_route=\/wp\/v2\/media\/630598"}],"wp:attachment":[{"href":"https:\/\/diariodominicano.com\/index.php?rest_route=%2Fwp%2Fv2%2Fmedia&parent=694409"}],"wp:term":[{"taxonomy":"category","embeddable":true,"href":"https:\/\/diariodominicano.com\/index.php?rest_route=%2Fwp%2Fv2%2Fcategories&post=694409"},{"taxonomy":"post_tag","embeddable":true,"href":"https:\/\/diariodominicano.com\/index.php?rest_route=%2Fwp%2Fv2%2Ftags&post=694409"}],"curies":[{"name":"wp","href":"https:\/\/api.w.org\/{rel}","templated":true}]}}