{"id":694408,"date":"2026-09-03T01:47:42","date_gmt":"2026-09-03T05:47:42","guid":{"rendered":"https:\/\/diariodominicano.com\/?p=694408"},"modified":"2026-09-03T01:47:45","modified_gmt":"2026-09-03T05:47:45","slug":"beverly-vargas-el-rostro-dominicano-detras-del-crecimiento-de-monat","status":"publish","type":"post","link":"https:\/\/diariodominicano.com\/?p=694408","title":{"rendered":"Beverly Vargas, el rostro dominicano detr\u00e1s del crecimiento de MONAT"},"content":{"rendered":"\n<p class=\"wp-block-paragraph\"><strong><u>Con ocho a\u00f1os de trayectoria en la compa\u00f1\u00eda, la empresaria dominicana y una de las principales l\u00edderes de MONAT en Estados Unidos apuesta por desarrollar nuevos emprendedores tras la llegada oficial de la marca al pa\u00eds en marzo de 2026.<\/u><\/strong><\/p>\n\n\n\n<p class=\"wp-block-paragraph\"><strong>Santo Domingo, Rep\u00fablica Dominicana.<\/strong> \u2013 Desde marzo de 2026, MONAT opera oficialmente en Rep\u00fablica Dominicana, abriendo una nueva etapa de expansi\u00f3n para la compa\u00f1\u00eda y creando oportunidades para consumidores y emprendedores interesados en desarrollar negocios dentro de su comunidad.<\/p>\n\n\n\n<p class=\"wp-block-paragraph\">En este proceso, la empresaria dominicana <strong>Beverly Vargas<\/strong> juega un papel destacado. Con ocho a\u00f1os de trayectoria en MONAT y posicionada como una de sus principales l\u00edderes en Estados Unidos, Vargas ha convertido su experiencia en liderazgo, formaci\u00f3n de equipos y emprendimiento en una plataforma para impulsar el desarrollo de nuevos l\u00edderes en su pa\u00eds de origen.<\/p>\n\n\n\n<figure class=\"wp-block-gallery has-nested-images columns-default is-cropped wp-block-gallery-1 is-layout-flex wp-block-gallery-is-layout-flex\">\n<figure class=\"wp-block-image size-large\"><img loading=\"lazy\" decoding=\"async\" width=\"1024\" height=\"676\" data-id=\"694448\" src=\"https:\/\/diariodominicano.com\/wp-content\/uploads\/2026\/09\/Beverly-Vargas-durante-su-conferencia-1024x676.webp\" alt=\"\" class=\"wp-image-694448\" srcset=\"https:\/\/diariodominicano.com\/wp-content\/uploads\/2026\/09\/Beverly-Vargas-durante-su-conferencia-1024x676.webp 1024w, https:\/\/diariodominicano.com\/wp-content\/uploads\/2026\/09\/Beverly-Vargas-durante-su-conferencia-300x198.webp 300w, https:\/\/diariodominicano.com\/wp-content\/uploads\/2026\/09\/Beverly-Vargas-durante-su-conferencia-768x507.webp 768w, https:\/\/diariodominicano.com\/wp-content\/uploads\/2026\/09\/Beverly-Vargas-durante-su-conferencia-816x539.webp 816w, https:\/\/diariodominicano.com\/wp-content\/uploads\/2026\/09\/Beverly-Vargas-durante-su-conferencia.webp 1200w\" sizes=\"auto, (max-width: 1024px) 100vw, 1024px\" \/><\/figure>\n<\/figure>\n\n\n\n<p class=\"wp-block-paragraph\">Su participaci\u00f3n adquiri\u00f3 especial relevancia durante <strong>MONAT Together Rep\u00fablica Dominicana<\/strong>, encuentro celebrado en Hard Rock Caf\u00e9 Santo Domingo, que reuni\u00f3 a consumidores, emprendedores, Market Partners y l\u00edderes de la compa\u00f1\u00eda, y que adem\u00e1s cont\u00f3 con la participaci\u00f3n de <strong>Luis Urdaneta, CEO y cofundador de MONAT<\/strong>.<\/p>\n\n\n\n<p class=\"wp-block-paragraph\">Uno de los principales diferenciadores de la marca est\u00e1 en su filosof\u00eda <strong>Modern Nature<\/strong>, que representa la combinaci\u00f3n de naturaleza, ciencia e innovaci\u00f3n. Bajo esta visi\u00f3n, cuenta con un portafolio de productos veganos de alta calidad, desarrollado para atender diferentes necesidades relacionadas con el cabello, la salud capilar y el cuidado de la piel.<\/p>\n\n\n\n<figure class=\"wp-block-gallery has-nested-images columns-default is-cropped wp-block-gallery-2 is-layout-flex wp-block-gallery-is-layout-flex\">\n<figure class=\"wp-block-image size-large\"><img loading=\"lazy\" decoding=\"async\" width=\"1024\" height=\"1024\" data-id=\"694447\" src=\"https:\/\/diariodominicano.com\/wp-content\/uploads\/2026\/09\/Beverly-Vargas-1024x1024.webp\" alt=\"\" class=\"wp-image-694447\" srcset=\"https:\/\/diariodominicano.com\/wp-content\/uploads\/2026\/09\/Beverly-Vargas-1024x1024.webp 1024w, https:\/\/diariodominicano.com\/wp-content\/uploads\/2026\/09\/Beverly-Vargas-300x300.webp 300w, https:\/\/diariodominicano.com\/wp-content\/uploads\/2026\/09\/Beverly-Vargas-150x150.webp 150w, https:\/\/diariodominicano.com\/wp-content\/uploads\/2026\/09\/Beverly-Vargas-768x768.webp 768w, https:\/\/diariodominicano.com\/wp-content\/uploads\/2026\/09\/Beverly-Vargas-88x88.webp 88w, https:\/\/diariodominicano.com\/wp-content\/uploads\/2026\/09\/Beverly-Vargas-816x816.webp 816w, https:\/\/diariodominicano.com\/wp-content\/uploads\/2026\/09\/Beverly-Vargas.webp 1200w\" sizes=\"auto, (max-width: 1024px) 100vw, 1024px\" \/><\/figure>\n<\/figure>\n\n\n\n<p class=\"wp-block-paragraph\">Apostando por una visi\u00f3n moderna de la belleza, donde la innovaci\u00f3n y la selecci\u00f3n de ingredientes se unen para ofrecer productos orientados al cuidado y a resultados. A esta propuesta se suma una experiencia que trasciende el producto, integrando <strong>belleza, educaci\u00f3n, comunidad y emprendimiento<\/strong>.<\/p>\n\n\n\n<figure class=\"wp-block-gallery has-nested-images columns-default is-cropped wp-block-gallery-3 is-layout-flex wp-block-gallery-is-layout-flex\">\n<figure class=\"wp-block-image size-large\"><img loading=\"lazy\" decoding=\"async\" width=\"1024\" height=\"682\" data-id=\"694445\" src=\"https:\/\/diariodominicano.com\/wp-content\/uploads\/2026\/09\/Luis-Urdaneta-CEO-de-Monat-Leudin-Petit-Urdaneta-y-Beverly-Vargas-1024x682.webp\" alt=\"\" class=\"wp-image-694445\" srcset=\"https:\/\/diariodominicano.com\/wp-content\/uploads\/2026\/09\/Luis-Urdaneta-CEO-de-Monat-Leudin-Petit-Urdaneta-y-Beverly-Vargas-1024x682.webp 1024w, https:\/\/diariodominicano.com\/wp-content\/uploads\/2026\/09\/Luis-Urdaneta-CEO-de-Monat-Leudin-Petit-Urdaneta-y-Beverly-Vargas-300x200.webp 300w, https:\/\/diariodominicano.com\/wp-content\/uploads\/2026\/09\/Luis-Urdaneta-CEO-de-Monat-Leudin-Petit-Urdaneta-y-Beverly-Vargas-768x511.webp 768w, https:\/\/diariodominicano.com\/wp-content\/uploads\/2026\/09\/Luis-Urdaneta-CEO-de-Monat-Leudin-Petit-Urdaneta-y-Beverly-Vargas-816x543.webp 816w, https:\/\/diariodominicano.com\/wp-content\/uploads\/2026\/09\/Luis-Urdaneta-CEO-de-Monat-Leudin-Petit-Urdaneta-y-Beverly-Vargas.webp 1200w\" sizes=\"auto, (max-width: 1024px) 100vw, 1024px\" \/><\/figure>\n<\/figure>\n\n\n\n<p class=\"wp-block-paragraph\">Para Vargas, su regreso al escenario empresarial dominicano desde una posici\u00f3n de liderazgo internacional representa una oportunidad para compartir conocimientos y acompa\u00f1ar a quienes est\u00e1n dando sus primeros pasos como emprendedores.<\/p>\n\n\n\n<p class=\"wp-block-paragraph\">\u201cEl prop\u00f3sito va m\u00e1s all\u00e1 de comercializar productos: buscamos formar emprendedores, desarrollar liderazgo y construir una comunidad empresarial s\u00f3lida\u201d, indic\u00f3.<\/p>\n\n\n\n<p class=\"wp-block-paragraph\">La jornada sirvi\u00f3 para presentar la propuesta de la marca y, al mismo tiempo, poner en perspectiva las oportunidades que representa su llegada al mercado dominicano, donde MONAT busca ampliar su comunidad, fortalecer la formaci\u00f3n y desarrollar nuevos l\u00edderes.<\/p>\n\n\n\n<p class=\"wp-block-paragraph\">Su recorrido dentro de la marca le ha permitido desarrollar un modelo de negocio enfocado en la formaci\u00f3n, el liderazgo y la construcci\u00f3n de equipos. Ahora, esa experiencia se convierte en un elemento clave para acompa\u00f1ar el crecimiento de la comunidad de la marca en Rep\u00fablica Dominicana.<\/p>\n\n\n\n<p class=\"wp-block-paragraph\">La visi\u00f3n de Beverly trasciende la comercializaci\u00f3n de productos de belleza y cuidado personal. Su apuesta est\u00e1 enfocada en formar personas capaces de desarrollar habilidades empresariales, liderar equipos y construir sus propias oportunidades.<\/p>\n\n\n\n<p class=\"wp-block-paragraph\">Con el crecimiento de su comunidad en el pa\u00eds, MONAT contempla continuar ampliando sus espacios de formaci\u00f3n, fortaleciendo el liderazgo y generando nuevas experiencias para sus consumidores y emprendedores.<\/p>\n\n\n\n<p class=\"wp-block-paragraph\">Viryi Baldera <a href=\"mailto:viryibaldera@gmail.com\">viryibaldera@gmail.com<\/a><\/p>\n","protected":false},"excerpt":{"rendered":"<p>Con ocho a\u00f1os de trayectoria en la compa\u00f1\u00eda, la empresaria dominicana y una de las principales l\u00edderes de MONAT en Estados Unidos apuesta por desarrollar nuevos emprendedores tras la llegada oficial de la marca al pa\u00eds en marzo de 2026. Santo Domingo, Rep\u00fablica Dominicana. \u2013 Desde marzo de 2026, MONAT opera oficialmente en Rep\u00fablica Dominicana, [&hellip;]<\/p>\n","protected":false},"author":7,"featured_media":694446,"comment_status":"closed","ping_status":"closed","sticky":false,"template":"","format":"standard","meta":{"footnotes":""},"categories":[25],"tags":[8218,8219],"class_list":["post-694408","post","type-post","status-publish","format-standard","has-post-thumbnail","hentry","category-gente","tag-beverly-vargas","tag-monat"],"_links":{"self":[{"href":"https:\/\/diariodominicano.com\/index.php?rest_route=\/wp\/v2\/posts\/694408","targetHints":{"allow":["GET"]}}],"collection":[{"href":"https:\/\/diariodominicano.com\/index.php?rest_route=\/wp\/v2\/posts"}],"about":[{"href":"https:\/\/diariodominicano.com\/index.php?rest_route=\/wp\/v2\/types\/post"}],"author":[{"embeddable":true,"href":"https:\/\/diariodominicano.com\/index.php?rest_route=\/wp\/v2\/users\/7"}],"replies":[{"embeddable":true,"href":"https:\/\/diariodominicano.com\/index.php?rest_route=%2Fwp%2Fv2%2Fcomments&post=694408"}],"version-history":[{"count":1,"href":"https:\/\/diariodominicano.com\/index.php?rest_route=\/wp\/v2\/posts\/694408\/revisions"}],"predecessor-version":[{"id":694454,"href":"https:\/\/diariodominicano.com\/index.php?rest_route=\/wp\/v2\/posts\/694408\/revisions\/694454"}],"wp:featuredmedia":[{"embeddable":true,"href":"https:\/\/diariodominicano.com\/index.php?rest_route=\/wp\/v2\/media\/694446"}],"wp:attachment":[{"href":"https:\/\/diariodominicano.com\/index.php?rest_route=%2Fwp%2Fv2%2Fmedia&parent=694408"}],"wp:term":[{"taxonomy":"category","embeddable":true,"href":"https:\/\/diariodominicano.com\/index.php?rest_route=%2Fwp%2Fv2%2Fcategories&post=694408"},{"taxonomy":"post_tag","embeddable":true,"href":"https:\/\/diariodominicano.com\/index.php?rest_route=%2Fwp%2Fv2%2Ftags&post=694408"}],"curies":[{"name":"wp","href":"https:\/\/api.w.org\/{rel}","templated":true}]}}