{"id":694407,"date":"2026-09-03T01:17:10","date_gmt":"2026-09-03T05:17:10","guid":{"rendered":"https:\/\/diariodominicano.com\/?p=694407"},"modified":"2026-09-03T01:17:13","modified_gmt":"2026-09-03T05:17:13","slug":"hombre-debera-cumplir-20-anos-de-prision-por-violar-sexualmente-a-una-adolescente-en-sde","status":"publish","type":"post","link":"https:\/\/diariodominicano.com\/?p=694407","title":{"rendered":"Hombre deber\u00e1 cumplir 20 a\u00f1os de prisi\u00f3n por violar sexualmente a una adolescente en SDE"},"content":{"rendered":"\n<p class=\"wp-block-paragraph\"><strong>SANTO DOMINGO (Rep\u00fablica Dominicana).-<\/strong>&nbsp;A petici\u00f3n del Ministerio P\u00fablico, un tribunal conden\u00f3 a un hombre a 20 a\u00f1os de prisi\u00f3n por haber violado sexualmente a una adolescente, en un hecho ocurrido en el sector Brisas del Este, del municipio Santo Domingo Este, en el a\u00f1o 2025.<\/p>\n\n\n\n<p class=\"wp-block-paragraph\">El procesado Fraynel Odalis Ferreras Sosa (Frander) fue condenado al demostrar el \u00f3rgano acusador ante el Segundo Tribunal Colegiado de Santo Domingo Este los da\u00f1os causados a la joven de 15 a\u00f1os de edad.<\/p>\n\n\n\n<p class=\"wp-block-paragraph\">La investigaci\u00f3n, realizada por la fiscal Maribel Fern\u00e1ndez, indica que el 8 de mayo de 2025, la progenitora de la v\u00edctima manifest\u00f3 a trav\u00e9s de una denuncia que su hija le cont\u00f3 que hac\u00eda un a\u00f1o \u201cun tal Frandy\u201d la viol\u00f3 sexualmente en la casa de una amiga.<\/p>\n\n\n\n<p class=\"wp-block-paragraph\">El expediente detalla que la v\u00edctima le pidi\u00f3 permiso a su madre para ir a hacer una tarea a la casa de su amiga. Se\u00f1ala que, una vez en el lugar, su amiga la dej\u00f3 sola para ir al colmado, momento que aprovech\u00f3 Fraynel Odalis Ferreras Sosa (Frander) para violarla sexualmente.<\/p>\n\n\n\n<p class=\"wp-block-paragraph\">La madre explic\u00f3 que la adolescente present\u00f3 cambios en su comportamiento, que la notaba m\u00e1s callada y violenta, por lo que decidi\u00f3 llevar a sus dos hijas al m\u00e9dico. Despu\u00e9s de la consulta la joven sali\u00f3 llorando y le cont\u00f3 a su madre todo lo ocurrido.<\/p>\n\n\n\n<p class=\"wp-block-paragraph\">Ante la denuncia, el Ministerio P\u00fablico procedi\u00f3 con las investigaciones del caso. Tras corroborar la veracidad de los acontecimientos, en el proceso penal fueron aportadas diferentes pruebas testimoniales, periciales, procesales y documentales, as\u00ed como un informe de una evaluaci\u00f3n psicol\u00f3gica realizada a la v\u00edctima.<\/p>\n\n\n\n<p class=\"wp-block-paragraph\">Durante el juicio, la fiscal litigante Ana Basora mostr\u00f3 al tribunal los elementos probatorios que demuestran la responsabilidad penal del hoy condenado.<\/p>\n\n\n\n<p class=\"wp-block-paragraph\">Los jueces del Segundo Tribunal Colegiado de Santo Domingo Este, Josefina Ubiera Guerrero (presidenta), Isa\u00edas R. Mart\u00ednez P. y Ana Miledys Taveras (miembros), ordenaron el cumplimiento de la sentencia en el Centro de Correcci\u00f3n y Rehabilitaci\u00f3n (CCR) Najayo Hombres, en la provincia San Crist\u00f3bal.<\/p>\n\n\n\n<p class=\"wp-block-paragraph\">Ferreras Sosa fue hallado culpable de violar el art\u00edculo 331 del antiguo C\u00f3digo Penal Dominicano, modificado por la Ley 24-97 sobre Violencia de G\u00e9nero, que tipifican y sancionan la violaci\u00f3n sexual, as\u00ed como los art\u00edculos 12, 15 y 18 y 396 del C\u00f3digo para la Protecci\u00f3n y los Derechos Fundamentales de Ni\u00f1os, Ni\u00f1as y Adolescentes (Ley 136-03).<\/p>\n\n\n\n<p class=\"wp-block-paragraph\"><strong>Direcci\u00f3n General de Comunicaci\u00f3n, Prensa y RRPP<\/strong><\/p>\n\n\n\n<p class=\"wp-block-paragraph\"><strong>Ministerio P\u00fablico RD<\/strong><\/p>\n\n\n\n<p class=\"wp-block-paragraph\">Comunicaciones PGR <a href=\"mailto:comunicaciones@pgr.gob.do\">comunicaciones@pgr.gob.do<\/a><\/p>\n","protected":false},"excerpt":{"rendered":"<p>SANTO DOMINGO (Rep\u00fablica Dominicana).-&nbsp;A petici\u00f3n del Ministerio P\u00fablico, un tribunal conden\u00f3 a un hombre a 20 a\u00f1os de prisi\u00f3n por haber violado sexualmente a una adolescente, en un hecho ocurrido en el sector Brisas del Este, del municipio Santo Domingo Este, en el a\u00f1o 2025. El procesado Fraynel Odalis Ferreras Sosa (Frander) fue condenado al [&hellip;]<\/p>\n","protected":false},"author":7,"featured_media":620351,"comment_status":"closed","ping_status":"closed","sticky":false,"template":"","format":"standard","meta":{"footnotes":""},"categories":[24],"tags":[8211,171],"class_list":["post-694407","post","type-post","status-publish","format-standard","has-post-thumbnail","hentry","category-justicia-y-derecho","tag-fiscalia-sde-2","tag-ministerio-publico"],"_links":{"self":[{"href":"https:\/\/diariodominicano.com\/index.php?rest_route=\/wp\/v2\/posts\/694407","targetHints":{"allow":["GET"]}}],"collection":[{"href":"https:\/\/diariodominicano.com\/index.php?rest_route=\/wp\/v2\/posts"}],"about":[{"href":"https:\/\/diariodominicano.com\/index.php?rest_route=\/wp\/v2\/types\/post"}],"author":[{"embeddable":true,"href":"https:\/\/diariodominicano.com\/index.php?rest_route=\/wp\/v2\/users\/7"}],"replies":[{"embeddable":true,"href":"https:\/\/diariodominicano.com\/index.php?rest_route=%2Fwp%2Fv2%2Fcomments&post=694407"}],"version-history":[{"count":1,"href":"https:\/\/diariodominicano.com\/index.php?rest_route=\/wp\/v2\/posts\/694407\/revisions"}],"predecessor-version":[{"id":694431,"href":"https:\/\/diariodominicano.com\/index.php?rest_route=\/wp\/v2\/posts\/694407\/revisions\/694431"}],"wp:featuredmedia":[{"embeddable":true,"href":"https:\/\/diariodominicano.com\/index.php?rest_route=\/wp\/v2\/media\/620351"}],"wp:attachment":[{"href":"https:\/\/diariodominicano.com\/index.php?rest_route=%2Fwp%2Fv2%2Fmedia&parent=694407"}],"wp:term":[{"taxonomy":"category","embeddable":true,"href":"https:\/\/diariodominicano.com\/index.php?rest_route=%2Fwp%2Fv2%2Fcategories&post=694407"},{"taxonomy":"post_tag","embeddable":true,"href":"https:\/\/diariodominicano.com\/index.php?rest_route=%2Fwp%2Fv2%2Ftags&post=694407"}],"curies":[{"name":"wp","href":"https:\/\/api.w.org\/{rel}","templated":true}]}}