{"id":694406,"date":"2026-09-03T01:10:13","date_gmt":"2026-09-03T05:10:13","guid":{"rendered":"https:\/\/diariodominicano.com\/?p=694406"},"modified":"2026-09-03T01:10:31","modified_gmt":"2026-09-03T05:10:31","slug":"gano-bronce-en-los-panam-del-2003-y-doble-de-plata-juegos-centroamericanos","status":"publish","type":"post","link":"https:\/\/diariodominicano.com\/?p=694406","title":{"rendered":"Gan\u00f3 bronce en los Panam del 2003 y doble de plata Juegos Centroamericanos"},"content":{"rendered":"\n<p class=\"wp-block-paragraph\">Pabell\u00f3n de la Fama anuncia elecci\u00f3n y su exaltaci\u00f3n para el domingo 15 de noviembre<\/p>\n\n\n\n<p class=\"wp-block-paragraph\">SANTO DOMINGO. Cuando Ra\u00fal Aguayo obtuvo bronce en 2003, entr\u00f3 a la historia del deporte como el primer dominicano en ganar medalla en un evento oficial (Juegos Panamericanos o Centroamericanos y del Caribe)<\/p>\n\n\n\n<p class=\"wp-block-paragraph\">Tres a\u00f1os despu\u00e9s revivi\u00f3 tal haza\u00f1a como el primer medallista en Juegos Centroamericanos, con la plata obtenida en la versi\u00f3n regional de Cartagena de Indias 2006, Colombia. En los Panam del 2003 logr\u00f3 el bronce por equipos en la Clase de Sunfish.<\/p>\n\n\n\n<figure class=\"wp-block-image\"><img decoding=\"async\" src=\"https:\/\/diariodominicano.com\/wp-content\/uploads\/2026\/09\/Cuando-Raul-Aguayo-Gano-bronce-en-Panam-del-2003-y-doble-de-plata-Juegos-Centroamericanos-1-728x1024.webp\" alt=\"La imagen actual no tiene texto alternativo. El nombre del archivo es: Cuando-Raul-Aguayo-Gano-bronce-en-Panam-del-2003-y-doble-de-plata-Juegos-Centroamericanos-1.webp\"\/><\/figure>\n\n\n\n<p class=\"wp-block-paragraph\">Y el 15 de noviembre volver\u00e1 a ser un pionero de su disciplina como el primer velerista inmortal del Deporte Dominicano.<\/p>\n\n\n\n<p class=\"wp-block-paragraph\">Aguayo, de 45 a\u00f1os (Santo Domingo, 9 de abril de 1981), se anotar\u00e1 ese hito en del Ceremonial Especial del Pabell\u00f3n, en ocasi\u00f3n de su 60 aniversario, manifest\u00f3 el presidente del Pabell\u00f3n de la Fama, doctor Dionisio Guzm\u00e1n.<\/p>\n\n\n\n<p class=\"wp-block-paragraph\">Record\u00f3 que el Ceremonial de la Clase 2026 se realizar\u00e1 durante la ma\u00f1ana del 15 de noviembre en el auditorio del Pabell\u00f3n, con sede en el Centro Ol\u00edmpico Juan Pablo Duarte.<\/p>\n\n\n\n<p class=\"wp-block-paragraph\">Las preseas de plata ganadas por Aguayo en los Juegos Deportivos Centroamericanos y del Caribe, en Cartagena de Indias 2006 y Mayag\u00fcez 2010, fueron en clase l\u00e1ser Standard masculino.<\/p>\n\n\n\n<p class=\"wp-block-paragraph\">Aguayo se sumergi\u00f3 en las aguas de Juan doli\u00f3 y all\u00ed comenz\u00f3 su pasi\u00f3n por el deporte acu\u00e1tico, junto a su padres Alfonso, viv\u00edan y sus hermanos Jorge, Mar\u00eda Laura y Mar\u00eda Elena Aguayo Saladin.<\/p>\n\n\n\n<p class=\"wp-block-paragraph\">En ese mismo litoral, incluyendo a Bocha Chica, motivado en 1994 por su cu\u00f1ado Jes\u00fas Manuel Feris, inicia de manera formal la pr\u00e1ctica de la vela ligera a nivel mundial.&nbsp;<\/p>\n\n\n\n<p class=\"wp-block-paragraph\">Un a\u00f1o despu\u00e9s y sin ninguna experiencia competitiva, la Asociaci\u00f3n Dominicana de Surfing lo invita a formar parte del equipo nacional que compiti\u00f3 en el Campeonato Mundial de Surfish de \u00c1baco, Bahamas.<\/p>\n\n\n\n<p class=\"wp-block-paragraph\">Se dedic\u00f3 m\u00e1s lleno al deporte a partir del 2004 una vez se gradu\u00f3 de ingeniero el\u00e9ctrico Summa Cum Laude en INTEC, mud\u00e1ndose de la modalidad de surfing a la Clase L\u00e1ser.<\/p>\n\n\n\n<p class=\"wp-block-paragraph\">En 2008, durante la cita de Beijing (China), Aguayo tambi\u00e9n se convirti\u00f3 en el primer velerista dominicano que compet\u00eda en unos Juegos Ol\u00edmpicos.<\/p>\n\n\n\n<p class=\"wp-block-paragraph\">Fue miembro de la selecci\u00f3n de vela del 1995 al 2015, espacio en que fue premiado en ocho ocasiones como Atleta de Vela del A\u00f1o del Comit\u00e9 Ol\u00edmpico Dominicano.<\/p>\n\n\n\n<p class=\"wp-block-paragraph\">Con Aguayo, este a\u00f1o tambi\u00e9n ser\u00e1n exaltados los propulsores V\u00edctor Pascual, Julio Cross, Agust\u00edn Brea, Domingo Saint Hilaire, H\u00e9ctor B\u00e1ez, Andr\u00e9s Vander Horst, Jos\u00e9 Ram\u00f3n -Cuqui- Reyes y F\u00e9lix Ogando.<\/p>\n\n\n\n<p class=\"wp-block-paragraph\">Los ex peloteros Dar\u00edo Veras, Alex Rodr\u00edguez, Rafael Soriano, Ricardo Joseph y Johnny Olivo (amateur), Winston Royal y H\u00e9ctor Baez, en baloncesto, el softbolista Euclides Solano, la pesista Yuderqui Contreras, Mariano Reyes, en atletismo y la judoca Mar\u00eda Garc\u00eda.<\/p>\n\n\n\n<p class=\"wp-block-paragraph\">EL DATO<\/p>\n\n\n\n<p class=\"wp-block-paragraph\">Los reportes indican que s\u00f3lo tres dominicanos, incluyendo a Ra\u00fal&nbsp; Aguayo, hab\u00edan ganado medalla en eventos oficiales del Ciclo Ol\u00edmpico Internacional en la disciplina de vela. Deury Corniel obtuvo oro en la modalidad Kitesurf durante los Juegos Ol\u00edmpicos de la Juventud de Buenos Aires 2018, Argentina. Mientras, Samuel P\u00e9rez conquist\u00f3 la plata en la especialidad iQ Foil de los Juegos Centroamericanos y del Caribe de Mar y Playa de Santa Marta, Colombia.<\/p>\n\n\n\n<p class=\"wp-block-paragraph\">Prensa Pabellon <a href=\"mailto:pabellonprensa33@gmail.com\">pabellonprensa33@gmail.com<\/a><\/p>\n","protected":false},"excerpt":{"rendered":"<p>Pabell\u00f3n de la Fama anuncia elecci\u00f3n y su exaltaci\u00f3n para el domingo 15 de noviembre SANTO DOMINGO. Cuando Ra\u00fal Aguayo obtuvo bronce en 2003, entr\u00f3 a la historia del deporte como el primer dominicano en ganar medalla en un evento oficial (Juegos Panamericanos o Centroamericanos y del Caribe) Tres a\u00f1os despu\u00e9s revivi\u00f3 tal haza\u00f1a como [&hellip;]<\/p>\n","protected":false},"author":7,"featured_media":694424,"comment_status":"closed","ping_status":"closed","sticky":false,"template":"","format":"standard","meta":{"footnotes":""},"categories":[17],"tags":[7424,8208,2355,8209],"class_list":["post-694406","post","type-post","status-publish","format-standard","has-post-thumbnail","hentry","category-deportes","tag-centroamericanos-y-del-caribe","tag-juegos-centroamericanos","tag-panam","tag-raul-aguayo"],"_links":{"self":[{"href":"https:\/\/diariodominicano.com\/index.php?rest_route=\/wp\/v2\/posts\/694406","targetHints":{"allow":["GET"]}}],"collection":[{"href":"https:\/\/diariodominicano.com\/index.php?rest_route=\/wp\/v2\/posts"}],"about":[{"href":"https:\/\/diariodominicano.com\/index.php?rest_route=\/wp\/v2\/types\/post"}],"author":[{"embeddable":true,"href":"https:\/\/diariodominicano.com\/index.php?rest_route=\/wp\/v2\/users\/7"}],"replies":[{"embeddable":true,"href":"https:\/\/diariodominicano.com\/index.php?rest_route=%2Fwp%2Fv2%2Fcomments&post=694406"}],"version-history":[{"count":1,"href":"https:\/\/diariodominicano.com\/index.php?rest_route=\/wp\/v2\/posts\/694406\/revisions"}],"predecessor-version":[{"id":694429,"href":"https:\/\/diariodominicano.com\/index.php?rest_route=\/wp\/v2\/posts\/694406\/revisions\/694429"}],"wp:featuredmedia":[{"embeddable":true,"href":"https:\/\/diariodominicano.com\/index.php?rest_route=\/wp\/v2\/media\/694424"}],"wp:attachment":[{"href":"https:\/\/diariodominicano.com\/index.php?rest_route=%2Fwp%2Fv2%2Fmedia&parent=694406"}],"wp:term":[{"taxonomy":"category","embeddable":true,"href":"https:\/\/diariodominicano.com\/index.php?rest_route=%2Fwp%2Fv2%2Fcategories&post=694406"},{"taxonomy":"post_tag","embeddable":true,"href":"https:\/\/diariodominicano.com\/index.php?rest_route=%2Fwp%2Fv2%2Ftags&post=694406"}],"curies":[{"name":"wp","href":"https:\/\/api.w.org\/{rel}","templated":true}]}}