{"id":694405,"date":"2026-09-03T00:59:45","date_gmt":"2026-09-03T04:59:45","guid":{"rendered":"https:\/\/diariodominicano.com\/?p=694405"},"modified":"2026-09-03T01:18:51","modified_gmt":"2026-09-03T05:18:51","slug":"proedemaren-se-une-a-otras-instituciones-en-programa-de-concienciacion-hablemos-de-ruido","status":"publish","type":"post","link":"https:\/\/diariodominicano.com\/?p=694405","title":{"rendered":"Procuradur\u00eda Especializada para la Defensa del Medio Ambiente y los Recursos Naturales se une a otras instituciones en programa de concienciaci\u00f3n \u201cHablemos de Ruido\u201d"},"content":{"rendered":"\n<p class=\"wp-block-paragraph\"><em><u>Las jornadas tienen como objetivo fomentar una convivencia pac\u00edfica y rescatar la paz en los espacios p\u00fablicos<\/u><\/em><\/p>\n\n\n\n<p class=\"wp-block-paragraph\"><strong>SANTO DOMINGO (Rep\u00fablica Dominicana). &#8211;<\/strong>La Procuradur\u00eda Especializada para la Defensa del Medio Ambiente y los Recursos Naturales (Proedemaren) participa, junto al Ministerio de Interior y Polic\u00eda, la Direcci\u00f3n contra el Ruido de la Polic\u00eda Nacional y las Juntas de Vecinos contra el Ruido, en el programa de concientizaci\u00f3n \u201cHablemos de Ruido\u201d, el cual fomenta una convivencia pac\u00edfica para rescatar la paz en los espacios p\u00fablicos y las comunidades.<\/p>\n\n\n\n<p class=\"wp-block-paragraph\">Las jornadas de concienciaci\u00f3n, que se han estado desarrollando en barrios y sectores del Gran Santo Domingo, y en otros puntos del pa\u00eds, las encabezan el procurador titular de la Proedemaren, Francisco Contreras N\u00fa\u00f1ez, y el director general de Prevenci\u00f3n de esta procuradur\u00eda especializada, \u00c1ngel Gomera.<\/p>\n\n\n\n<figure class=\"wp-block-gallery has-nested-images columns-default is-cropped wp-block-gallery-1 is-layout-flex wp-block-gallery-is-layout-flex\">\n<figure class=\"wp-block-image size-large\"><img loading=\"lazy\" decoding=\"async\" width=\"1024\" height=\"793\" data-id=\"694422\" src=\"https:\/\/diariodominicano.com\/wp-content\/uploads\/2026\/09\/Proedemaren-se-une-a-otras-instituciones-programa-de-concienciacion-Hablemos-de-Ruido-1024x793.webp\" alt=\"\" class=\"wp-image-694422\" srcset=\"https:\/\/diariodominicano.com\/wp-content\/uploads\/2026\/09\/Proedemaren-se-une-a-otras-instituciones-programa-de-concienciacion-Hablemos-de-Ruido-1024x793.webp 1024w, https:\/\/diariodominicano.com\/wp-content\/uploads\/2026\/09\/Proedemaren-se-une-a-otras-instituciones-programa-de-concienciacion-Hablemos-de-Ruido-300x232.webp 300w, https:\/\/diariodominicano.com\/wp-content\/uploads\/2026\/09\/Proedemaren-se-une-a-otras-instituciones-programa-de-concienciacion-Hablemos-de-Ruido-768x595.webp 768w, https:\/\/diariodominicano.com\/wp-content\/uploads\/2026\/09\/Proedemaren-se-une-a-otras-instituciones-programa-de-concienciacion-Hablemos-de-Ruido-816x632.webp 816w, https:\/\/diariodominicano.com\/wp-content\/uploads\/2026\/09\/Proedemaren-se-une-a-otras-instituciones-programa-de-concienciacion-Hablemos-de-Ruido.webp 1200w\" sizes=\"auto, (max-width: 1024px) 100vw, 1024px\" \/><\/figure>\n<\/figure>\n\n\n\n<p class=\"wp-block-paragraph\">Tambi\u00e9n, la coordinadora del colectivo Vecinos Contra el Ruido, Rossemary Bonifacio; el coronel Glauco Mercedes, comandante de Antirruidos de la Polic\u00eda Nacional, y Wendy Zapata, directora de Denuncias del Ministerio de Interior y Polic\u00eda.<\/p>\n\n\n\n<p class=\"wp-block-paragraph\">A trav\u00e9s de \u201cHablemos de Ruido\u201d, las autoridades han sostenido encuentros con miembros de juntas de vecinos, l\u00edderes sociales y comunitarios, due\u00f1os de establecimientos comerciales y ciudadanos de los sectores de Cristo Rey, Don Bosco y Ensanche Luper\u00f3n, del Distrito Nacional, as\u00ed como en el sector Primaveral, en Villa Mella, Santo Domingo Norte, y de otras localidades a nivel nacional.<\/p>\n\n\n\n<figure class=\"wp-block-gallery has-nested-images columns-default is-cropped wp-block-gallery-2 is-layout-flex wp-block-gallery-is-layout-flex\">\n<figure class=\"wp-block-image size-large\"><img loading=\"lazy\" decoding=\"async\" width=\"1024\" height=\"880\" data-id=\"694421\" src=\"https:\/\/diariodominicano.com\/wp-content\/uploads\/2026\/09\/Proedemaren-se-une-a-otras-instituciones-en-programa-de-concienciacion-Hablemos-de-Ruido-1024x880.webp\" alt=\"\" class=\"wp-image-694421\" srcset=\"https:\/\/diariodominicano.com\/wp-content\/uploads\/2026\/09\/Proedemaren-se-une-a-otras-instituciones-en-programa-de-concienciacion-Hablemos-de-Ruido-1024x880.webp 1024w, https:\/\/diariodominicano.com\/wp-content\/uploads\/2026\/09\/Proedemaren-se-une-a-otras-instituciones-en-programa-de-concienciacion-Hablemos-de-Ruido-300x258.webp 300w, https:\/\/diariodominicano.com\/wp-content\/uploads\/2026\/09\/Proedemaren-se-une-a-otras-instituciones-en-programa-de-concienciacion-Hablemos-de-Ruido-768x660.webp 768w, https:\/\/diariodominicano.com\/wp-content\/uploads\/2026\/09\/Proedemaren-se-une-a-otras-instituciones-en-programa-de-concienciacion-Hablemos-de-Ruido-816x701.webp 816w, https:\/\/diariodominicano.com\/wp-content\/uploads\/2026\/09\/Proedemaren-se-une-a-otras-instituciones-en-programa-de-concienciacion-Hablemos-de-Ruido.webp 1200w\" sizes=\"auto, (max-width: 1024px) 100vw, 1024px\" \/><\/figure>\n<\/figure>\n\n\n\n<p class=\"wp-block-paragraph\">En estos encuentros, Contreras, como representante del Ministerio P\u00fablico, ha resaltado la importancia de actuar apegados a la Ley 64-00 sobre Medio Ambiente y la Ley 90-19 (que modifica la Ley 287-04 sobre prevenci\u00f3n de ruidos nocivos), resaltando con ello la necesidad de orientar a cada miembro de la comunidad sobre las repercusiones que causa este tipo de delito contra el medio ambiente.<\/p>\n\n\n\n<figure class=\"wp-block-gallery has-nested-images columns-default is-cropped wp-block-gallery-3 is-layout-flex wp-block-gallery-is-layout-flex\">\n<figure class=\"wp-block-image size-large\"><img loading=\"lazy\" decoding=\"async\" width=\"1024\" height=\"596\" data-id=\"694419\" src=\"https:\/\/diariodominicano.com\/wp-content\/uploads\/2026\/09\/Proedemaren-se-une-a-instituciones-en-programa-de-concienciacion-Hablemos-de-Ruido-1024x596.webp\" alt=\"\" class=\"wp-image-694419\" srcset=\"https:\/\/diariodominicano.com\/wp-content\/uploads\/2026\/09\/Proedemaren-se-une-a-instituciones-en-programa-de-concienciacion-Hablemos-de-Ruido-1024x596.webp 1024w, https:\/\/diariodominicano.com\/wp-content\/uploads\/2026\/09\/Proedemaren-se-une-a-instituciones-en-programa-de-concienciacion-Hablemos-de-Ruido-300x175.webp 300w, https:\/\/diariodominicano.com\/wp-content\/uploads\/2026\/09\/Proedemaren-se-une-a-instituciones-en-programa-de-concienciacion-Hablemos-de-Ruido-768x447.webp 768w, https:\/\/diariodominicano.com\/wp-content\/uploads\/2026\/09\/Proedemaren-se-une-a-instituciones-en-programa-de-concienciacion-Hablemos-de-Ruido-816x475.webp 816w, https:\/\/diariodominicano.com\/wp-content\/uploads\/2026\/09\/Proedemaren-se-une-a-instituciones-en-programa-de-concienciacion-Hablemos-de-Ruido.webp 1200w\" sizes=\"auto, (max-width: 1024px) 100vw, 1024px\" \/><\/figure>\n<\/figure>\n\n\n\n<p class=\"wp-block-paragraph\">En las jornadas se orient\u00f3 a los participantes sobre la importancia de mantener los niveles de sonido dentro de los par\u00e1metros permitidos por la ley. Tambi\u00e9n, \u201ca crear conciencia sobre los peligros que conlleva vivir sin respetar las leyes de convivencia y c\u00f3mo esto puede impactar nuestra salud y bienestar\u201d.<\/p>\n\n\n\n<p class=\"wp-block-paragraph\">Contreras tambi\u00e9n llam\u00f3 a los miembros de cada comunidad a contribuir con los operativos preventivos que realiza la Proedemaren, junto a las diferentes instituciones que trabajan en la preservaci\u00f3n del medio ambiente, as\u00ed como tambi\u00e9n a denunciar los delitos ambientales.<\/p>\n\n\n\n<p class=\"wp-block-paragraph\"><strong>Direcci\u00f3n General de Comunicaci\u00f3n, Prensa, y RRPP<\/strong><\/p>\n\n\n\n<p class=\"wp-block-paragraph\">Ministerio P\u00fablico.&nbsp;R.D.<\/p>\n\n\n\n<p class=\"wp-block-paragraph\">Comunicaciones PGR <a href=\"mailto:comunicaciones@pgr.gob.do\">comunicaciones@pgr.gob.do<\/a><\/p>\n","protected":false},"excerpt":{"rendered":"<p>Las jornadas tienen como objetivo fomentar una convivencia pac\u00edfica y rescatar la paz en los espacios p\u00fablicos SANTO DOMINGO (Rep\u00fablica Dominicana). &#8211;La Procuradur\u00eda Especializada para la Defensa del Medio Ambiente y los Recursos Naturales (Proedemaren) participa, junto al Ministerio de Interior y Polic\u00eda, la Direcci\u00f3n contra el Ruido de la Polic\u00eda Nacional y las Juntas [&hellip;]<\/p>\n","protected":false},"author":7,"featured_media":694420,"comment_status":"open","ping_status":"closed","sticky":false,"template":"","format":"standard","meta":{"footnotes":""},"categories":[24],"tags":[171,328],"class_list":["post-694405","post","type-post","status-publish","format-standard","has-post-thumbnail","hentry","category-justicia-y-derecho","tag-ministerio-publico","tag-proedemaren"],"_links":{"self":[{"href":"https:\/\/diariodominicano.com\/index.php?rest_route=\/wp\/v2\/posts\/694405","targetHints":{"allow":["GET"]}}],"collection":[{"href":"https:\/\/diariodominicano.com\/index.php?rest_route=\/wp\/v2\/posts"}],"about":[{"href":"https:\/\/diariodominicano.com\/index.php?rest_route=\/wp\/v2\/types\/post"}],"author":[{"embeddable":true,"href":"https:\/\/diariodominicano.com\/index.php?rest_route=\/wp\/v2\/users\/7"}],"replies":[{"embeddable":true,"href":"https:\/\/diariodominicano.com\/index.php?rest_route=%2Fwp%2Fv2%2Fcomments&post=694405"}],"version-history":[{"count":2,"href":"https:\/\/diariodominicano.com\/index.php?rest_route=\/wp\/v2\/posts\/694405\/revisions"}],"predecessor-version":[{"id":694433,"href":"https:\/\/diariodominicano.com\/index.php?rest_route=\/wp\/v2\/posts\/694405\/revisions\/694433"}],"wp:featuredmedia":[{"embeddable":true,"href":"https:\/\/diariodominicano.com\/index.php?rest_route=\/wp\/v2\/media\/694420"}],"wp:attachment":[{"href":"https:\/\/diariodominicano.com\/index.php?rest_route=%2Fwp%2Fv2%2Fmedia&parent=694405"}],"wp:term":[{"taxonomy":"category","embeddable":true,"href":"https:\/\/diariodominicano.com\/index.php?rest_route=%2Fwp%2Fv2%2Fcategories&post=694405"},{"taxonomy":"post_tag","embeddable":true,"href":"https:\/\/diariodominicano.com\/index.php?rest_route=%2Fwp%2Fv2%2Ftags&post=694405"}],"curies":[{"name":"wp","href":"https:\/\/api.w.org\/{rel}","templated":true}]}}