{"id":694385,"date":"2026-09-02T21:08:43","date_gmt":"2026-09-03T01:08:43","guid":{"rendered":"https:\/\/diariodominicano.com\/?p=694385"},"modified":"2026-09-02T21:08:56","modified_gmt":"2026-09-03T01:08:56","slug":"embajadora-de-los-estados-unidos-ofrece-recepcion-para-celebrar-que-la-republica-dominicana-se-una-al-consenso-de-ginebra","status":"publish","type":"post","link":"https:\/\/diariodominicano.com\/?p=694385","title":{"rendered":"Embajadora de los Estados Unidos ofrece recepci\u00f3n para celebrar que la Rep\u00fablica Dominicana se una al Consenso de Ginebra"},"content":{"rendered":"\n<p class=\"wp-block-paragraph\">diariodominicano.com<\/p>\n\n\n\n<p class=\"wp-block-paragraph\"><strong>Santo Domingo, <\/strong>R. D., 2 de septiembre, 2026.-  La embajadora de los Estados Unidos, Leah F. Campos, celebr\u00f3 este mi\u00e9rcoles la incorporaci\u00f3n de la Rep\u00fablica Dominicana a la coalici\u00f3n de la Declaraci\u00f3n de Consenso de Ginebra, durante una recepci\u00f3n ofrecida en su residencia tras la firma de un Acuerdo de Adhesi\u00f3n en el Ministerio de Relaciones Exteriores.\u00a0<\/p>\n\n\n\n<p class=\"wp-block-paragraph\">\u201cLa Declaraci\u00f3n del Consenso de Ginebra trata sobre la soberan\u00eda. Se trata de hacer frente a las presiones de las grandes ONG globalistas y las organizaciones multilaterales que han utilizado sus considerables recursos e influencia para presionar a los pa\u00edses m\u00e1s peque\u00f1os o m\u00e1s pobres a que traicionen sus valores y su identidad nacional mediante la implementaci\u00f3n de ideolog\u00edas que destruyen vidas, familias y la esencia misma de los pa\u00edses que defienden la vida y la familia\u201d, expres\u00f3 Campos.&nbsp;<\/p>\n\n\n\n<p class=\"wp-block-paragraph\">La embajadora destac\u00f3 adem\u00e1s el liderazgo de los Estados Unidos como miembro fundador de la iniciativa en 2020 y que actualmente tiene Secretar\u00eda de la coalici\u00f3n desde junio de este a\u00f1o. La Declaraci\u00f3n del Consenso de Ginebra promueve la salud y las oportunidades de las mujeres, la protecci\u00f3n de la vida y el fortalecimiento de la familia, y defiende la facultad soberana de cada naci\u00f3n de establecer sus pol\u00edticas de acuerdo con sus propios procesos legislativos y prioridades nacionales.&nbsp;<\/p>\n\n\n\n<p class=\"wp-block-paragraph\">En la recepci\u00f3n participaron el ministro de Relaciones Exteriores, V\u00edctor \u201cIto\u201d Bison\u00f3 Haza; el ministro de Salud P\u00fablica, V\u00edctor Atallah; y la secretaria de la Declaraci\u00f3n de Consenso de Ginebra y directora de la Oficina de Asuntos Globales de Salud y Servicios Humanos de los Estados Unidos (HHS), la se\u00f1ora Bethany Kozma, quien viaj\u00f3 desde Washington para participar en las actividades relacionadas con la adhesi\u00f3n. Asimismo, cont\u00f3 con la presencia de representantes de la Iglesia cat\u00f3lica y de otras comunidades religiosas, de la sociedad civil y de la prensa.&nbsp;<\/p>\n\n\n\n<p class=\"wp-block-paragraph\">La embajadora Campos reconoci\u00f3 de manera especial la labor de varias organizaciones dominicanas que han promovido la protecci\u00f3n de la vida y el fortalecimiento de la familia, tales como el Foro de Mujeres en Defensa de la Vida y la Familia (FOMUDEVI), Grupo Acci\u00f3n Cristiana, Movimiento Matrimonio Feliz y Juventud con una Misi\u00f3n (JUCUM).&nbsp;<\/p>\n\n\n\n<p class=\"wp-block-paragraph\">La embajadora record\u00f3 que representantes de estas cuatro organizaciones estuvieron entre sus primeros invitados oficiales a la residencia tras su llegada al pa\u00eds y agradeci\u00f3 sus esfuerzos en favor de estos principios y la defensa a la vida desde la concepci\u00f3n.<\/p>\n\n\n\n<p class=\"wp-block-paragraph\">Con la incorporaci\u00f3n de la Rep\u00fablica Dominicana, la coalici\u00f3n re\u00fane a 43 pa\u00edses, que, seg\u00fan destac\u00f3 la embajadora Campos, representan alrededor de 2,000 millones de personas en los cinco continentes, unidos en torno a la promoci\u00f3n de la salud de la mujer, la protecci\u00f3n de la vida y la familia, y el respeto a la soberan\u00eda nacional.&nbsp;<\/p>\n\n\n\n<figure class=\"wp-block-table\"><table class=\"has-fixed-layout\"><tbody><tr><td><strong>Embajada de los EE. UU. en Santo Domingo<\/strong><br><strong>Departamento de Prensa<\/strong>\u00a0<\/td><\/tr><\/tbody><\/table><\/figure>\n","protected":false},"excerpt":{"rendered":"<p>diariodominicano.com Santo Domingo, R. D., 2 de septiembre, 2026.- La embajadora de los Estados Unidos, Leah F. Campos, celebr\u00f3 este mi\u00e9rcoles la incorporaci\u00f3n de la Rep\u00fablica Dominicana a la coalici\u00f3n de la Declaraci\u00f3n de Consenso de Ginebra, durante una recepci\u00f3n ofrecida en su residencia tras la firma de un Acuerdo de Adhesi\u00f3n en el Ministerio [&hellip;]<\/p>\n","protected":false},"author":5,"featured_media":694386,"comment_status":"closed","ping_status":"closed","sticky":false,"template":"","format":"standard","meta":{"footnotes":""},"categories":[20,27],"tags":[],"class_list":["post-694385","post","type-post","status-publish","format-standard","has-post-thumbnail","hentry","category-dominicana-hoy","category-portada"],"_links":{"self":[{"href":"https:\/\/diariodominicano.com\/index.php?rest_route=\/wp\/v2\/posts\/694385","targetHints":{"allow":["GET"]}}],"collection":[{"href":"https:\/\/diariodominicano.com\/index.php?rest_route=\/wp\/v2\/posts"}],"about":[{"href":"https:\/\/diariodominicano.com\/index.php?rest_route=\/wp\/v2\/types\/post"}],"author":[{"embeddable":true,"href":"https:\/\/diariodominicano.com\/index.php?rest_route=\/wp\/v2\/users\/5"}],"replies":[{"embeddable":true,"href":"https:\/\/diariodominicano.com\/index.php?rest_route=%2Fwp%2Fv2%2Fcomments&post=694385"}],"version-history":[{"count":1,"href":"https:\/\/diariodominicano.com\/index.php?rest_route=\/wp\/v2\/posts\/694385\/revisions"}],"predecessor-version":[{"id":694387,"href":"https:\/\/diariodominicano.com\/index.php?rest_route=\/wp\/v2\/posts\/694385\/revisions\/694387"}],"wp:featuredmedia":[{"embeddable":true,"href":"https:\/\/diariodominicano.com\/index.php?rest_route=\/wp\/v2\/media\/694386"}],"wp:attachment":[{"href":"https:\/\/diariodominicano.com\/index.php?rest_route=%2Fwp%2Fv2%2Fmedia&parent=694385"}],"wp:term":[{"taxonomy":"category","embeddable":true,"href":"https:\/\/diariodominicano.com\/index.php?rest_route=%2Fwp%2Fv2%2Fcategories&post=694385"},{"taxonomy":"post_tag","embeddable":true,"href":"https:\/\/diariodominicano.com\/index.php?rest_route=%2Fwp%2Fv2%2Ftags&post=694385"}],"curies":[{"name":"wp","href":"https:\/\/api.w.org\/{rel}","templated":true}]}}