{"id":694374,"date":"2026-09-02T20:48:39","date_gmt":"2026-09-03T00:48:39","guid":{"rendered":"https:\/\/diariodominicano.com\/?p=694374"},"modified":"2026-09-02T21:02:12","modified_gmt":"2026-09-03T01:02:12","slug":"gobierno-cataloga-como-terroristas-medioambientales-a-aquellos-que-afecten-los-parques-nacionales","status":"publish","type":"post","link":"https:\/\/diariodominicano.com\/?p=694374","title":{"rendered":"Gobierno cataloga como terroristas medioambientales a aquellos que afecten los parques nacionales"},"content":{"rendered":"\n<p class=\"wp-block-paragraph\">diariodominicano.com<\/p>\n\n\n\n<p class=\"wp-block-paragraph\">Santo Domingo, R. D.,  2 de septiembre, 2026.- \u00a0<strong>El Gobierno dominicano<\/strong>\u00a0emiti\u00f3 este mi\u00e9rcoles el\u00a0<strong>Decreto 615-26,<\/strong>\u00a0mediante el cual se declara de\u00a0<strong>alto inter\u00e9s nacional y prioridad estrat\u00e9gica<\/strong>\u00a0el combate al\u00a0<strong>terrorismo medioambiental<\/strong>, estableciendo que las agresiones deliberadas contra los\u00a0<strong>parques nacionales y los recursos naturales cr\u00edticos<\/strong>\u00a0recibir\u00e1n una\u00a0<strong>respuesta contundente\u00a0<\/strong>con acciones dr\u00e1sticas y una persecuci\u00f3n penal\u00a0<strong>implacable.<\/strong><\/p>\n\n\n\n<p class=\"wp-block-paragraph\">Durante el acto de presentaci\u00f3n de la normativa, celebrado en el Sal\u00f3n Las Cari\u00e1tides del Palacio Nacional,&nbsp;<strong>el presidente de la Rep\u00fablica, Luis Abinader,<\/strong>&nbsp;catalog\u00f3 como&nbsp;<strong>actos terroristas medioambientales&nbsp;<\/strong>aquellas acciones perpetradas por&nbsp;<strong>desaparici\u00f3n o da\u00f1o sistem\u00e1tico<\/strong>&nbsp;a los parques nacionales, advirtiendo que habr\u00e1&nbsp;<strong>acciones m\u00e1s dr\u00e1sticas y persecuciones firmes<\/strong>&nbsp;contra nacionales&nbsp;<strong>dominicanos y extranjeros<\/strong>&nbsp;que incurran en estos il\u00edcitos.<\/p>\n\n\n\n<p class=\"wp-block-paragraph\">Estuvieron junto con el presidente Abinader los ministros Administrativo de la Presidencia,&nbsp;<strong>Andr\u00e9s Bautista<\/strong>; de Medio Ambiente y Recursos Naturales,&nbsp;<strong>Pa\u00edno Henr\u00edquez<\/strong>; de Defensa,&nbsp;<strong>teniente general Carlos Antonio Fern\u00e1ndez Onofre<\/strong>; el director de Migraci\u00f3n,&nbsp;<strong>Luis Rafael Lee Ballester<\/strong>, y el subconsultor Jur\u00eddico del Poder Ejecutivo,&nbsp;<strong>Mairen\u00ed Rivas.<\/strong><\/p>\n\n\n\n<p class=\"wp-block-paragraph\">El mandatario se\u00f1al\u00f3 que, durante d\u00e9cadas, los parques nacionales&nbsp;<strong>carecieron de la atenci\u00f3n y la seguridad jur\u00eddica&nbsp;<\/strong>necesarias por parte del Estado.<\/p>\n\n\n\n<p class=\"wp-block-paragraph\">Inform\u00f3 que, al inicio de su gesti\u00f3n, se constat\u00f3 con sorpresa que la mayor\u00eda de estas \u00e1reas protegidas ni siquiera contaban con t\u00edtulos de propiedad a nombre del Estado, situaci\u00f3n que ya comenz\u00f3 a corregirse mediante un&nbsp;<strong>proceso de titulaci\u00f3n nacional.<\/strong><\/p>\n\n\n\n<p class=\"wp-block-paragraph\">Asimismo, el presidente Abinader advirti\u00f3 que gran parte de los&nbsp;<strong>incendios forestales<\/strong>&nbsp;registrados recientemente \u2014como el ocurrido en el Parque Nacional de Bahoruco\u2014 son&nbsp;<strong>provocados por actividades il\u00edcitas<\/strong>&nbsp;que no solo destruyen la flora y la fauna, sino que comprometen gravemente el&nbsp;<strong>suministro de agua y la seguridad alimentaria<\/strong>&nbsp;de la naci\u00f3n.<\/p>\n\n\n\n<p class=\"wp-block-paragraph\"><strong>Acciones dr\u00e1sticas y aplicaci\u00f3n del C\u00f3digo Penal<\/strong><\/p>\n\n\n\n<p class=\"wp-block-paragraph\">Ante la vulnerabilidad detectada en los marcos legales anteriores, donde los infractores frecuentemente quedaban en libertad a los pocos d\u00edas, el Gobierno ha decidido actuar con la&nbsp;<strong>mayor contundencia<\/strong>. Con el respaldo de las disposiciones legales y el nuevo&nbsp;<strong>C\u00f3digo Penal<\/strong>, las conductas que afecten los parques nacionales enfrentar\u00e1n sanciones de&nbsp;<strong>20 a 30 a\u00f1os de c\u00e1rcel.<\/strong><\/p>\n\n\n\n<p class=\"wp-block-paragraph\">El jefe de Estado fue enf\u00e1tico al se\u00f1alar que se han girado&nbsp;<strong>instrucciones precisas<\/strong>&nbsp;a las Fuerzas Armadas, a la Direcci\u00f3n General de Migraci\u00f3n y a los&nbsp;<strong>cuerpos de inteligencia<\/strong>&nbsp;para que tanto los autores materiales \u2014muchos de ellos nacionales haitianos\u2014 como los determinadores o patrocinadores de nacionalidad dominicana que los contraten o env\u00eden, enfrenten exactamente&nbsp;<strong>el mismo peso de la ley<\/strong>, sin excepciones ni impunidad.<\/p>\n\n\n\n<p class=\"wp-block-paragraph\"><strong>Puntos clave del Decreto n\u00fam. 615-26<\/strong><\/p>\n\n\n\n<p class=\"wp-block-paragraph\">Declaratoria de alto inter\u00e9s (Art. 1): Prioriza la&nbsp;<strong>prevenci\u00f3n, detecci\u00f3n e investigaci\u00f3n<\/strong>&nbsp;del terrorismo medioambiental, defini\u00e9ndolo como aquellos actos graves contra los recursos naturales y ecosistemas estrat\u00e9gicos que se equiparen a las normativas antiterroristas vigentes.<\/p>\n\n\n\n<p class=\"wp-block-paragraph\">Activos protegidos (Art. 2): Otorga&nbsp;<strong>especial protecci\u00f3n<\/strong>&nbsp;a los sistemas de \u00e1reas protegidas, cuencas hidrogr\u00e1ficas prioritarias, presas, embalses, manglares, humedales y nacimientos de r\u00edos.<\/p>\n\n\n\n<p class=\"wp-block-paragraph\">Coordinaci\u00f3n institucional (Art. 3 y 4): Instruye al Comit\u00e9 Nacional Antiterrorista, al Ministerio de Defensa, al Ministerio de Medio Ambiente, a la Polic\u00eda Nacional y a la Direcci\u00f3n General de Migraci\u00f3n a dise\u00f1ar una&nbsp;<strong>Pol\u00edtica Nacional de Prevenci\u00f3n y Combate<\/strong>&nbsp;orientada a neutralizar incendios forestales provocados y amenazas a la infraestructura h\u00eddrica y energ\u00e9tica.<\/p>\n\n\n\n<p class=\"wp-block-paragraph\">Persecuci\u00f3n penal (Art. 5): Dispone la&nbsp;<strong>remisi\u00f3n inmediata<\/strong>&nbsp;de cualquier agresi\u00f3n al patrimonio ambiental ante el&nbsp;<strong>Ministerio P\u00fablico<\/strong>&nbsp;para asegurar la acci\u00f3n penal correspondiente.<\/p>\n\n\n\n<p class=\"wp-block-paragraph\">Participaci\u00f3n ciudadana (Art. 6): Establece&nbsp;<strong>plataformas tecnol\u00f3gicas<\/strong>&nbsp;y mecanismos de&nbsp;<strong>denuncia confidencial<\/strong>&nbsp;para garantizar la protecci\u00f3n de los ciudadanos colaboradores de buena fe.<\/p>\n\n\n\n<p class=\"wp-block-paragraph\"><a href=\"https:\/\/presidencia.gob.do\/taxonomy\/term\/58\">DIPP<\/a><\/p>\n","protected":false},"excerpt":{"rendered":"<p>diariodominicano.com Santo Domingo, R. D., 2 de septiembre, 2026.- \u00a0El Gobierno dominicano\u00a0emiti\u00f3 este mi\u00e9rcoles el\u00a0Decreto 615-26,\u00a0mediante el cual se declara de\u00a0alto inter\u00e9s nacional y prioridad estrat\u00e9gica\u00a0el combate al\u00a0terrorismo medioambiental, estableciendo que las agresiones deliberadas contra los\u00a0parques nacionales y los recursos naturales cr\u00edticos\u00a0recibir\u00e1n una\u00a0respuesta contundente\u00a0con acciones dr\u00e1sticas y una persecuci\u00f3n penal\u00a0implacable. Durante el acto de presentaci\u00f3n [&hellip;]<\/p>\n","protected":false},"author":5,"featured_media":694376,"comment_status":"closed","ping_status":"closed","sticky":false,"template":"","format":"standard","meta":{"footnotes":""},"categories":[20,27],"tags":[],"class_list":["post-694374","post","type-post","status-publish","format-standard","has-post-thumbnail","hentry","category-dominicana-hoy","category-portada"],"_links":{"self":[{"href":"https:\/\/diariodominicano.com\/index.php?rest_route=\/wp\/v2\/posts\/694374","targetHints":{"allow":["GET"]}}],"collection":[{"href":"https:\/\/diariodominicano.com\/index.php?rest_route=\/wp\/v2\/posts"}],"about":[{"href":"https:\/\/diariodominicano.com\/index.php?rest_route=\/wp\/v2\/types\/post"}],"author":[{"embeddable":true,"href":"https:\/\/diariodominicano.com\/index.php?rest_route=\/wp\/v2\/users\/5"}],"replies":[{"embeddable":true,"href":"https:\/\/diariodominicano.com\/index.php?rest_route=%2Fwp%2Fv2%2Fcomments&post=694374"}],"version-history":[{"count":2,"href":"https:\/\/diariodominicano.com\/index.php?rest_route=\/wp\/v2\/posts\/694374\/revisions"}],"predecessor-version":[{"id":694383,"href":"https:\/\/diariodominicano.com\/index.php?rest_route=\/wp\/v2\/posts\/694374\/revisions\/694383"}],"wp:featuredmedia":[{"embeddable":true,"href":"https:\/\/diariodominicano.com\/index.php?rest_route=\/wp\/v2\/media\/694376"}],"wp:attachment":[{"href":"https:\/\/diariodominicano.com\/index.php?rest_route=%2Fwp%2Fv2%2Fmedia&parent=694374"}],"wp:term":[{"taxonomy":"category","embeddable":true,"href":"https:\/\/diariodominicano.com\/index.php?rest_route=%2Fwp%2Fv2%2Fcategories&post=694374"},{"taxonomy":"post_tag","embeddable":true,"href":"https:\/\/diariodominicano.com\/index.php?rest_route=%2Fwp%2Fv2%2Ftags&post=694374"}],"curies":[{"name":"wp","href":"https:\/\/api.w.org\/{rel}","templated":true}]}}