{"id":694366,"date":"2026-09-02T09:05:41","date_gmt":"2026-09-02T13:05:41","guid":{"rendered":"https:\/\/diariodominicano.com\/?p=694366"},"modified":"2026-09-02T09:07:36","modified_gmt":"2026-09-02T13:07:36","slug":"fuerzas-armadas-inicia-cuadragesima-promocion-del-programa-de-formacion-en-valores","status":"publish","type":"post","link":"https:\/\/diariodominicano.com\/?p=694366","title":{"rendered":"Fuerzas Armadas inicia cuadrag\u00e9sima promoci\u00f3n del Programa de Formaci\u00f3n en Valores"},"content":{"rendered":"\n<p class=\"wp-block-paragraph\">diariodominicano.com<\/p>\n\n\n\n<p class=\"wp-block-paragraph\">Santo Domingo, R. D.,  2 de septiembre, 2026.-\u00a0<strong>El Ministerio de Defensa<\/strong>\u00a0(MIDE), a trav\u00e9s de la\u00a0<strong>Direcci\u00f3n General del Servicio Militar Voluntario\u00a0<\/strong>(SMV), dej\u00f3 formalmente iniciado el ciclo\u00a0<strong>de entrenamiento septiembre-noviembre<\/strong>\u00a0correspondiente a la cuadrag\u00e9sima promoci\u00f3n del\u00a0<strong>Programa de Formaci\u00f3n en Valores<\/strong>, una iniciativa que procura impactar a\u00a0<strong>10,000 estudiantes<\/strong>\u00a0y que constituye uno de los aportes de las\u00a0<strong>Fuerzas Armadas<\/strong>\u00a0al desarrollo social y a la\u00a0<strong>formaci\u00f3n integral<\/strong>\u00a0de la juventud dominicana.<\/p>\n\n\n\n<p class=\"wp-block-paragraph\">El acto fue encabezado por el ministro de Defensa<strong>, teniente general Carlos Antonio Fern\u00e1ndez Onofre (ERD)<\/strong>, en el Centro Educativo Militar San Miguel Arc\u00e1ngel (ERD), y tuvo como momento central la solemne izada de la bandera nacional, resaltando el respeto a los s\u00edmbolos patrios, la identidad nacional y el&nbsp;<strong>compromiso ciudadano<\/strong>&nbsp;como pilares fundamentales para la formaci\u00f3n de las&nbsp;<strong>nuevas generaciones.<\/strong><\/p>\n\n\n\n<p class=\"wp-block-paragraph\">Con los 10,000 estudiantes que se proyecta integrar en esta cuadrag\u00e9sima promoci\u00f3n, sumados a los 10,000 impactados durante la trig\u00e9sima novena promoci\u00f3n, el Ministerio de Defensa y las Fuerzas Armadas alcanzar\u00e1n alrededor de&nbsp;<strong>20,000 j\u00f3venes<\/strong>&nbsp;durante el a\u00f1o 2026, ampliando significativamente el alcance social de un programa dirigido a formar ciudadanos&nbsp;<strong>responsables, disciplinados, solidarios y comprometidos<\/strong>&nbsp;con sus comunidades y con la Rep\u00fablica Dominicana.<\/p>\n\n\n\n<p class=\"wp-block-paragraph\">Durante sus palabras centrales, el ministro Fern\u00e1ndez Onofre destac\u00f3 que, bajo la visi\u00f3n del presidente constitucional de la Rep\u00fablica,&nbsp;<strong>Luis Abinader<\/strong>, autoridad suprema de las&nbsp;<strong>Fuerzas Armadas y la Polic\u00eda Nacional<\/strong>, la construcci\u00f3n de una mejor Rep\u00fablica Dominicana est\u00e1 estrechamente vinculada con la formaci\u00f3n de mejores ciudadanos, capaces de ejercer sus derechos y libertades con&nbsp;<strong>responsabilidad, integridad, respeto y sentido del deber.<\/strong><\/p>\n\n\n\n<p class=\"wp-block-paragraph\">El titular del MIDE resalt\u00f3 que la contribuci\u00f3n de las Fuerzas Armadas al pa\u00eds trasciende su misi\u00f3n esencial de&nbsp;<strong>defender la soberan\u00eda, la independencia y la integridad territorial<\/strong>, al comprender que la&nbsp;<strong>seguridad, la estabilidad y el desarrollo futuro<\/strong>&nbsp;de la naci\u00f3n tambi\u00e9n dependen de la calidad de sus ciudadanos. En ese sentido, enfatiz\u00f3 el compromiso de la instituci\u00f3n militar de contribuir, junto con el&nbsp;<strong>sistema educativo, las familias y la sociedad<\/strong>, con la formaci\u00f3n integral de la juventud.<\/p>\n\n\n\n<p class=\"wp-block-paragraph\"><em>\u201cLa defensa de la patria comienza tambi\u00e9n en las aulas\u201d,<\/em>&nbsp;expres\u00f3 el ministro, al destacar que valores como la disciplina, el respeto, la honestidad, la solidaridad, el cumplimiento del deber y el servicio a los dem\u00e1s constituyen herramientas fundamentales para que los j\u00f3venes puedan enfrentar los&nbsp;<strong>desaf\u00edos de la sociedad actual<\/strong>&nbsp;y convertirse en&nbsp;<strong>agentes positivos de transformaci\u00f3n<\/strong>&nbsp;en sus familias y comunidades.<\/p>\n\n\n\n<p class=\"wp-block-paragraph\">El&nbsp;<strong>Programa de Formaci\u00f3n en Valores del Servicio Militar Voluntario<\/strong>&nbsp;complementa la educaci\u00f3n acad\u00e9mica mediante contenidos y actividades relacionados con civismo, disciplina, liderazgo, respeto a los s\u00edmbolos patrios, primeros auxilios, prevenci\u00f3n de desastres, protecci\u00f3n ambiental y servicio comunitario, proporcionando a los estudiantes conocimientos y competencias \u00fatiles para su&nbsp;<strong>desarrollo personal, familiar, laboral y social,<\/strong>&nbsp;sin que ello implique su incorporaci\u00f3n al servicio de armas permanente.<\/p>\n\n\n\n<p class=\"wp-block-paragraph\">La ceremonia incluy\u00f3 adem\u00e1s el traspaso del bander\u00edn del Servicio Militar Voluntario entre representantes de la promoci\u00f3n saliente y los aspirantes de la cuadrag\u00e9sima promoci\u00f3n, como&nbsp;<strong>s\u00edmbolo de continuidad del compromiso<\/strong>&nbsp;con la disciplina, el civismo, el patriotismo y el servicio. En la actividad participaron el&nbsp;<strong>mayor general t\u00e9cnico de aviaci\u00f3n Carlos Ram\u00f3n Febrillet Rodr\u00edguez (FARD),<\/strong>&nbsp;viceministro de Defensa para Asuntos A\u00e9reos y Espaciales;&nbsp;<strong>el general de brigada Francisco Dimas \u00c1valo N\u00fa\u00f1ez (ERD),&nbsp;<\/strong>director general del SMV;&nbsp;<strong>Magaly Rodr\u00edguez Mec\u00eda de Ram\u00edrez<\/strong>, directora del Distrito Educativo 10-01, y el&nbsp;<strong>coronel Eliazer Simons Soriano (ERD),<\/strong>&nbsp;director regente del Centro Educativo Militar San Miguel Arc\u00e1ngel, junto con autoridades educativas, docentes y estudiantes.<\/p>\n\n\n\n<p class=\"wp-block-paragraph\">El Centro Educativo Militar San Miguel Arc\u00e1ngel, perteneciente al Ej\u00e9rcito de Rep\u00fablica Dominicana y orientado por el lema \u201c<strong>Moral, Civismo y Patriotismo\u201d,<\/strong>&nbsp;constituye un escenario representativo de esta iniciativa, al promover una educaci\u00f3n que integra&nbsp;<strong>preparaci\u00f3n acad\u00e9mica, disciplina, civismo y valores patri\u00f3ticos,&nbsp;<\/strong>principios que convergen con los objetivos del Servicio Militar Voluntario.<\/p>\n\n\n\n<p class=\"wp-block-paragraph\">Con la apertura de la cuadrag\u00e9sima promoci\u00f3n, el Ministerio de Defensa reafirma el&nbsp;<strong>compromiso social de las Fuerzas Armadas<\/strong>&nbsp;con el desarrollo de la naci\u00f3n, poniendo su experiencia en disciplina, organizaci\u00f3n, liderazgo y servicio al alcance de miles de j\u00f3venes. Esta iniciativa parte de la convicci\u00f3n de que invertir en valores y ciudadan\u00eda fortalece la convivencia, contribuye a&nbsp;<strong>prevenir conductas de riesgo<\/strong>&nbsp;y ayuda a construir una sociedad&nbsp;<strong>m\u00e1s responsable, segura y solidaria<\/strong>, demostrando que formar mejores ciudadanos es tambi\u00e9n una manera de&nbsp;<strong>servir y defender a la patria<\/strong><\/p>\n\n\n\n<p class=\"wp-block-paragraph\"><a href=\"https:\/\/presidencia.gob.do\/taxonomy\/term\/76\">MIDE<\/a><\/p>\n","protected":false},"excerpt":{"rendered":"<p>diariodominicano.com Santo Domingo, R. D., 2 de septiembre, 2026.-\u00a0El Ministerio de Defensa\u00a0(MIDE), a trav\u00e9s de la\u00a0Direcci\u00f3n General del Servicio Militar Voluntario\u00a0(SMV), dej\u00f3 formalmente iniciado el ciclo\u00a0de entrenamiento septiembre-noviembre\u00a0correspondiente a la cuadrag\u00e9sima promoci\u00f3n del\u00a0Programa de Formaci\u00f3n en Valores, una iniciativa que procura impactar a\u00a010,000 estudiantes\u00a0y que constituye uno de los aportes de las\u00a0Fuerzas Armadas\u00a0al desarrollo social [&hellip;]<\/p>\n","protected":false},"author":5,"featured_media":694367,"comment_status":"closed","ping_status":"closed","sticky":false,"template":"","format":"standard","meta":{"footnotes":""},"categories":[20,27],"tags":[],"class_list":["post-694366","post","type-post","status-publish","format-standard","has-post-thumbnail","hentry","category-dominicana-hoy","category-portada"],"_links":{"self":[{"href":"https:\/\/diariodominicano.com\/index.php?rest_route=\/wp\/v2\/posts\/694366","targetHints":{"allow":["GET"]}}],"collection":[{"href":"https:\/\/diariodominicano.com\/index.php?rest_route=\/wp\/v2\/posts"}],"about":[{"href":"https:\/\/diariodominicano.com\/index.php?rest_route=\/wp\/v2\/types\/post"}],"author":[{"embeddable":true,"href":"https:\/\/diariodominicano.com\/index.php?rest_route=\/wp\/v2\/users\/5"}],"replies":[{"embeddable":true,"href":"https:\/\/diariodominicano.com\/index.php?rest_route=%2Fwp%2Fv2%2Fcomments&post=694366"}],"version-history":[{"count":1,"href":"https:\/\/diariodominicano.com\/index.php?rest_route=\/wp\/v2\/posts\/694366\/revisions"}],"predecessor-version":[{"id":694368,"href":"https:\/\/diariodominicano.com\/index.php?rest_route=\/wp\/v2\/posts\/694366\/revisions\/694368"}],"wp:featuredmedia":[{"embeddable":true,"href":"https:\/\/diariodominicano.com\/index.php?rest_route=\/wp\/v2\/media\/694367"}],"wp:attachment":[{"href":"https:\/\/diariodominicano.com\/index.php?rest_route=%2Fwp%2Fv2%2Fmedia&parent=694366"}],"wp:term":[{"taxonomy":"category","embeddable":true,"href":"https:\/\/diariodominicano.com\/index.php?rest_route=%2Fwp%2Fv2%2Fcategories&post=694366"},{"taxonomy":"post_tag","embeddable":true,"href":"https:\/\/diariodominicano.com\/index.php?rest_route=%2Fwp%2Fv2%2Ftags&post=694366"}],"curies":[{"name":"wp","href":"https:\/\/api.w.org\/{rel}","templated":true}]}}