{"id":694360,"date":"2026-09-02T08:16:41","date_gmt":"2026-09-02T12:16:41","guid":{"rendered":"https:\/\/diariodominicano.com\/?p=694360"},"modified":"2026-09-02T08:16:51","modified_gmt":"2026-09-02T12:16:51","slug":"convocan-a-jovenes-bachilleres-para-1000-plazas-laborales-de-aspirantes-a-agentes-de-penitenciarios","status":"publish","type":"post","link":"https:\/\/diariodominicano.com\/?p=694360","title":{"rendered":"Convocan a j\u00f3venes bachilleres para 1000 plazas laborales de aspirantes a agentes de\u00a0penitenciarios"},"content":{"rendered":"\n<p class=\"wp-block-paragraph\">diariodominicano.com<\/p>\n\n\n\n<p class=\"wp-block-paragraph\"><strong>San Crist\u00f3bal, R. D., 2 de septiembre, 2026.<\/strong>&#8211; El Instituto Superior Especializado de Estudios Penitenciarios y Correccionales (ISEEPENC) en coordinaci\u00f3n con la Direcci\u00f3n General de Servicios Penitenciarios y Correccionales (DGSPC) del Ministerio de Justicia, convoca a personas de sexo masculino de las comunidades rurales de las provincias del pa\u00eds, con \u00e9nfasis en el municipio San Antonio de Guerra, Santo Domingo; Pedro Corto, San Juan de la Maguana; Hig\u00fcey y Barahona, as\u00ed como de zonas aleda\u00f1as, a participar en el proceso de evaluaci\u00f3n para mil (1,000) nuevas plazas de aspirantes al Curso de Formaci\u00f3n de Agentes de Vigilancia y Tratamiento Penitenciarios (VTP).<\/p>\n\n\n\n<p class=\"wp-block-paragraph\">Convocatoria abierta de lunes a domingos presencial, en el&nbsp;ISEEPENC, ubicado en el Castillo del Cerro San Crist\u00f3bal. Horario de 8:00 A.M. A 4:30 P.M. Tel.&nbsp;<a href=\"tel:(809)%20528-0343\" target=\"_blank\" rel=\"noreferrer noopener\">809-528-0343<\/a>, 1451;&nbsp;<a href=\"tel:(809)%20533-3522\" target=\"_blank\" rel=\"noreferrer noopener\">809-533-3522<\/a>, Exts. 1490, 1491, 1450. Cels.&nbsp;<a href=\"tel:(809)%20453-3286\" target=\"_blank\" rel=\"noreferrer noopener\">809-453-3286<\/a>,&nbsp;<a href=\"tel:(809)%20480-9266\" target=\"_blank\" rel=\"noreferrer noopener\">809-480-9266<\/a>. Correo:&nbsp;<a href=\"mailto:admisiones@iseepenc.edu.do\" target=\"_blank\" rel=\"noreferrer noopener\">admisiones@iseepenc.edu.do<\/a>.<\/p>\n\n\n\n<p class=\"wp-block-paragraph\">Tambi\u00e9n convocatorias complementarias en horario de 8:00 a. m. a 3:00 p.m, del presente a\u00f1o 2026 para las comunidades rurales de las provincias de la REGI\u00d3N SUR, a realizarse el s\u00e1bado 12 de septiembre en el Ayuntamiento del Municipio de Azua. Para la REGI\u00d3N NORTE el s\u00e1bado 26 de septiembre en el Ayuntamiento de Mao, Valverde. Para la REGI\u00d3N ESTE el s\u00e1bado 10 de octubre en la Gobernaci\u00f3n de Monte Plata.<\/p>\n\n\n\n<p class=\"wp-block-paragraph\">Requisitos: nacionalidad dominicana, sexo masculino, grado de bachiller, edad comprendida entre los 18 y 30 a\u00f1os, peso 125 libras y estatura m\u00ednimas 5\u20197\u201d (masculinos), no pertenecer ni haber pertenecido a las Fuerzas Armadas ni a la Polic\u00eda Nacional, gozar de buena salud f\u00edsica y mental, tener buenas relaciones humanas. Habilidades no obligatorias: dominio del paquete Office, formaci\u00f3n en artes marciales, licencia de conducir veh\u00edculo de motor, experiencia como docente, conocimiento de otros idiomas.<\/p>\n\n\n\n<p class=\"wp-block-paragraph\">Documentos a depositar: Curriculum vitae con su foto integrada, dos (2) fotograf\u00edas 2&#215;2, copia de la c\u00e9dula de identidad, copia del certificado de bachiller, certificado de no delincuencia, certificado m\u00e9dico, carta de recomendaci\u00f3n de una iglesia, carta de recomendaci\u00f3n de una organizaci\u00f3n comunitaria.&nbsp;Tels.&nbsp;<a href=\"tel:(809)%20528-0343\" target=\"_blank\" rel=\"noreferrer noopener\">809-528-0343<\/a>, 1451;&nbsp;<a href=\"tel:(809)%20533-3522\" target=\"_blank\" rel=\"noreferrer noopener\">809-533-3522<\/a>,&nbsp;Exts. 1490, 1491, 1450. Cels.&nbsp;<a href=\"tel:(809)%20453-3286\" target=\"_blank\" rel=\"noreferrer noopener\">809-453-3286<\/a>,&nbsp;<a href=\"tel:(809)%20480-9266\" target=\"_blank\" rel=\"noreferrer noopener\">809-480-9266<\/a>.&nbsp;Correo:&nbsp;<a href=\"mailto:admisiones@iseepenc.edu.do\" target=\"_blank\" rel=\"noreferrer noopener\">admisiones@iseepenc.edu.do<\/a>.<\/p>\n\n\n\n<p class=\"wp-block-paragraph\">Beneficios: Asistencia con todos los gastos cubiertos para el Curso de Formaci\u00f3n para Aspirantes a Agentes de Vigilancia y Tratamiento Penitenciario (VTP), con una duraci\u00f3n de nueve (9) meses de formaci\u00f3n, internado y pasant\u00eda, con una asignaci\u00f3n de seis (6) mesadas de doce mil pesos (RD$12,000.00) durante el per\u00edodo de formaci\u00f3n; y una asignaci\u00f3n de tres (3) mesadas de treinta y dos mil cuatrocientos pesos (RD$32,400.00) mensuales durante el per\u00edodo de internamiento y pasant\u00eda en un Centro de Correcci\u00f3n y Rehabilitaci\u00f3n, as\u00ed como alimentaci\u00f3n, alojamiento, servicio m\u00e9dico, uniformes de ejercicios y certificados al graduarse. Durante la formaci\u00f3n estar\u00e1n en la Sede Nacional, Castillo del Cerro, en San Crist\u00f3bal; y la fase de internamiento y pasant\u00eda en los Centros de Correcci\u00f3n y Rehabilitaci\u00f3n (CCRs) de la&nbsp;DGSPC&nbsp;del Ministerio de Justicia.<\/p>\n\n\n\n<p class=\"wp-block-paragraph\">Los Aspirantes que superen todas las etapas del proceso de selecci\u00f3n, entrenamiento y aprueben el programa acad\u00e9mico ser\u00e1n nombrados como Agentes de Vigilancia y Tratamiento Penitenciario (VTPs) y entrar\u00e1n a formar parte del Cuerpo de Agentes VTPs, que presta servicio en los Centros de Correcci\u00f3n y Rehabilitaci\u00f3n (CCRs) de la Direcci\u00f3n General de Servicios Penitenciarios y Correccionales de todo el pa\u00eds, con un salario de treinta y dos mil cuatrocientos pesos (RD$32,400.00) mensuales, bonos anuales, seguro m\u00e9dico, seguro de vida, pertenecer a la carrera penitenciaria y correccional, as\u00ed como apoyo educativo para realizar estudios superiores, gesti\u00f3n para la primera vivienda (Familia Feliz), bono luz, bono gas, Programa Sup\u00e9rate, transporte p\u00fablico gratuito y otros.<\/p>\n\n\n\n<p class=\"wp-block-paragraph\">Esta convocatoria forma parte de las acciones orientadas al fortalecimiento y desarrollo de la reforma y modernizaci\u00f3n penitenciaria, impulsando la garant\u00eda efectiva de los derechos humanos de las personas privadas de libertad, la reeducaci\u00f3n y la reinserci\u00f3n social y laboral, contribuyendo a m\u00e1s paz y seguridad ciudadana.<\/p>\n\n\n\n<p class=\"wp-block-paragraph\">Impulsamos la profesionalizaci\u00f3n del personal que integra el sistema penitenciario y correccional de la Rep\u00fablica Dominicana, mediante procesos de formaci\u00f3n especializados para quienes aspiran a desempe\u00f1ar funciones como Agentes de Vigilancia y Tratamiento Penitenciarios (VTP). El proceso se desarrolla en el marco de las disposiciones establecidas en la Ley&nbsp;n\u00fam. 80-25, Org\u00e1nica del Ministerio de Justicia, y en cumplimiento de los mandatos vigentes de la Ley n\u00fam. 113-21, que regula el Sistema Penitenciario y Correccional de la Rep\u00fablica Dominicana.<\/p>\n\n\n\n<p class=\"wp-block-paragraph\">El\u00a0ISEEPENC\u00a0y la\u00a0DGSPC\u00a0del Ministerio de Justicia exhortan a los interesados que cumplan con los requisitos establecidos a participar activa y puntualmente, la misma constituye una positiva oportunidad para incorporarse a un proceso de formaci\u00f3n orientado al fortalecimiento de las competencias necesarias para el desempe\u00f1o de las funciones penitenciarias y correccionales, impulsando la seguridad integral y rehabilitaci\u00f3n de las en los Centros de Correcci\u00f3n y Rehabilitaci\u00f3n, para su reinserci\u00f3n social y laboral, aportando a m\u00e1s paz, desarrollo y seguridad ciudadana de la Rep\u00fablica Dominicana.<\/p>\n\n\n\n<p class=\"wp-block-paragraph\"><br><strong>Yosarah Fern\u00e1ndez\u00a0<\/strong>Periodista <\/p>\n\n\n\n<p class=\"wp-block-paragraph\">Comunicaci\u00f3n Corporativa, MA<\/p>\n","protected":false},"excerpt":{"rendered":"<p>diariodominicano.com San Crist\u00f3bal, R. D., 2 de septiembre, 2026.&#8211; El Instituto Superior Especializado de Estudios Penitenciarios y Correccionales (ISEEPENC) en coordinaci\u00f3n con la Direcci\u00f3n General de Servicios Penitenciarios y Correccionales (DGSPC) del Ministerio de Justicia, convoca a personas de sexo masculino de las comunidades rurales de las provincias del pa\u00eds, con \u00e9nfasis en el municipio [&hellip;]<\/p>\n","protected":false},"author":5,"featured_media":694361,"comment_status":"closed","ping_status":"closed","sticky":false,"template":"","format":"standard","meta":{"footnotes":""},"categories":[20,27],"tags":[],"class_list":["post-694360","post","type-post","status-publish","format-standard","has-post-thumbnail","hentry","category-dominicana-hoy","category-portada"],"_links":{"self":[{"href":"https:\/\/diariodominicano.com\/index.php?rest_route=\/wp\/v2\/posts\/694360","targetHints":{"allow":["GET"]}}],"collection":[{"href":"https:\/\/diariodominicano.com\/index.php?rest_route=\/wp\/v2\/posts"}],"about":[{"href":"https:\/\/diariodominicano.com\/index.php?rest_route=\/wp\/v2\/types\/post"}],"author":[{"embeddable":true,"href":"https:\/\/diariodominicano.com\/index.php?rest_route=\/wp\/v2\/users\/5"}],"replies":[{"embeddable":true,"href":"https:\/\/diariodominicano.com\/index.php?rest_route=%2Fwp%2Fv2%2Fcomments&post=694360"}],"version-history":[{"count":1,"href":"https:\/\/diariodominicano.com\/index.php?rest_route=\/wp\/v2\/posts\/694360\/revisions"}],"predecessor-version":[{"id":694362,"href":"https:\/\/diariodominicano.com\/index.php?rest_route=\/wp\/v2\/posts\/694360\/revisions\/694362"}],"wp:featuredmedia":[{"embeddable":true,"href":"https:\/\/diariodominicano.com\/index.php?rest_route=\/wp\/v2\/media\/694361"}],"wp:attachment":[{"href":"https:\/\/diariodominicano.com\/index.php?rest_route=%2Fwp%2Fv2%2Fmedia&parent=694360"}],"wp:term":[{"taxonomy":"category","embeddable":true,"href":"https:\/\/diariodominicano.com\/index.php?rest_route=%2Fwp%2Fv2%2Fcategories&post=694360"},{"taxonomy":"post_tag","embeddable":true,"href":"https:\/\/diariodominicano.com\/index.php?rest_route=%2Fwp%2Fv2%2Ftags&post=694360"}],"curies":[{"name":"wp","href":"https:\/\/api.w.org\/{rel}","templated":true}]}}