{"id":694347,"date":"2026-09-02T03:38:12","date_gmt":"2026-09-02T07:38:12","guid":{"rendered":"https:\/\/diariodominicano.com\/?p=694347"},"modified":"2026-09-02T03:38:18","modified_gmt":"2026-09-02T07:38:18","slug":"embajador-cubano-destaca-las-relaciones-positivas-con-la-santa-sede","status":"publish","type":"post","link":"https:\/\/diariodominicano.com\/?p=694347","title":{"rendered":"Embajador cubano destaca las relaciones positivas con la Santa Sede"},"content":{"rendered":"\n<p class=\"wp-block-paragraph\">Ciudad del Vaticano, 1 sep (Prensa Latina) El embajador cubano ante la Santa Sede, Leyde Rodr\u00edguez, resalt\u00f3 las positivas relaciones entre ambos estados por m\u00e1s de 90 a\u00f1os, en una visita a la presidenta de la Gobernaci\u00f3n de Ciudad Vaticano, Sor Raffaella Petrini.<\/p>\n\n\n\n<ul class=\"wp-block-list\">\n<li><a href=\"https:\/\/www.prensa-latina.cu\/2026\/09\/01\/\"><time>septiembre 1, 2026 | 09:05<\/time><\/a><\/li>\n<\/ul>\n\n\n\n<ul class=\"wp-block-list\">\n<li><a href=\"https:\/\/www.prensa-latina.cu\/2026\/09\/01\/embajador-cubano-destaca-las-relaciones-positivas-con-la-santa-sede\/#\"><\/a><\/li>\n\n\n\n<li><a href=\"https:\/\/www.prensa-latina.cu\/2026\/09\/01\/embajador-cubano-destaca-las-relaciones-positivas-con-la-santa-sede\/#\"><\/a><\/li>\n\n\n\n<li><a href=\"https:\/\/www.prensa-latina.cu\/2026\/09\/01\/embajador-cubano-destaca-las-relaciones-positivas-con-la-santa-sede\/#\"><\/a><\/li>\n\n\n\n<li><a href=\"https:\/\/www.prensa-latina.cu\/2026\/09\/01\/embajador-cubano-destaca-las-relaciones-positivas-con-la-santa-sede\/#\"><\/a><\/li>\n<\/ul>\n\n\n\n<p class=\"wp-block-paragraph\">Durante el encuentro, el diplom\u00e1tico agradeci\u00f3 la cordial bienvenida recibida y manifest\u00f3 su inter\u00e9s en profundizar dichos v\u00ednculos en el periodo de su misi\u00f3n como representante de Cuba ante la Santa Sede.<\/p>\n\n\n\n<p class=\"wp-block-paragraph\">Rodr\u00edguez expres\u00f3 que su pa\u00eds valora altamente los pronunciamientos y esfuerzos del Papa Le\u00f3n XIV por la paz, el di\u00e1logo y la soluci\u00f3n de los conflictos internacionales, que causan muertes y destrucci\u00f3n en muchos pa\u00edses.<\/p>\n\n\n\n<p class=\"wp-block-paragraph\">Al mismo tiempo, destac\u00f3 la importancia que el gobierno de Cuba le concede a la paz, la estabilidad y el desarrollo econ\u00f3mico de su pa\u00eds, duramente afectado por el recrudecimiento de las medidas unilaterales econ\u00f3micas impuestas por Estados Unidos, que adem\u00e1s mantiene constantes amenazas de agresi\u00f3n militar directa contra la isla caribe\u00f1a.<\/p>\n\n\n\n<p class=\"wp-block-paragraph\">La Presidenta de la Gobernaci\u00f3n de la Santa Sede inform\u00f3 al embajador cubano sobre los servicios, los museos, los proyectos y actividades de la Ciudad Vaticano con el Cuerpo Diplom\u00e1tico acreditado, los cuales fueron acogidos con inter\u00e9s, seg\u00fan inform\u00f3 Rodr\u00edguez.<\/p>\n\n\n\n<p class=\"wp-block-paragraph\">ga\/mml<\/p>\n\n\n\n<ul class=\"wp-block-list\">\n<li>#<a href=\"https:\/\/www.prensa-latina.cu\/etiqueta\/cuba\/\">cuba<\/a>\u00a0#<a href=\"https:\/\/www.prensa-latina.cu\/etiqueta\/sor-raffaella-petrini\/\">Sor Raffaella Petrini<\/a><\/li>\n<\/ul>\n","protected":false},"excerpt":{"rendered":"<p>Ciudad del Vaticano, 1 sep (Prensa Latina) El embajador cubano ante la Santa Sede, Leyde Rodr\u00edguez, resalt\u00f3 las positivas relaciones entre ambos estados por m\u00e1s de 90 a\u00f1os, en una visita a la presidenta de la Gobernaci\u00f3n de Ciudad Vaticano, Sor Raffaella Petrini. Durante el encuentro, el diplom\u00e1tico agradeci\u00f3 la cordial bienvenida recibida y manifest\u00f3 [&hellip;]<\/p>\n","protected":false},"author":2,"featured_media":694348,"comment_status":"open","ping_status":"closed","sticky":false,"template":"","format":"standard","meta":{"footnotes":""},"categories":[23],"tags":[3100,8205],"class_list":["post-694347","post","type-post","status-publish","format-standard","has-post-thumbnail","hentry","category-internacional","tag-cuba","tag-leyde-rodriguez"],"_links":{"self":[{"href":"https:\/\/diariodominicano.com\/index.php?rest_route=\/wp\/v2\/posts\/694347","targetHints":{"allow":["GET"]}}],"collection":[{"href":"https:\/\/diariodominicano.com\/index.php?rest_route=\/wp\/v2\/posts"}],"about":[{"href":"https:\/\/diariodominicano.com\/index.php?rest_route=\/wp\/v2\/types\/post"}],"author":[{"embeddable":true,"href":"https:\/\/diariodominicano.com\/index.php?rest_route=\/wp\/v2\/users\/2"}],"replies":[{"embeddable":true,"href":"https:\/\/diariodominicano.com\/index.php?rest_route=%2Fwp%2Fv2%2Fcomments&post=694347"}],"version-history":[{"count":1,"href":"https:\/\/diariodominicano.com\/index.php?rest_route=\/wp\/v2\/posts\/694347\/revisions"}],"predecessor-version":[{"id":694349,"href":"https:\/\/diariodominicano.com\/index.php?rest_route=\/wp\/v2\/posts\/694347\/revisions\/694349"}],"wp:featuredmedia":[{"embeddable":true,"href":"https:\/\/diariodominicano.com\/index.php?rest_route=\/wp\/v2\/media\/694348"}],"wp:attachment":[{"href":"https:\/\/diariodominicano.com\/index.php?rest_route=%2Fwp%2Fv2%2Fmedia&parent=694347"}],"wp:term":[{"taxonomy":"category","embeddable":true,"href":"https:\/\/diariodominicano.com\/index.php?rest_route=%2Fwp%2Fv2%2Fcategories&post=694347"},{"taxonomy":"post_tag","embeddable":true,"href":"https:\/\/diariodominicano.com\/index.php?rest_route=%2Fwp%2Fv2%2Ftags&post=694347"}],"curies":[{"name":"wp","href":"https:\/\/api.w.org\/{rel}","templated":true}]}}