{"id":694343,"date":"2026-09-02T03:33:56","date_gmt":"2026-09-02T07:33:56","guid":{"rendered":"https:\/\/diariodominicano.com\/?p=694343"},"modified":"2026-09-02T03:34:03","modified_gmt":"2026-09-02T07:34:03","slug":"cita-de-cancilleres-de-mercosur-en-momentos-de-diferencias-y-tension","status":"publish","type":"post","link":"https:\/\/diariodominicano.com\/?p=694343","title":{"rendered":"Cita de cancilleres de Mercosur en momentos de diferencias y tensi\u00f3n"},"content":{"rendered":"\n<p class=\"wp-block-paragraph\">Montevideo, 2 sep (Prensa Latina) Los cancilleres del Mercado Com\u00fan del Sur (Mercosur) sostendr\u00e1n hoy una reuni\u00f3n \u201cinformal\u201d en esta capital, convocada por Uruguay en su calidad de presidente pro tempore del bloque.<\/p>\n\n\n\n<ul class=\"wp-block-list\">\n<li><a href=\"https:\/\/www.prensa-latina.cu\/2026\/09\/02\/\"><time>septiembre 2, 2026 | 00:24<\/time><\/a><\/li>\n<\/ul>\n\n\n\n<ul class=\"wp-block-list\">\n<li><a href=\"https:\/\/www.prensa-latina.cu\/2026\/09\/02\/cita-de-cancilleres-de-mercosur-en-momentos-de-diferencias-y-tension\/#\"><\/a><\/li>\n\n\n\n<li><a href=\"https:\/\/www.prensa-latina.cu\/2026\/09\/02\/cita-de-cancilleres-de-mercosur-en-momentos-de-diferencias-y-tension\/#\"><\/a><\/li>\n\n\n\n<li><a href=\"https:\/\/www.prensa-latina.cu\/2026\/09\/02\/cita-de-cancilleres-de-mercosur-en-momentos-de-diferencias-y-tension\/#\"><\/a><\/li>\n\n\n\n<li><a href=\"https:\/\/www.prensa-latina.cu\/2026\/09\/02\/cita-de-cancilleres-de-mercosur-en-momentos-de-diferencias-y-tension\/#\"><\/a><\/li>\n<\/ul>\n\n\n\n<p class=\"wp-block-paragraph\">El encuentro fue anunciado por el canciller uruguayo Mario Lubetkin y reunir\u00e1 a los ministros de Relaciones Exteriores de los Estados Partes: Pablo Quirno (Argentina), H\u00e9ctor Huanca (Bolivia), Mauro Vieira (Brasil) y Rub\u00e9n Ram\u00edrez Lezcano (Paraguay).<\/p>\n\n\n\n<p class=\"wp-block-paragraph\">La reuni\u00f3n ser\u00e1 en la sede de la canciller\u00eda uruguaya, cuando existen divergencias comerciales y pol\u00edticas a lo interno del grupo sudamericano.<\/p>\n\n\n\n<p class=\"wp-block-paragraph\">Estar\u00e1 en la agenda la b\u00fasqueda de un acuerdo para la repartici\u00f3n de las cuotas que ofrece la Uni\u00f3n Europea a las exportaciones del Mercosur a partir del acuerdo bilateral que entr\u00f3 en vigor el 1 de mayo.<\/p>\n\n\n\n<p class=\"wp-block-paragraph\">Sobre el asunto las posturas son divergentes y lo que funciona hasta ahora es que el \u201cprimero que llega\u201d se lleva la oferta.<\/p>\n\n\n\n<p class=\"wp-block-paragraph\">La reuni\u00f3n ocurre adem\u00e1s en un momento de tensi\u00f3n en las relaciones entre Brasil y Argentina, cuyo presidente Javier Milei protagoniz\u00f3 episodios de injerencismo en el proceso electoral brasile\u00f1o e incluso ofensas a su hom\u00f3logo Luiz In\u00e1cio Lula da Silva.<\/p>\n\n\n\n<p class=\"wp-block-paragraph\">A finales de julio Milei particip\u00f3 en Brasil en un acto proselitista junto al candidato de derecha Fl\u00e1vio Bolsonario, donde lanz\u00f3 improperios contra Lula y la justicia brasile\u00f1a.<\/p>\n\n\n\n<p class=\"wp-block-paragraph\">El gobierno de Brasil llam\u00f3 a consultas a su embajador en Buenos Aires y posteriormente rebaj\u00f3 el rango de su representaci\u00f3n diplom\u00e1tica a nivel de encargado de Negocios.<\/p>\n\n\n\n<p class=\"wp-block-paragraph\">Previo a la cita de cancilleres el gobierno uruguayo suscribir\u00e1 acuerdos en materia a\u00e9rea con Argentina y Bolivia.<\/p>\n\n\n\n<p class=\"wp-block-paragraph\">oda\/ool<\/p>\n\n\n\n<ul class=\"wp-block-list\">\n<li>#<a href=\"https:\/\/www.prensa-latina.cu\/etiqueta\/cancilleres\/\">cancilleres<\/a>\u00a0#<a href=\"https:\/\/www.prensa-latina.cu\/etiqueta\/mercosur\/\">mercosur<\/a>\u00a0#<a href=\"https:\/\/www.prensa-latina.cu\/etiqueta\/uruguay\/\">uruguay<\/a><\/li>\n<\/ul>\n\n\n\n<p class=\"wp-block-paragraph\"><\/p>\n","protected":false},"excerpt":{"rendered":"<p>Montevideo, 2 sep (Prensa Latina) Los cancilleres del Mercado Com\u00fan del Sur (Mercosur) sostendr\u00e1n hoy una reuni\u00f3n \u201cinformal\u201d en esta capital, convocada por Uruguay en su calidad de presidente pro tempore del bloque. El encuentro fue anunciado por el canciller uruguayo Mario Lubetkin y reunir\u00e1 a los ministros de Relaciones Exteriores de los Estados Partes: [&hellip;]<\/p>\n","protected":false},"author":2,"featured_media":694344,"comment_status":"open","ping_status":"closed","sticky":false,"template":"","format":"standard","meta":{"footnotes":""},"categories":[23],"tags":[3816],"class_list":["post-694343","post","type-post","status-publish","format-standard","has-post-thumbnail","hentry","category-internacional","tag-mercosur"],"_links":{"self":[{"href":"https:\/\/diariodominicano.com\/index.php?rest_route=\/wp\/v2\/posts\/694343","targetHints":{"allow":["GET"]}}],"collection":[{"href":"https:\/\/diariodominicano.com\/index.php?rest_route=\/wp\/v2\/posts"}],"about":[{"href":"https:\/\/diariodominicano.com\/index.php?rest_route=\/wp\/v2\/types\/post"}],"author":[{"embeddable":true,"href":"https:\/\/diariodominicano.com\/index.php?rest_route=\/wp\/v2\/users\/2"}],"replies":[{"embeddable":true,"href":"https:\/\/diariodominicano.com\/index.php?rest_route=%2Fwp%2Fv2%2Fcomments&post=694343"}],"version-history":[{"count":1,"href":"https:\/\/diariodominicano.com\/index.php?rest_route=\/wp\/v2\/posts\/694343\/revisions"}],"predecessor-version":[{"id":694345,"href":"https:\/\/diariodominicano.com\/index.php?rest_route=\/wp\/v2\/posts\/694343\/revisions\/694345"}],"wp:featuredmedia":[{"embeddable":true,"href":"https:\/\/diariodominicano.com\/index.php?rest_route=\/wp\/v2\/media\/694344"}],"wp:attachment":[{"href":"https:\/\/diariodominicano.com\/index.php?rest_route=%2Fwp%2Fv2%2Fmedia&parent=694343"}],"wp:term":[{"taxonomy":"category","embeddable":true,"href":"https:\/\/diariodominicano.com\/index.php?rest_route=%2Fwp%2Fv2%2Fcategories&post=694343"},{"taxonomy":"post_tag","embeddable":true,"href":"https:\/\/diariodominicano.com\/index.php?rest_route=%2Fwp%2Fv2%2Ftags&post=694343"}],"curies":[{"name":"wp","href":"https:\/\/api.w.org\/{rel}","templated":true}]}}