{"id":694338,"date":"2026-09-02T03:28:47","date_gmt":"2026-09-02T07:28:47","guid":{"rendered":"https:\/\/diariodominicano.com\/?p=694338"},"modified":"2026-09-02T03:29:45","modified_gmt":"2026-09-02T07:29:45","slug":"presidente-abinader-llama-a-147-servidores-publicos-graduados-a-poner-sus-conocimientos-al-servicio-de-la-ciudadania-y-ejercer-sus-funciones-con-etica-transparencia-y-honestidad","status":"publish","type":"post","link":"https:\/\/diariodominicano.com\/?p=694338","title":{"rendered":"Presidente Abinader llama a 147 servidores p\u00fablicos graduados a poner sus conocimientos al servicio de la ciudadan\u00eda y ejercer sus funciones con \u00e9tica, transparencia y honestidad"},"content":{"rendered":"\n<h3 class=\"wp-block-heading\">La maestr\u00eda en Gesti\u00f3n P\u00fablica y Gobernanza, iniciativa del presidente Luis Abinader, ha formado 346 profesionales, incluidos los 147 graduados en esta ceremonia y los 199 investidos previamente.<\/h3>\n\n\n\n<p class=\"wp-block-paragraph\">1 de Septiembre 2026 | 15:08<\/p>\n\n\n\n<p class=\"wp-block-paragraph\">Santo Domingo, RD.\u2013 El\u00a0<strong>presidente Luis Abinader<\/strong>\u00a0encabez\u00f3 este martes la graduaci\u00f3n de\u00a0<strong>147 servidores p\u00fablicos, 80 mujeres y 67 hombres<\/strong>, correspondientes a la\u00a0<strong>segunda cohorte<\/strong>\u00a0de la maestr\u00eda en\u00a0<strong>Gesti\u00f3n P\u00fablica y Gobernanza<\/strong>, iniciativa impulsada por el mandatario a trav\u00e9s del Instituto Nacional de Administraci\u00f3n P\u00fablica\u00a0<strong>(INAP)<\/strong>\u00a0e impartida por la\u00a0<strong>Universidad<\/strong>\u00a0Aut\u00f3noma de Santo Domingo (UASD).<\/p>\n\n\n\n<p class=\"wp-block-paragraph\">La maestr\u00eda en Gesti\u00f3n P\u00fablica y Gobernanza es una&nbsp;<strong>iniciativa impulsada por el presidente Luis Abinader<\/strong>&nbsp;para fortalecer la&nbsp;<strong>profesionalizaci\u00f3n y las capacidades de los servidores p\u00fablicos<\/strong>. Con los&nbsp;<strong>147<\/strong>&nbsp;graduados de esta ceremonia y los&nbsp;<strong>199<\/strong>&nbsp;investidos previamente de la misma cohorte, el programa alcanza un&nbsp;<strong>total de 346 profesionales formados.<\/strong><\/p>\n\n\n\n<p class=\"wp-block-paragraph\">En el mismo acto, la UASD invisti\u00f3 a&nbsp;<strong>37 profesionales<\/strong>&nbsp;de la maestr\u00eda en&nbsp;<strong>Procesos Pedag\u00f3gicos y Gesti\u00f3n de la Educaci\u00f3n Infantil<\/strong>, quienes ampliaron sus conocimientos y competencias para contribuir al fortalecimiento de la educaci\u00f3n en la primera infancia en la Rep\u00fablica Dominicana.<\/p>\n\n\n\n<p class=\"wp-block-paragraph\">Durante la ceremonia, celebrada en el Aula Magna de la UASD, el mandatario exhort\u00f3 a los graduandos a poner los conocimientos adquiridos al servicio de la ciudadan\u00eda y ejercer sus funciones con&nbsp;<strong>\u00e9tica, transparencia y honestidad, valores<\/strong>&nbsp;que consider\u00f3 fundamentales para asumir con responsabilidad el servicio p\u00fablico.&nbsp;<em>\u201cLa primera virtud que debe tener un funcionario p\u00fablico es la transparencia, la honestidad y despu\u00e9s vienen las otras\u201d<\/em>, manifest\u00f3.<\/p>\n\n\n\n<p class=\"wp-block-paragraph\">El mandatario afirm\u00f3 que la transformaci\u00f3n del pa\u00eds&nbsp;<strong>no depende \u00fanicamente de las grandes decisiones de un presidente o de un Gobierno<\/strong>, sino tambi\u00e9n de las miles de decisiones que toman cada d\u00eda&nbsp;<strong>servidores p\u00fablicos responsables, preparados y honestos.&nbsp;<\/strong><\/p>\n\n\n\n<figure class=\"wp-block-image\"><img decoding=\"async\" src=\"https:\/\/presidencia.gob.do\/sites\/default\/files\/inline-images\/WhatsApp%20Image%202026-09-01%20at%202.54.02%20PM.jpeg\" alt=\"\"\/><\/figure>\n\n\n\n<p class=\"wp-block-paragraph\">Resalt\u00f3 tambi\u00e9n que la promoci\u00f3n est\u00e1 integrada por&nbsp;<strong>servidores p\u00fablicos de distintas regiones del pa\u00eds<\/strong>&nbsp;y se\u00f1al\u00f3 que las oportunidades de preparaci\u00f3n y crecimiento profesional no deben concentrarse en Santo Domingo.&nbsp;<\/p>\n\n\n\n<p class=\"wp-block-paragraph\">En ese sentido, indic\u00f3 que el programa ha llegado a provincias como Santiago, La Altagracia, Duarte, San Juan de la Maguana, Salcedo, San Pedro de Macor\u00eds y La Romana, entre otras, bajo la premisa de que&nbsp;<strong>donde existe una instituci\u00f3n p\u00fablica tambi\u00e9n deben existir servidores capacitados<\/strong>&nbsp;para responder a las&nbsp;<strong>necesidades de la poblaci\u00f3n.<\/strong><\/p>\n\n\n\n<p class=\"wp-block-paragraph\">El presidente Abinader inform\u00f3 que&nbsp;<strong>a finales de a\u00f1o otros 500 servidores p\u00fablicos iniciar\u00e1n esta maestr\u00eda<\/strong>, con formaci\u00f3n en \u00e1reas como transformaci\u00f3n digital, gesti\u00f3n y evaluaci\u00f3n de proyectos, recursos humanos y finanzas p\u00fablicas. Asimismo,&nbsp;<strong>felicit\u00f3 a los graduandos&nbsp;<\/strong>por el esfuerzo realizado para completar el programa y afirm\u00f3 que su prop\u00f3sito trasciende la obtenci\u00f3n de un t\u00edtulo acad\u00e9mico.&nbsp;<em>\u201cSe han preparado mejor para poder servir mejor\u201d,<\/em>&nbsp;expres\u00f3.<\/p>\n\n\n\n<p class=\"wp-block-paragraph\">El presidente exhort\u00f3 a los nuevos profesionales a&nbsp;<strong>convertirse en agentes de cambio<\/strong>&nbsp;en sus instituciones, provincias y comunidades, mediante la aplicaci\u00f3n de los conocimientos adquiridos para simplificar procesos, aprovechar la tecnolog\u00eda, administrar los recursos con rigor y mejorar los servicios p\u00fablicos.<\/p>\n\n\n\n<p class=\"wp-block-paragraph\"><em>\u201cTrabajamos para la gente. Ese es el sentido profundo del servicio p\u00fablico\u201d,<\/em>&nbsp;afirm\u00f3, al recordar que detr\u00e1s de cada expediente existe una persona y que detr\u00e1s de cada decisi\u00f3n p\u00fablica hay&nbsp;<strong>recursos que pertenecen a todos los dominicanos.<\/strong><\/p>\n\n\n\n<p class=\"wp-block-paragraph\"><strong>UASD destaca compromiso con el servicio p\u00fablico<\/strong><\/p>\n\n\n\n<p class=\"wp-block-paragraph\">El rector de la Universidad Aut\u00f3noma de Santo Domingo (UASD), doctor&nbsp;<strong>Jorge Asjana<\/strong>, felicit\u00f3 a los graduandos por alcanzar un&nbsp;<strong>nuevo grado acad\u00e9mico<\/strong>&nbsp;y, especialmente, por haber elegido la Gesti\u00f3n P\u00fablica y Gobernanza como \u00e1rea de formaci\u00f3n, al destacar que esta decisi\u00f3n refleja su&nbsp;<strong>vocaci\u00f3n de servicio y compromiso con la sociedad<\/strong>, al entender la funci\u00f3n p\u00fablica como una responsabilidad que demanda preparaci\u00f3n, honestidad, capacidad y \u00e9tica.<\/p>\n\n\n\n<p class=\"wp-block-paragraph\">Asjana llam\u00f3 a los maestrantes a poner sus conocimientos al servicio de la transformaci\u00f3n del Estado y del pa\u00eds, y les pidi\u00f3 asumir sus responsabilidades con compromiso, recordar sus ra\u00edces y llevar con orgullo el prestigio de ser egresados de la UASD.<\/p>\n\n\n\n<p class=\"wp-block-paragraph\"><strong>Educaci\u00f3n para fortalecer el Estado<\/strong><\/p>\n\n\n\n<p class=\"wp-block-paragraph\">De su lado, el director del Instituto Nacional de Administraci\u00f3n P\u00fablica (INAP),&nbsp;<strong>Gregorio Montero Montero<\/strong>, destac\u00f3 que la educaci\u00f3n constituye una&nbsp;<strong>herramienta fundamental para fortalecer el Estado y la institucionalidad p\u00fablica<\/strong>, al contribuir a la generaci\u00f3n de conocimientos y a la transformaci\u00f3n de conductas.&nbsp;<\/p>\n\n\n\n<p class=\"wp-block-paragraph\">Record\u00f3 que hace seis meses se realiz\u00f3 una primera ceremonia en la que fueron investidos 199 maestrantes de esta cohorte, mientras que en esta ocasi\u00f3n se incorporan otros 147 graduados de la Maestr\u00eda en Gesti\u00f3n P\u00fablica y Gobernanza, desarrollada mediante acuerdos entre el INAP, el Ministerio de Administraci\u00f3n P\u00fablica (MAP) y la UASD. Les dijo a los nuevos profesionales aque deben aplicar los conocimientos y experiencias adquiridos en sus instituciones, en el Gobierno y en el pa\u00eds, con el objetivo de contribuir a mejorar<strong>&nbsp;la calidad de los servicios p\u00fablicos y la calidad de vida de los ciudadanos.<\/strong><\/p>\n\n\n\n<p class=\"wp-block-paragraph\"><strong>Agradece al presidente por la profesionalizaci\u00f3n del servicio p\u00fablico<\/strong><\/p>\n\n\n\n<p class=\"wp-block-paragraph\">En representaci\u00f3n de la primera cohorte de la naestr\u00eda en Gesti\u00f3n P\u00fablica y Gobernanza, menci\u00f3n Innovaci\u00f3n y Transformaci\u00f3n Digital, el graduando&nbsp;<strong>Cecilio Alberto Mej\u00eda<\/strong>&nbsp;agradeci\u00f3 a las autoridades por impulsar la&nbsp;<strong>profesionalizaci\u00f3n del servicio<\/strong>&nbsp;p\u00fablico y al presidente Luis Abinader por su visi\u00f3n y&nbsp;<strong>respaldo al programa.<\/strong><\/p>\n\n\n\n<figure class=\"wp-block-image\"><img decoding=\"async\" src=\"https:\/\/presidencia.gob.do\/sites\/default\/files\/inline-images\/WhatsApp%20Image%202026-09-01%20at%202.54.01%20PM.jpeg\" alt=\"\"\/><\/figure>\n\n\n\n<p class=\"wp-block-paragraph\">Destac\u00f3 que durante los dos a\u00f1os de formaci\u00f3n adquirieron conocimientos y herramientas para fortalecer la gesti\u00f3n p\u00fablica y contribuir a la transformaci\u00f3n de las instituciones.<\/p>\n\n\n\n<p class=\"wp-block-paragraph\"><strong>Cuatro \u00e1reas de especializaci\u00f3n<\/strong><\/p>\n\n\n\n<p class=\"wp-block-paragraph\">La maestr\u00eda en Gesti\u00f3n P\u00fablica y Gobernanza fue estructurada en&nbsp;<strong>cuatro menciones<\/strong>: Gesti\u00f3n de Finanzas P\u00fablicas, Innovaci\u00f3n y Transformaci\u00f3n Digital, Gesti\u00f3n de Recursos Humanos y Gesti\u00f3n y Evaluaci\u00f3n de Proyectos, orientadas a fortalecer las&nbsp;<strong>competencias t\u00e9cnicas y estrat\u00e9gicas<\/strong>&nbsp;de los servidores p\u00fablicos para una&nbsp;<strong>administraci\u00f3n m\u00e1s eficiente y moderna<\/strong>.<\/p>\n\n\n\n<p class=\"wp-block-paragraph\">Estuvieron presentes el presidente del Senado,&nbsp;<strong>Ricardo de los Santo<\/strong>s; el ministro de Administraci\u00f3n P\u00fablica,&nbsp;<strong>Sigmund Freund<\/strong>, y de Educaci\u00f3n Superior, Ciencia y Tecnolog\u00eda,&nbsp;<strong>Rafael Santos Bad\u00eda<\/strong>, as\u00ed como el vicerrector docente de la UASD,&nbsp;<strong>Rosel Fern\u00e1ndez<\/strong>;&nbsp;<strong>Antonio Ciriaco Cruz<\/strong>, vicerrector administrativo;&nbsp;<strong>Juana M. Encarnaci\u00f3n<\/strong>, de Investigaci\u00f3n y Postgrado, y&nbsp;<strong>Gerardo Roa Ogando<\/strong>, de Extensi\u00f3n, entre otras personalidades.<\/p>\n\n\n\n<p class=\"wp-block-paragraph\"><a href=\"https:\/\/presidencia.gob.do\/taxonomy\/term\/58\">DIPP<\/a><\/p>\n\n\n\n<p class=\"wp-block-paragraph\"><a href=\"https:\/\/presidencia.gob.do\/institucion\/inap\">INAP<\/a><\/p>\n","protected":false},"excerpt":{"rendered":"<p>La maestr\u00eda en Gesti\u00f3n P\u00fablica y Gobernanza, iniciativa del presidente Luis Abinader, ha formado 346 profesionales, incluidos los 147 graduados en esta ceremonia y los 199 investidos previamente. 1 de Septiembre 2026 | 15:08 Santo Domingo, RD.\u2013 El\u00a0presidente Luis Abinader\u00a0encabez\u00f3 este martes la graduaci\u00f3n de\u00a0147 servidores p\u00fablicos, 80 mujeres y 67 hombres, correspondientes a la\u00a0segunda [&hellip;]<\/p>\n","protected":false},"author":2,"featured_media":694339,"comment_status":"open","ping_status":"closed","sticky":false,"template":"","format":"standard","meta":{"footnotes":""},"categories":[20,27],"tags":[1854],"class_list":["post-694338","post","type-post","status-publish","format-standard","has-post-thumbnail","hentry","category-dominicana-hoy","category-portada","tag-presidente-abinader"],"_links":{"self":[{"href":"https:\/\/diariodominicano.com\/index.php?rest_route=\/wp\/v2\/posts\/694338","targetHints":{"allow":["GET"]}}],"collection":[{"href":"https:\/\/diariodominicano.com\/index.php?rest_route=\/wp\/v2\/posts"}],"about":[{"href":"https:\/\/diariodominicano.com\/index.php?rest_route=\/wp\/v2\/types\/post"}],"author":[{"embeddable":true,"href":"https:\/\/diariodominicano.com\/index.php?rest_route=\/wp\/v2\/users\/2"}],"replies":[{"embeddable":true,"href":"https:\/\/diariodominicano.com\/index.php?rest_route=%2Fwp%2Fv2%2Fcomments&post=694338"}],"version-history":[{"count":2,"href":"https:\/\/diariodominicano.com\/index.php?rest_route=\/wp\/v2\/posts\/694338\/revisions"}],"predecessor-version":[{"id":694342,"href":"https:\/\/diariodominicano.com\/index.php?rest_route=\/wp\/v2\/posts\/694338\/revisions\/694342"}],"wp:featuredmedia":[{"embeddable":true,"href":"https:\/\/diariodominicano.com\/index.php?rest_route=\/wp\/v2\/media\/694339"}],"wp:attachment":[{"href":"https:\/\/diariodominicano.com\/index.php?rest_route=%2Fwp%2Fv2%2Fmedia&parent=694338"}],"wp:term":[{"taxonomy":"category","embeddable":true,"href":"https:\/\/diariodominicano.com\/index.php?rest_route=%2Fwp%2Fv2%2Fcategories&post=694338"},{"taxonomy":"post_tag","embeddable":true,"href":"https:\/\/diariodominicano.com\/index.php?rest_route=%2Fwp%2Fv2%2Ftags&post=694338"}],"curies":[{"name":"wp","href":"https:\/\/api.w.org\/{rel}","templated":true}]}}