{"id":694335,"date":"2026-09-02T03:23:37","date_gmt":"2026-09-02T07:23:37","guid":{"rendered":"https:\/\/diariodominicano.com\/?p=694335"},"modified":"2026-09-02T03:23:44","modified_gmt":"2026-09-02T07:23:44","slug":"policia-nacional-suma-agentes-a-consulta-para-prevenir-la-violencia-contra-las-mujeres","status":"publish","type":"post","link":"https:\/\/diariodominicano.com\/?p=694335","title":{"rendered":"Polic\u00eda Nacional suma agentes a consulta para prevenir la violencia contra las mujeres"},"content":{"rendered":"\n<h3 class=\"wp-block-heading\">La jornada reuni\u00f3 al Ministerio de la Mujer y la Polic\u00eda Nacional en un espacio de di\u00e1logo con los agentes para fortalecer la articulaci\u00f3n institucional y la prevenci\u00f3n de la violencia contra las mujeres.<\/h3>\n\n\n\n<p class=\"wp-block-paragraph\">1 de Septiembre 2026 |<\/p>\n\n\n\n<figure class=\"wp-block-image\"><img decoding=\"async\" src=\"https:\/\/platform-cdn.sharethis.com\/img\/facebook.svg\" alt=\"facebook sharing button\"\/><\/figure>\n\n\n\n<figure class=\"wp-block-image\"><img decoding=\"async\" src=\"https:\/\/platform-cdn.sharethis.com\/img\/twitter.svg\" alt=\"twitter sharing button\"\/><\/figure>\n\n\n\n<figure class=\"wp-block-image\"><img decoding=\"async\" src=\"https:\/\/platform-cdn.sharethis.com\/img\/sharethis.svg\" alt=\"sharethis sharing button\"\/><\/figure>\n\n\n\n<p class=\"wp-block-paragraph\">Santo Domingo.-&nbsp;<strong>El Ministerio de la Mujer y la Polic\u00eda Nacional&nbsp;<\/strong>desarrollaron el panel de di\u00e1logo interinstitucional&nbsp;<strong>\u201cVoces que aportan soluciones desde la poblaci\u00f3n masculina\u201d,<\/strong>&nbsp;con la participaci\u00f3n de&nbsp;<strong>cientos de agentes<\/strong>&nbsp;pertenecientes a la instituci\u00f3n del orden, como parte de la&nbsp;<strong>Consulta Nacional para la Reducci\u00f3n de Riesgos de Violencia hacia las Mujeres.<\/strong><\/p>\n\n\n\n<p class=\"wp-block-paragraph\">El encuentro tuvo como prop\u00f3sito propiciar una&nbsp;<strong>reflexi\u00f3n directa<\/strong>&nbsp;con los agentes policiales sobre el&nbsp;<strong>papel de los hombres<\/strong>&nbsp;en la prevenci\u00f3n y reducci\u00f3n de los&nbsp;<strong>riesgos de violencia contra las mujeres<\/strong>, as\u00ed como identificar acciones que contribuyan a transformar conductas, fortalecer la prevenci\u00f3n y mejorar las respuestas institucionales.<\/p>\n\n\n\n<p class=\"wp-block-paragraph\">La jornada fue encabezada por la ministra de la Mujer,&nbsp;<strong>Gloria Reyes<\/strong>, junto con el subdirector general de la Polic\u00eda Nacional, general&nbsp;<strong>Esteban Figuereo Garc\u00eda<\/strong>, y cont\u00f3 con la presencia del general&nbsp;<strong>Mart\u00edn Miguel Tapia S\u00e1nchez<\/strong>, inspector general de la Polic\u00eda Nacional. El panel estuvo integrado por la general&nbsp;<strong>Celeste Yanet Jim\u00e9nez Cabral<\/strong>, titular de la Direcci\u00f3n Especializada de Atenci\u00f3n a la Mujer y Violencia Intrafamiliar (Deamvi);&nbsp;<strong>Rosa Yudelka de los Santos<\/strong>, directora nacional de Atenci\u00f3n a V\u00edctimas, del Ministerio P\u00fablico, y&nbsp;<strong>Rosa Dariana Mej\u00eda Abud<\/strong>, viceministra de Planificaci\u00f3n y Desarrollo del Ministerio de la Mujer.&nbsp;<\/p>\n\n\n\n<p class=\"wp-block-paragraph\">El conversatorio fue&nbsp;<strong>moderado<\/strong>&nbsp;por la viceministra de Cultura de Igualdad del Ministerio de la Mujer,&nbsp;<strong>Lily Luciano<\/strong>, en cual particip\u00f3 el doctor&nbsp;<strong>Luis Verg\u00e9s<\/strong>, psic\u00f3logo cl\u00ednico y terapeuta familiar.<\/p>\n\n\n\n<p class=\"wp-block-paragraph\">La ministra de la Mujer, Gloria Reyes, resalt\u00f3 la importancia de la participaci\u00f3n de la Polic\u00eda Nacional debido a su presencia en todo el territorio y al&nbsp;<strong>contacto permanente de sus miembros con las comunidades<\/strong>, lo que les permite&nbsp;<strong>conocer de primera mano<\/strong>&nbsp;situaciones que afectan la&nbsp;<strong>convivencia<\/strong>, la&nbsp;<strong>seguridad<\/strong>&nbsp;de las familias y la&nbsp;<strong>tranquilidad<\/strong>&nbsp;de los barrios.<\/p>\n\n\n\n<p class=\"wp-block-paragraph\"><em>\u201cNos convoca un prop\u00f3sito concreto: fortalecer la prevenci\u00f3n de la violencia contra las mujeres mediante informaci\u00f3n confiable, coordinaci\u00f3n institucional y decisiones que respondan a la realidad. Este no es un acto para cumplir con una formalidad. Es un ejercicio de escucha que busca producir conocimientos \u00fatiles para la acci\u00f3n p\u00fablica\u201d,<\/em>&nbsp;expres\u00f3.<\/p>\n\n\n\n<p class=\"wp-block-paragraph\">De su lado, el subdirector general de la Polic\u00eda Nacional, general&nbsp;<strong>Esteban Figuereo Garc\u00eda<\/strong>, ofreci\u00f3 las&nbsp;<strong>palabras de apertura<\/strong>&nbsp;de la jornada y destac\u00f3 la importancia de la participaci\u00f3n de los agentes policiales en la Consulta Nacional, como un&nbsp;<strong>espacio para aportar sus experiencias y propuestas<\/strong>&nbsp;a las acciones dirigidas a prevenir la violencia contra las mujeres.<\/p>\n\n\n\n<p class=\"wp-block-paragraph\">En el panel se abordaron temas relacionados con la&nbsp;<strong>construcci\u00f3n de masculinidades<\/strong>&nbsp;basadas en el&nbsp;<strong>respeto y la igualdad<\/strong>, la identificaci\u00f3n de&nbsp;<strong>se\u00f1ales de alerta<\/strong>&nbsp;y la prevenci\u00f3n de&nbsp;<strong>conductas violentas<\/strong>, con especial atenci\u00f3n al papel de los agentes policiales ante situaciones de violencia contra las mujeres.<\/p>\n\n\n\n<p class=\"wp-block-paragraph\">De igual forma, se analizaron&nbsp;<strong>factores individuales, familiares, sociales e institucionales<\/strong>&nbsp;que pueden incidir en comportamientos violentos, adem\u00e1s de herramientas para el&nbsp;<strong>manejo adecuado de emociones como la ira, los celos y la frustraci\u00f3n<\/strong>, sin recurrir a la violencia.<\/p>\n\n\n\n<p class=\"wp-block-paragraph\">La metodolog\u00eda contempl\u00f3&nbsp;<strong>preguntas dirigidas a las panelistas<\/strong>, en las que se profundizaron temas como la&nbsp;<strong>responsabilidad de los hombres<\/strong>&nbsp;cuando conocen situaciones de violencia en su entorno, la importancia de evitar la&nbsp;<strong>revictimizaci\u00f3n de las mujeres denunciantes<\/strong>&nbsp;y la necesidad de superar la concepci\u00f3n de que la violencia intrafamiliar constituye un asunto privado.<\/p>\n\n\n\n<p class=\"wp-block-paragraph\">El conversatorio concluy\u00f3 con las explicaciones para el&nbsp;<strong>llenado del instrumento de la Consulta Nacional<\/strong>. Mientras, el equipo t\u00e9cnico aplic\u00f3 la consulta a los participantes, cuyas&nbsp;<strong>opiniones y propuestas&nbsp;<\/strong>ser\u00e1n incorporadas como&nbsp;<strong>insumos para las recomendaciones derivadas del proceso nacional.<\/strong><\/p>\n\n\n\n<p class=\"wp-block-paragraph\"><strong>Participaci\u00f3n de los agentes en la prevenci\u00f3n<\/strong><\/p>\n\n\n\n<p class=\"wp-block-paragraph\">La jornada forma parte de los esfuerzos del Ministerio de la Mujer para ampliar la participaci\u00f3n de los hombres en la prevenci\u00f3n de la violencia contra las mujeres y generar evidencia que permita fortalecer las&nbsp;<strong>pol\u00edticas p\u00fablicas dirigidas a reducir sus riesgos.<\/strong><\/p>\n\n\n\n<p class=\"wp-block-paragraph\">En el conversatorio, se destac\u00f3 que la integraci\u00f3n de la Polic\u00eda Nacional permite sumar al proceso las&nbsp;<strong>perspectivas de los agentes<\/strong>, cuyas funciones son relevantes en la prevenci\u00f3n, detecci\u00f3n y respuesta ante situaciones de violencia contra las mujeres, al tiempo que fortalece la articulaci\u00f3n entre ambas instituciones.<\/p>\n\n\n\n<p class=\"wp-block-paragraph\">En ese sentido, se enfatiz\u00f3 que la consulta nacional para la reducci\u00f3n de riesgos de violencia hacia las mujeres, \u201c<strong>Voces que aportan soluciones desde la poblaci\u00f3n masculina\u201d<\/strong>, impulsada por el Ministerio de la Mujer, busca recoger las percepciones, experiencias y propuestas de&nbsp;<strong>hombres de distintos sectores<\/strong>&nbsp;de la sociedad dominicana para fortalecer las&nbsp;<strong>acciones de prevenci\u00f3n.<\/strong><\/p>\n\n\n\n<p class=\"wp-block-paragraph\"><a href=\"https:\/\/presidencia.gob.do\/taxonomy\/term\/81\">PN<\/a><\/p>\n\n\n\n<p class=\"wp-block-paragraph\"><a href=\"https:\/\/presidencia.gob.do\/taxonomy\/term\/264\">Seguridad Ciudadana<\/a><\/p>\n","protected":false},"excerpt":{"rendered":"<p>La jornada reuni\u00f3 al Ministerio de la Mujer y la Polic\u00eda Nacional en un espacio de di\u00e1logo con los agentes para fortalecer la articulaci\u00f3n institucional y la prevenci\u00f3n de la violencia contra las mujeres. 1 de Septiembre 2026 | Santo Domingo.-&nbsp;El Ministerio de la Mujer y la Polic\u00eda Nacional&nbsp;desarrollaron el panel de di\u00e1logo interinstitucional&nbsp;\u201cVoces que [&hellip;]<\/p>\n","protected":false},"author":2,"featured_media":694336,"comment_status":"open","ping_status":"closed","sticky":false,"template":"","format":"standard","meta":{"footnotes":""},"categories":[20],"tags":[1070],"class_list":["post-694335","post","type-post","status-publish","format-standard","has-post-thumbnail","hentry","category-dominicana-hoy","tag-policia-nacional"],"_links":{"self":[{"href":"https:\/\/diariodominicano.com\/index.php?rest_route=\/wp\/v2\/posts\/694335","targetHints":{"allow":["GET"]}}],"collection":[{"href":"https:\/\/diariodominicano.com\/index.php?rest_route=\/wp\/v2\/posts"}],"about":[{"href":"https:\/\/diariodominicano.com\/index.php?rest_route=\/wp\/v2\/types\/post"}],"author":[{"embeddable":true,"href":"https:\/\/diariodominicano.com\/index.php?rest_route=\/wp\/v2\/users\/2"}],"replies":[{"embeddable":true,"href":"https:\/\/diariodominicano.com\/index.php?rest_route=%2Fwp%2Fv2%2Fcomments&post=694335"}],"version-history":[{"count":1,"href":"https:\/\/diariodominicano.com\/index.php?rest_route=\/wp\/v2\/posts\/694335\/revisions"}],"predecessor-version":[{"id":694337,"href":"https:\/\/diariodominicano.com\/index.php?rest_route=\/wp\/v2\/posts\/694335\/revisions\/694337"}],"wp:featuredmedia":[{"embeddable":true,"href":"https:\/\/diariodominicano.com\/index.php?rest_route=\/wp\/v2\/media\/694336"}],"wp:attachment":[{"href":"https:\/\/diariodominicano.com\/index.php?rest_route=%2Fwp%2Fv2%2Fmedia&parent=694335"}],"wp:term":[{"taxonomy":"category","embeddable":true,"href":"https:\/\/diariodominicano.com\/index.php?rest_route=%2Fwp%2Fv2%2Fcategories&post=694335"},{"taxonomy":"post_tag","embeddable":true,"href":"https:\/\/diariodominicano.com\/index.php?rest_route=%2Fwp%2Fv2%2Ftags&post=694335"}],"curies":[{"name":"wp","href":"https:\/\/api.w.org\/{rel}","templated":true}]}}