{"id":694287,"date":"2026-09-02T00:26:01","date_gmt":"2026-09-02T04:26:01","guid":{"rendered":"https:\/\/diariodominicano.com\/?p=694287"},"modified":"2026-09-02T00:26:05","modified_gmt":"2026-09-02T04:26:05","slug":"union-creativa-celebra-10-anos-de-crecimiento-innovacion-y-eventos-inolvidables","status":"publish","type":"post","link":"https:\/\/diariodominicano.com\/?p=694287","title":{"rendered":"Uni\u00f3n Creativa Celebra 10 a\u00f1os de crecimiento innovaci\u00f3n y eventos inolvidables\u00a0"},"content":{"rendered":"\n<p class=\"wp-block-paragraph\"><strong>La empresa celebra una d\u00e9cada de evoluci\u00f3n, marcada por la cercan\u00eda con sus clientes, la innovaci\u00f3n tecnol\u00f3gica y la pasi\u00f3n por convertir ideas en experiencias.<\/strong><\/p>\n\n\n\n<p class=\"wp-block-paragraph\"><strong>Santo Domingo, Rep\u00fablica Dominicana.<\/strong> \u2013 Uni\u00f3n Creativa celebra su d\u00e9cimo aniversario reafirmando el compromiso que ha acompa\u00f1ado su crecimiento desde sus inicios: ofrecer soluciones creativas y experiencias memorables a trav\u00e9s de un servicio cercano, comprometido y personalizado.<\/p>\n\n\n\n<p class=\"wp-block-paragraph\">La historia de Uni\u00f3n Creativa comenz\u00f3 de manera sencilla, brindando servicios de sonido a una iglesia y dando sus primeros pasos con equipos prestados. Lo que inici\u00f3 como una oportunidad para trabajar y aprender. Fue evolucionando gradualmente, a medida que surg\u00edan nuevas necesidades y nuevos retos dentro del mundo de los eventos.<\/p>\n\n\n\n<figure class=\"wp-block-image size-large\"><img loading=\"lazy\" decoding=\"async\" width=\"1024\" height=\"856\" src=\"https:\/\/diariodominicano.com\/wp-content\/uploads\/2026\/09\/Israel-Cepeda-Junto-al-equipo-de-Union-Creativa-1024x856.webp\" alt=\"\" class=\"wp-image-694297\" srcset=\"https:\/\/diariodominicano.com\/wp-content\/uploads\/2026\/09\/Israel-Cepeda-Junto-al-equipo-de-Union-Creativa-1024x856.webp 1024w, https:\/\/diariodominicano.com\/wp-content\/uploads\/2026\/09\/Israel-Cepeda-Junto-al-equipo-de-Union-Creativa-300x251.webp 300w, https:\/\/diariodominicano.com\/wp-content\/uploads\/2026\/09\/Israel-Cepeda-Junto-al-equipo-de-Union-Creativa-768x642.webp 768w, https:\/\/diariodominicano.com\/wp-content\/uploads\/2026\/09\/Israel-Cepeda-Junto-al-equipo-de-Union-Creativa-1536x1284.webp 1536w, https:\/\/diariodominicano.com\/wp-content\/uploads\/2026\/09\/Israel-Cepeda-Junto-al-equipo-de-Union-Creativa-2048x1712.webp 2048w, https:\/\/diariodominicano.com\/wp-content\/uploads\/2026\/09\/Israel-Cepeda-Junto-al-equipo-de-Union-Creativa-816x682.webp 816w\" sizes=\"auto, (max-width: 1024px) 100vw, 1024px\" \/><\/figure>\n\n\n\n<p class=\"wp-block-paragraph\">Su fundador, Israel Cepeda, combin\u00f3 durante los primeros a\u00f1os distintos trabajos mientras destinaba los ingresos que obten\u00eda a la adquisici\u00f3n progresiva de equipos y al desarrollo del proyecto. Junto a compa\u00f1eros de estudio y con una visi\u00f3n de crecimiento constante, Uni\u00f3n Creativa fue construyendo su camino a trav\u00e9s del esfuerzo, la reinversi\u00f3n y la confianza de sus primeros clientes.<\/p>\n\n\n\n<p class=\"wp-block-paragraph\">A lo largo de estos 10 a\u00f1os, la empresa ha ampliado sus servicios y su alcance, creciendo principalmente a trav\u00e9s de las recomendaciones y el respaldo de una cartera de clientes que ha valorado su trato personalizado, compromiso y entrega en cada proyecto.<\/p>\n\n\n\n<p class=\"wp-block-paragraph\">El a\u00f1o 2020 represent\u00f3 un punto de transformaci\u00f3n para la organizaci\u00f3n. La necesidad de adaptarse a un nuevo contexto impuls\u00f3 el desarrollo de eventos virtuales y abri\u00f3 las puertas a una mayor diversificaci\u00f3n de servicios, permitiendo a Uni\u00f3n Creativa fortalecer su presencia en los segmentos corporativos, gubernamentales y privados.<\/p>\n\n\n\n<p class=\"wp-block-paragraph\">Actualmente, la empresa contin\u00faa apostando por mantenerse a la vanguardia en tecnolog\u00edas y equipos de iluminaci\u00f3n , audio y pantallas led, incorporando nuevas herramientas para acompa\u00f1ar a sus clientes desde la conceptualizaci\u00f3n de cada proyecto.&nbsp;<\/p>\n\n\n\n<p class=\"wp-block-paragraph\">Para Uni\u00f3n Creativa, cada proyecto representa una oportunidad de crear una experiencia que trascienda el momento del evento. Desde las producciones m\u00e1s peque\u00f1as hasta los proyectos de mayor escala, la empresa mantiene una filosof\u00eda basada en la cercan\u00eda, el servicio y la capacidad de adaptarse a las necesidades de cada cliente.<\/p>\n\n\n\n<p class=\"wp-block-paragraph\">Al celebrar esta primera d\u00e9cada, la empresa reconoce y agradece el papel fundamental de sus colaboradores, clientes, aliados comerciales y familias, quienes han acompa\u00f1ado el camino y han contribuido a convertir un proyecto que inici\u00f3 con recursos limitados en una empresa en constante evoluci\u00f3n.<\/p>\n\n\n\n<p class=\"wp-block-paragraph\">\u201cHace 10 a\u00f1os comenzamos creando eventos. Hoy celebramos que, mientras ayud\u00e1bamos a otros a hacer realidad sus sue\u00f1os, tambi\u00e9n hicimos realidad el nuestro\u201d, expres\u00f3 Israel durante la celebraci\u00f3n del d\u00e9cimo aniversario.<\/p>\n\n\n\n<p class=\"wp-block-paragraph\">Con la mirada puesta en el futuro, Uni\u00f3n Creativa inicia una nueva etapa con el compromiso de continuar innovando, creciendo y creando experiencias que conecten con las personas.<\/p>\n\n\n\n<p class=\"wp-block-paragraph\"><strong>Diez a\u00f1os despu\u00e9s, la historia contin\u00faa&nbsp;<\/strong><\/p>\n\n\n\n<p class=\"wp-block-paragraph\">Daniela Sena <a href=\"mailto:daniela@lendof.com.do\">daniela@lendof.com.do<\/a>&nbsp;<\/p>\n","protected":false},"excerpt":{"rendered":"<p>La empresa celebra una d\u00e9cada de evoluci\u00f3n, marcada por la cercan\u00eda con sus clientes, la innovaci\u00f3n tecnol\u00f3gica y la pasi\u00f3n por convertir ideas en experiencias. Santo Domingo, Rep\u00fablica Dominicana. \u2013 Uni\u00f3n Creativa celebra su d\u00e9cimo aniversario reafirmando el compromiso que ha acompa\u00f1ado su crecimiento desde sus inicios: ofrecer soluciones creativas y experiencias memorables a trav\u00e9s [&hellip;]<\/p>\n","protected":false},"author":7,"featured_media":694298,"comment_status":"closed","ping_status":"closed","sticky":false,"template":"","format":"standard","meta":{"footnotes":""},"categories":[17],"tags":[8194],"class_list":["post-694287","post","type-post","status-publish","format-standard","has-post-thumbnail","hentry","category-deportes","tag-union-creativa"],"_links":{"self":[{"href":"https:\/\/diariodominicano.com\/index.php?rest_route=\/wp\/v2\/posts\/694287","targetHints":{"allow":["GET"]}}],"collection":[{"href":"https:\/\/diariodominicano.com\/index.php?rest_route=\/wp\/v2\/posts"}],"about":[{"href":"https:\/\/diariodominicano.com\/index.php?rest_route=\/wp\/v2\/types\/post"}],"author":[{"embeddable":true,"href":"https:\/\/diariodominicano.com\/index.php?rest_route=\/wp\/v2\/users\/7"}],"replies":[{"embeddable":true,"href":"https:\/\/diariodominicano.com\/index.php?rest_route=%2Fwp%2Fv2%2Fcomments&post=694287"}],"version-history":[{"count":1,"href":"https:\/\/diariodominicano.com\/index.php?rest_route=\/wp\/v2\/posts\/694287\/revisions"}],"predecessor-version":[{"id":694299,"href":"https:\/\/diariodominicano.com\/index.php?rest_route=\/wp\/v2\/posts\/694287\/revisions\/694299"}],"wp:featuredmedia":[{"embeddable":true,"href":"https:\/\/diariodominicano.com\/index.php?rest_route=\/wp\/v2\/media\/694298"}],"wp:attachment":[{"href":"https:\/\/diariodominicano.com\/index.php?rest_route=%2Fwp%2Fv2%2Fmedia&parent=694287"}],"wp:term":[{"taxonomy":"category","embeddable":true,"href":"https:\/\/diariodominicano.com\/index.php?rest_route=%2Fwp%2Fv2%2Fcategories&post=694287"},{"taxonomy":"post_tag","embeddable":true,"href":"https:\/\/diariodominicano.com\/index.php?rest_route=%2Fwp%2Fv2%2Ftags&post=694287"}],"curies":[{"name":"wp","href":"https:\/\/api.w.org\/{rel}","templated":true}]}}