{"id":694286,"date":"2026-09-02T00:01:48","date_gmt":"2026-09-02T04:01:48","guid":{"rendered":"https:\/\/diariodominicano.com\/?p=694286"},"modified":"2026-09-02T00:01:51","modified_gmt":"2026-09-02T04:01:51","slug":"almanzar-duran-presidira-ceremonia-de-inmortalizacion-del-x-ceremonial-del-salon-de-la-fama-de-la-romana","status":"publish","type":"post","link":"https:\/\/diariodominicano.com\/?p=694286","title":{"rendered":"Alm\u00e1nzar Dur\u00e1n presidir\u00e1 ceremonia de inmortalizaci\u00f3n del X Ceremonial del Sal\u00f3n de la Fama de La Romana"},"content":{"rendered":"\n<p class=\"wp-block-paragraph\">El evento se realizar\u00e1 el domingo en el auditorio de la Alianza Juvenil para el Deporte y la Cultura del sector Buena Vista Norte.<\/p>\n\n\n\n<p class=\"wp-block-paragraph\">LA ROMANA. El profesor Alberto J. Alm\u00e1nzar Dur\u00e1n fue designado presidente de honor del D\u00e9cimo Ceremonial de Exaltaci\u00f3n del Sal\u00f3n de la Fama de los Inmortales del Deportista Romanense que se celebrar\u00e1 el pr\u00f3ximo domingo a partir de las 10:00 de la ma\u00f1ana.<\/p>\n\n\n\n<p class=\"wp-block-paragraph\">Alm\u00e1nzar Dur\u00e1n presidir\u00e1 as\u00ed la exaltaci\u00f3n de 12 deportistas que han sido elegidos por los miembros del Comit\u00e9 Permanente del Sal\u00f3n de la Fama, precis\u00f3 hoy su presidente, el doctor Jos\u00e9 Reyes.<\/p>\n\n\n\n<figure class=\"wp-block-image size-full\"><img loading=\"lazy\" decoding=\"async\" width=\"635\" height=\"653\" src=\"https:\/\/diariodominicano.com\/wp-content\/uploads\/2026\/09\/Alberto-J.-Almanzar-D.webp\" alt=\"\" class=\"wp-image-694294\" srcset=\"https:\/\/diariodominicano.com\/wp-content\/uploads\/2026\/09\/Alberto-J.-Almanzar-D.webp 635w, https:\/\/diariodominicano.com\/wp-content\/uploads\/2026\/09\/Alberto-J.-Almanzar-D-292x300.webp 292w\" sizes=\"auto, (max-width: 635px) 100vw, 635px\" \/><\/figure>\n\n\n\n<p class=\"wp-block-paragraph\">Reyes resalt\u00f3 la trayectoria del profesor Alm\u00e1nzar Dur\u00e1n, precisando que su rol dentro de la comunidad aval\u00f3 su escogencia para presidir el acto de exaltaci\u00f3n, que se realizar\u00e1 en el auditorio de la Alianza Juvenil para el Deporte y la Cultura, ubicado en el sector Buena Vista Norte.<\/p>\n\n\n\n<p class=\"wp-block-paragraph\">Naci\u00f3 en el municipio de Villa Tapia, Salcedo, el 12 de agosto de 1959, del matrimonio de Mart\u00edn Alm\u00e1nzar y Juana Dur\u00e1n. Creci\u00f3 en el seno de una familia humilde, que emigr\u00f3 desde Villa Tapia a La Romana el 30 de agosto del 1971.<\/p>\n\n\n\n<p class=\"wp-block-paragraph\">Curs\u00f3 sus estudios primarios en su ciudad natal y al trasladarse a La Romana, continu\u00f3 en la Escuela de Buenavista, Colegio Sagrado Coraz\u00f3n de Jes\u00fas y Colegio Hermanos Ruiz, gradu\u00e1ndose de bachiller en Ciencias F\u00edsicas y Matem\u00e1ticas.<\/p>\n\n\n\n<p class=\"wp-block-paragraph\">Ingres\u00f3 a la Universidad Central del Este (UCE), donde obtuvo el t\u00edtulo de licenciado en contabilidad, en 1994. Curs\u00f3 el quinto semestre de Educaci\u00f3n F\u00edsica en la Universidad Aut\u00f3noma de Santo Domingo (UASD).<\/p>\n\n\n\n<p class=\"wp-block-paragraph\">Alm\u00e1nzar Dur\u00e1n es egresado del Instituto Superior de Formaci\u00f3n Docente Salom\u00e9 Ure\u00f1a (ISFODOSU), en habilitaci\u00f3n Docente, en el recinto Juan Vicente Moscoso, de San Pedro de Macor\u00eds, en 2010.<\/p>\n\n\n\n<p class=\"wp-block-paragraph\">A los 18 a\u00f1os, inici\u00f3 su trayectoria dentro del \u00e1rea de la Educaci\u00f3n F\u00edsica como profesor en el Colegio Sagrado Coraz\u00f3n de Jes\u00fas.<\/p>\n\n\n\n<p class=\"wp-block-paragraph\">Adem\u00e1s de profesor, fue jugador y dirigente de voleibol, en los clubes Virgilio Castillo (Chola), San Mart\u00edn de Porres, Preconca y en los bateyes del Central Romana.<\/p>\n\n\n\n<p class=\"wp-block-paragraph\">En los 80 &#8216;s, en el Colegio Sagrado Coraz\u00f3n de Jes\u00fas, form\u00f3 equipos de ajedrez, atletismo, b\u00e1squet y voleibol, participando en torneos escolares y mostrando buena conducta dentro y fuera de la cancha.<\/p>\n\n\n\n<p class=\"wp-block-paragraph\">Los elegidos<\/p>\n\n\n\n<p class=\"wp-block-paragraph\">Este domingo 6 de septiembre ser\u00e1n inmortalizados Eduardo G\u00f3mez, Dani\u00e9n Simon\u00f3 Brea, Arqu\u00edmedes de Jes\u00fas, los ex peloteros Demetrio Guerrero, Edwin Encarnaci\u00f3n y Rafael -Perucho- Contreras; Maribel Rodr\u00edguez, en atletismo; los basquetbolistas Santo Araujo y Miguel Infante; los boxeadores Julio Gervacio, Fausto Mercedes y Francisco S\u00e1nchez Gautreux.<\/p>\n\n\n\n<p class=\"wp-block-paragraph\">La actividad tiene el patrocinio del Banco de Reservas y el respaldo del Central Romana, Consorcio Minero Dominicano, Empresas de Transmisi\u00f3n El\u00e9ctrica (ETED), Direcci\u00f3n General de Aduanas, Alcald\u00eda de La Romana, Coaarom, Constructora Arena Gorda, Ayuntamiento de Villa Hermosa, Constructora Torres, Senador Eduard Esp\u00edritusanto, Adonelle Services, Restaurant Pepperoni, doctor Pedro Botello, Carnet Dominicana, Cementos Domicem, LLGM Industrial, Benjam\u00edn Muebles y A &amp; M C por A.<\/p>\n","protected":false},"excerpt":{"rendered":"<p>El evento se realizar\u00e1 el domingo en el auditorio de la Alianza Juvenil para el Deporte y la Cultura del sector Buena Vista Norte. LA ROMANA. El profesor Alberto J. Alm\u00e1nzar Dur\u00e1n fue designado presidente de honor del D\u00e9cimo Ceremonial de Exaltaci\u00f3n del Sal\u00f3n de la Fama de los Inmortales del Deportista Romanense que se [&hellip;]<\/p>\n","protected":false},"author":7,"featured_media":694295,"comment_status":"closed","ping_status":"closed","sticky":false,"template":"","format":"standard","meta":{"footnotes":""},"categories":[17],"tags":[8193,753,8192],"class_list":["post-694286","post","type-post","status-publish","format-standard","has-post-thumbnail","hentry","category-deportes","tag-almanzar-duran","tag-la-romana","tag-salon-de-la-fama-de-la-romana"],"_links":{"self":[{"href":"https:\/\/diariodominicano.com\/index.php?rest_route=\/wp\/v2\/posts\/694286","targetHints":{"allow":["GET"]}}],"collection":[{"href":"https:\/\/diariodominicano.com\/index.php?rest_route=\/wp\/v2\/posts"}],"about":[{"href":"https:\/\/diariodominicano.com\/index.php?rest_route=\/wp\/v2\/types\/post"}],"author":[{"embeddable":true,"href":"https:\/\/diariodominicano.com\/index.php?rest_route=\/wp\/v2\/users\/7"}],"replies":[{"embeddable":true,"href":"https:\/\/diariodominicano.com\/index.php?rest_route=%2Fwp%2Fv2%2Fcomments&post=694286"}],"version-history":[{"count":1,"href":"https:\/\/diariodominicano.com\/index.php?rest_route=\/wp\/v2\/posts\/694286\/revisions"}],"predecessor-version":[{"id":694296,"href":"https:\/\/diariodominicano.com\/index.php?rest_route=\/wp\/v2\/posts\/694286\/revisions\/694296"}],"wp:featuredmedia":[{"embeddable":true,"href":"https:\/\/diariodominicano.com\/index.php?rest_route=\/wp\/v2\/media\/694295"}],"wp:attachment":[{"href":"https:\/\/diariodominicano.com\/index.php?rest_route=%2Fwp%2Fv2%2Fmedia&parent=694286"}],"wp:term":[{"taxonomy":"category","embeddable":true,"href":"https:\/\/diariodominicano.com\/index.php?rest_route=%2Fwp%2Fv2%2Fcategories&post=694286"},{"taxonomy":"post_tag","embeddable":true,"href":"https:\/\/diariodominicano.com\/index.php?rest_route=%2Fwp%2Fv2%2Ftags&post=694286"}],"curies":[{"name":"wp","href":"https:\/\/api.w.org\/{rel}","templated":true}]}}