{"id":694285,"date":"2026-09-01T23:37:06","date_gmt":"2026-09-02T03:37:06","guid":{"rendered":"https:\/\/diariodominicano.com\/?p=694285"},"modified":"2026-09-01T23:37:10","modified_gmt":"2026-09-02T03:37:10","slug":"oncologa-pediatra-advierte-que-senales-de-alerta-del-cancer-infantil-pueden-confundirse-con-enfermedades-comunes","status":"publish","type":"post","link":"https:\/\/diariodominicano.com\/?p=694285","title":{"rendered":"Onc\u00f3loga pediatra advierte que se\u00f1ales de alerta del c\u00e1ncer infantil pueden confundirse con enfermedades comunes"},"content":{"rendered":"\n<p class=\"wp-block-paragraph\"><strong><em>La especialista llama a prestar atenci\u00f3n a s\u00edntomas persistentes como fiebres recurrentes, p\u00e9rdida de peso, sangrados, dolor \u00f3seo y presencia de masas<\/em><\/strong><\/p>\n\n\n\n<p class=\"wp-block-paragraph\"><strong>Santo Domingo. \u2013<\/strong>&nbsp;Fiebres que se repiten, p\u00e9rdida de peso, sangrados, dolor \u00f3seo o articular y v\u00f3mitos matutinos acompa\u00f1ados de dolores de cabeza pueden parecer s\u00edntomas de enfermedades comunes en los ni\u00f1os, pero cuando persisten podr\u00edan ser se\u00f1ales de alerta de una enfermedad maligna, advirti\u00f3 la doctora Wendy G\u00f3mez Garc\u00eda, encargada de la Unidad Oncopedi\u00e1trica del Instituto Nacional del C\u00e1ncer (INCART).<\/p>\n\n\n\n<p class=\"wp-block-paragraph\">La especialista explic\u00f3 que el c\u00e1ncer en ni\u00f1os, ni\u00f1as y adolescentes suele simular otras enfermedades, debido a que sus manifestaciones pueden ser similares a las de infecciones, procesos virales o dolencias comunes. Por esta raz\u00f3n, consider\u00f3 fundamental que los m\u00e9dicos est\u00e9n preparados para reconocer los signos y s\u00edntomas de alarma que permitan sospechar oportunamente de c\u00e1ncer infantil.<\/p>\n\n\n\n<figure class=\"wp-block-image size-large\"><img loading=\"lazy\" decoding=\"async\" width=\"1024\" height=\"683\" src=\"https:\/\/diariodominicano.com\/wp-content\/uploads\/2026\/09\/El-color-dorado-en-el-cancer-infantil-representa-la-fortaleza-el-valor-y-la-resiliencia-de-los-ninos-y-adolescentes-que-enfrentan-esta-enfermedad-1024x683.webp\" alt=\"\" class=\"wp-image-694291\" srcset=\"https:\/\/diariodominicano.com\/wp-content\/uploads\/2026\/09\/El-color-dorado-en-el-cancer-infantil-representa-la-fortaleza-el-valor-y-la-resiliencia-de-los-ninos-y-adolescentes-que-enfrentan-esta-enfermedad-1024x683.webp 1024w, https:\/\/diariodominicano.com\/wp-content\/uploads\/2026\/09\/El-color-dorado-en-el-cancer-infantil-representa-la-fortaleza-el-valor-y-la-resiliencia-de-los-ninos-y-adolescentes-que-enfrentan-esta-enfermedad-300x200.webp 300w, https:\/\/diariodominicano.com\/wp-content\/uploads\/2026\/09\/El-color-dorado-en-el-cancer-infantil-representa-la-fortaleza-el-valor-y-la-resiliencia-de-los-ninos-y-adolescentes-que-enfrentan-esta-enfermedad-768x512.webp 768w, https:\/\/diariodominicano.com\/wp-content\/uploads\/2026\/09\/El-color-dorado-en-el-cancer-infantil-representa-la-fortaleza-el-valor-y-la-resiliencia-de-los-ninos-y-adolescentes-que-enfrentan-esta-enfermedad-816x544.webp 816w, https:\/\/diariodominicano.com\/wp-content\/uploads\/2026\/09\/El-color-dorado-en-el-cancer-infantil-representa-la-fortaleza-el-valor-y-la-resiliencia-de-los-ninos-y-adolescentes-que-enfrentan-esta-enfermedad.webp 1200w\" sizes=\"auto, (max-width: 1024px) 100vw, 1024px\" \/><\/figure>\n\n\n\n<p class=\"wp-block-paragraph\">Entre las se\u00f1ales que requieren atenci\u00f3n tambi\u00e9n se encuentran las fracturas en las extremidades sin motivo aparente, la presencia de una mancha blanca en el ojo, el aumento del tama\u00f1o de los ganglios o la aparici\u00f3n de masas en el cuello, t\u00f3rax o abdomen.<\/p>\n\n\n\n<p class=\"wp-block-paragraph\">Asimismo, deben considerarse como se\u00f1ales de alerta los v\u00f3mitos matutinos acompa\u00f1ados de dolores de cabeza constantes y\/o p\u00e9rdida del equilibrio. De acuerdo con la especialista, estas se\u00f1ales suelen presentarse en al menos el 85 % de los casos.<\/p>\n\n\n\n<p class=\"wp-block-paragraph\">La doctora G\u00f3mez Garc\u00eda destac\u00f3 que los ni\u00f1os que presenten cualquiera de estos s\u00edntomas de manera persistente deben ser investigados oportunamente y evaluados por un onc\u00f3logo pediatra. A partir de la historia cl\u00ednica y el examen f\u00edsico, el especialista determinar\u00e1 las pruebas, procedimientos y estudios de im\u00e1genes necesarios para establecer un diagn\u00f3stico certero, delimitar la lesi\u00f3n o determinar el estadio de la enfermedad.<\/p>\n\n\n\n<p class=\"wp-block-paragraph\"><strong>Septiembre, mes de concientizaci\u00f3n sobre el c\u00e1ncer infantil<\/strong><\/p>\n\n\n\n<p class=\"wp-block-paragraph\">Cada septiembre, equipos cl\u00ednicos de oncolog\u00eda, hematolog\u00eda y hemato-oncolog\u00eda pedi\u00e1trica, junto con organizaciones que brindan soporte a esta causa, desarrollan acciones dirigidas a crear conciencia sobre el c\u00e1ncer en ni\u00f1os, ni\u00f1as y adolescentes, su incidencia, sus manifestaciones y la importancia del diagn\u00f3stico y tratamiento oportunos.<\/p>\n\n\n\n<p class=\"wp-block-paragraph\">El c\u00e1ncer es la segunda causa de muerte en ni\u00f1os mayores de un a\u00f1o y, aunque representa el 5 % o menos de la incidencia global de morbilidad por c\u00e1ncer, su detecci\u00f3n oportuna puede contribuir a alcanzar tasas de sobrevida superiores al 70 % en pa\u00edses en v\u00edas de desarrollo, mediante tratamientos adaptados a las realidades locales y un abordaje transdisciplinario de los ni\u00f1os y sus familias.<\/p>\n\n\n\n<p class=\"wp-block-paragraph\">En la infancia, la leucemia constituye el principal c\u00e1ncer, seguida por los tumores del sistema nervioso central, los linfomas y diversos tumores s\u00f3lidos. Los s\u00edntomas y el tratamiento dependen del tipo de c\u00e1ncer y de qu\u00e9 tan avanzada se encuentre la enfermedad.<\/p>\n\n\n\n<p class=\"wp-block-paragraph\">En Rep\u00fablica Dominicana, el Plan Estrat\u00e9gico Nacional de C\u00e1ncer Infantil (PENCI-RD) tiene como objetivo detectar e intervenir oportunamente la morbi-mortalidad del c\u00e1ncer infantil mediante el conocimiento de los signos y s\u00edntomas de sospecha en ni\u00f1os, ni\u00f1as y adolescentes, con el prop\u00f3sito de impactar la sobrevida y la calidad de vida de los ni\u00f1os y sus familias.<\/p>\n\n\n\n<p class=\"wp-block-paragraph\"><strong>Karina Pinales<\/strong><\/p>\n\n\n\n<p class=\"wp-block-paragraph\">Karina Pinales Valdez <a href=\"mailto:karina.pinales@incart.gob.do\">karina.pinales@incart.gob.do<\/a><\/p>\n","protected":false},"excerpt":{"rendered":"<p>La especialista llama a prestar atenci\u00f3n a s\u00edntomas persistentes como fiebres recurrentes, p\u00e9rdida de peso, sangrados, dolor \u00f3seo y presencia de masas Santo Domingo. \u2013&nbsp;Fiebres que se repiten, p\u00e9rdida de peso, sangrados, dolor \u00f3seo o articular y v\u00f3mitos matutinos acompa\u00f1ados de dolores de cabeza pueden parecer s\u00edntomas de enfermedades comunes en los ni\u00f1os, pero cuando [&hellip;]<\/p>\n","protected":false},"author":7,"featured_media":694292,"comment_status":"closed","ping_status":"closed","sticky":false,"template":"","format":"standard","meta":{"footnotes":""},"categories":[36],"tags":[8189,8190,8191],"class_list":["post-694285","post","type-post","status-publish","format-standard","has-post-thumbnail","hentry","category-hombresmujeresycosas","tag-dra-wendy-gomez-garcia","tag-instituto-nacional-del-cancer-incart","tag-oncopediatrica"],"_links":{"self":[{"href":"https:\/\/diariodominicano.com\/index.php?rest_route=\/wp\/v2\/posts\/694285","targetHints":{"allow":["GET"]}}],"collection":[{"href":"https:\/\/diariodominicano.com\/index.php?rest_route=\/wp\/v2\/posts"}],"about":[{"href":"https:\/\/diariodominicano.com\/index.php?rest_route=\/wp\/v2\/types\/post"}],"author":[{"embeddable":true,"href":"https:\/\/diariodominicano.com\/index.php?rest_route=\/wp\/v2\/users\/7"}],"replies":[{"embeddable":true,"href":"https:\/\/diariodominicano.com\/index.php?rest_route=%2Fwp%2Fv2%2Fcomments&post=694285"}],"version-history":[{"count":1,"href":"https:\/\/diariodominicano.com\/index.php?rest_route=\/wp\/v2\/posts\/694285\/revisions"}],"predecessor-version":[{"id":694293,"href":"https:\/\/diariodominicano.com\/index.php?rest_route=\/wp\/v2\/posts\/694285\/revisions\/694293"}],"wp:featuredmedia":[{"embeddable":true,"href":"https:\/\/diariodominicano.com\/index.php?rest_route=\/wp\/v2\/media\/694292"}],"wp:attachment":[{"href":"https:\/\/diariodominicano.com\/index.php?rest_route=%2Fwp%2Fv2%2Fmedia&parent=694285"}],"wp:term":[{"taxonomy":"category","embeddable":true,"href":"https:\/\/diariodominicano.com\/index.php?rest_route=%2Fwp%2Fv2%2Fcategories&post=694285"},{"taxonomy":"post_tag","embeddable":true,"href":"https:\/\/diariodominicano.com\/index.php?rest_route=%2Fwp%2Fv2%2Ftags&post=694285"}],"curies":[{"name":"wp","href":"https:\/\/api.w.org\/{rel}","templated":true}]}}