{"id":694273,"date":"2026-09-01T19:34:31","date_gmt":"2026-09-01T23:34:31","guid":{"rendered":"https:\/\/diariodominicano.com\/?p=694273"},"modified":"2026-09-01T19:39:11","modified_gmt":"2026-09-01T23:39:11","slug":"condenan-a-6-meses-prision-a-dos-hombres-que-provocaron-incendio-en-parque-canada-de-la-vaca-en-el-el-seibo","status":"publish","type":"post","link":"https:\/\/diariodominicano.com\/?p=694273","title":{"rendered":"Condenan a 6 meses prisi\u00f3n a dos hombres que provocaron incendio en parque Ca\u00f1ada de la Vaca en el El Seibo"},"content":{"rendered":"\n<p class=\"wp-block-paragraph\">ARCHIVO:<\/p>\n\n\n\n<p class=\"wp-block-paragraph\"><strong>SANTO DOMINGO (Rep\u00fablica Dominicana). &#8211;&nbsp;<\/strong>Atendiendo a la solicitud del Ministerio P\u00fablico, un tribunal conden\u00f3 a seis meses de prisi\u00f3n, bajo la modalidad de pena suspendida, a dos hombres atrapados en flagrante delito mientras incendiaban un \u00e1rea del parque Ca\u00f1ada de la Vaca, del municipio y provincia de El Seibo.<\/p>\n\n\n\n<p class=\"wp-block-paragraph\">La condena le fue impuesta a Lorenzo Morla y Bele Dobil, arrestados incendiando un \u00e1rea de terrenos de aproximadamente seis tareas, en la que se evidenci\u00f3 que hab\u00edan talado \u00e1rboles de diferentes especies, entre las que se encuentran el pino de teta, jobo, guaba y otros arbustos.<\/p>\n\n\n\n<p class=\"wp-block-paragraph\">Los procesados incurrieron en este delito con el objetivo de utilizar el terreno para el establecimiento de conucos.<\/p>\n\n\n\n<p class=\"wp-block-paragraph\">El Ministerio P\u00fablico, representado por el procurador de Corte Richard Guilamo Cedano, adscrito a la Procuradur\u00eda Especializada de Medio Ambiente y Recursos Naturales, demostr\u00f3 que estos hechos constituyen una violaci\u00f3n a los art\u00edculos 54, 56 y 74 de la Ley General de Medio Ambiente y Recursos Naturales (64-00) y a los art\u00edculos 61, 62, 63 y 66 de la Ley Sectorial Forestal de la Rep\u00fablica Dominicana.<\/p>\n\n\n\n<p class=\"wp-block-paragraph\">Por decisi\u00f3n del Juzgado de la Instrucci\u00f3n de El Seibo, los condenados tendr\u00e1n que residir en el domicilio aportado al tribunal y sembrar 75 \u00e1rboles cada uno, bajo la supervisi\u00f3n de la Direcci\u00f3n Provincial de Medio Ambiente y Recursos Naturales de El Seibo.<\/p>\n\n\n\n<p class=\"wp-block-paragraph\">De no cumplir con estas medidas, ser\u00e1 aplicada la pena de seis meses de prisi\u00f3n.<\/p>\n\n\n\n<p class=\"wp-block-paragraph\"><strong>Direcci\u00f3n General de Comunicaci\u00f3n, Prensa, y RRPP<\/strong><strong><\/strong><\/p>\n\n\n\n<p class=\"wp-block-paragraph\">Ministerio P\u00fablico.&nbsp;R.D.<\/p>\n\n\n\n<p class=\"wp-block-paragraph\">Martes, 1 de septiembre de 2026<\/p>\n","protected":false},"excerpt":{"rendered":"<p>ARCHIVO: SANTO DOMINGO (Rep\u00fablica Dominicana). &#8211;&nbsp;Atendiendo a la solicitud del Ministerio P\u00fablico, un tribunal conden\u00f3 a seis meses de prisi\u00f3n, bajo la modalidad de pena suspendida, a dos hombres atrapados en flagrante delito mientras incendiaban un \u00e1rea del parque Ca\u00f1ada de la Vaca, del municipio y provincia de El Seibo. La condena le fue impuesta [&hellip;]<\/p>\n","protected":false},"author":2,"featured_media":337877,"comment_status":"open","ping_status":"closed","sticky":false,"template":"","format":"standard","meta":{"footnotes":""},"categories":[24,29],"tags":[8185],"class_list":["post-694273","post","type-post","status-publish","format-standard","has-post-thumbnail","hentry","category-justicia-y-derecho","category-policiasucesos","tag-parque-canada-de-la-vaca-en-el-el-seibo"],"_links":{"self":[{"href":"https:\/\/diariodominicano.com\/index.php?rest_route=\/wp\/v2\/posts\/694273","targetHints":{"allow":["GET"]}}],"collection":[{"href":"https:\/\/diariodominicano.com\/index.php?rest_route=\/wp\/v2\/posts"}],"about":[{"href":"https:\/\/diariodominicano.com\/index.php?rest_route=\/wp\/v2\/types\/post"}],"author":[{"embeddable":true,"href":"https:\/\/diariodominicano.com\/index.php?rest_route=\/wp\/v2\/users\/2"}],"replies":[{"embeddable":true,"href":"https:\/\/diariodominicano.com\/index.php?rest_route=%2Fwp%2Fv2%2Fcomments&post=694273"}],"version-history":[{"count":2,"href":"https:\/\/diariodominicano.com\/index.php?rest_route=\/wp\/v2\/posts\/694273\/revisions"}],"predecessor-version":[{"id":694276,"href":"https:\/\/diariodominicano.com\/index.php?rest_route=\/wp\/v2\/posts\/694273\/revisions\/694276"}],"wp:featuredmedia":[{"embeddable":true,"href":"https:\/\/diariodominicano.com\/index.php?rest_route=\/wp\/v2\/media\/337877"}],"wp:attachment":[{"href":"https:\/\/diariodominicano.com\/index.php?rest_route=%2Fwp%2Fv2%2Fmedia&parent=694273"}],"wp:term":[{"taxonomy":"category","embeddable":true,"href":"https:\/\/diariodominicano.com\/index.php?rest_route=%2Fwp%2Fv2%2Fcategories&post=694273"},{"taxonomy":"post_tag","embeddable":true,"href":"https:\/\/diariodominicano.com\/index.php?rest_route=%2Fwp%2Fv2%2Ftags&post=694273"}],"curies":[{"name":"wp","href":"https:\/\/api.w.org\/{rel}","templated":true}]}}