{"id":694258,"date":"2026-09-01T19:09:18","date_gmt":"2026-09-01T23:09:18","guid":{"rendered":"https:\/\/diariodominicano.com\/?p=694258"},"modified":"2026-09-01T19:09:22","modified_gmt":"2026-09-01T23:09:22","slug":"imponen-prision-preventiva-a-5-imputados-de-sicariato-perpetrado-contra-lider-comunitario-de-los-alcarrizos","status":"publish","type":"post","link":"https:\/\/diariodominicano.com\/?p=694258","title":{"rendered":"Imponen prisi\u00f3n preventiva a 5 imputados de sicariato perpetrado contra l\u00edder comunitario de Los Alcarrizos"},"content":{"rendered":"\n<p class=\"wp-block-paragraph\"><strong>SANTO DOMINGO (Rep\u00fablica Dominicana).-<\/strong>&nbsp;Acogiendo la solicitud del Ministerio P\u00fablico, la Oficina Judicial de Servicios de Atenci\u00f3n Permanente de Santo Domingo Oeste impuso 18 meses de prisi\u00f3n preventiva a cinco hombres que se asociaron para conformar una red de sicariato imputada de la muerte de un l\u00edder comunitario en el municipio de Los Alcarrizos, en Santo Domingo.<\/p>\n\n\n\n<p class=\"wp-block-paragraph\">El proceso contra los imputados Daimy Hern\u00e1ndez Zorrilla, Eddy Manuel Arias Recio, Saulo Keli N\u00fa\u00f1ez, Rafael Enrique Amaro Pereyra y Enrique Corniel Jerez tambi\u00e9n fue declarado de tramitaci\u00f3n compleja, como solicit\u00f3 el Ministerio P\u00fablico.<\/p>\n\n\n\n<p class=\"wp-block-paragraph\">De acuerdo con la investigaci\u00f3n, a cargo de la fiscal Anyelina Vicioso, el imputado Hern\u00e1ndez Zorrilla fue la persona que orden\u00f3, planific\u00f3 y pag\u00f3 para ejecutar el sicariato contra Jos\u00e9 Frank Valerio, as\u00ed como el intento de homicidio contra Junior Adiel L\u00f3pez Reyes.<\/p>\n\n\n\n<p class=\"wp-block-paragraph\">El expediente establece que el 7 de agosto de 2026, Jos\u00e9 Frank Valerio y Junior Adiel L\u00f3pez Reyes se encontraban conversando en la parada de motoristas La Compuerta, ubicada en la carretera de Hato Nuevo, cuando fueron interceptados por los imputados Rafael Enrique Amaro Pereyra y Enrique Corniel Jerez.<\/p>\n\n\n\n<p class=\"wp-block-paragraph\">Durante el ataque, L\u00f3pez Reyes recibi\u00f3 varios impactos de bala en diferentes partes del cuerpo que le provocaron heridas con un per\u00edodo de curaci\u00f3n estimado entre seis y doce meses, mientras que Jos\u00e9 Frank Valerio sali\u00f3 ileso en esa ocasi\u00f3n.<\/p>\n\n\n\n<p class=\"wp-block-paragraph\">La investigaci\u00f3n establece que, una semana despu\u00e9s, el 14 de agosto de 2026, Saulo Keli N\u00fa\u00f1ez alert\u00f3 a Eddy Manuel Arias Recio y a Enrique Corniel Jerez de que Valerio se encontraba nuevamente en la referida parada de motoristas.<\/p>\n\n\n\n<p class=\"wp-block-paragraph\">Posteriormente, los imputados llegaron al lugar y realizaron m\u00faltiples disparos contra Jos\u00e9 Frank Valerio, provoc\u00e1ndole la muerte.<\/p>\n\n\n\n<p class=\"wp-block-paragraph\">Durante la audiencia, los fiscales litigantes Ram\u00f3n de la Rosa y Jerjes P\u00e9rez se\u00f1alaron que el Ministerio P\u00fablico cuenta con diversos elementos de prueba que sustentan la investigaci\u00f3n, entre ellos, videos de c\u00e1maras de vigilancia en los que se observa a Hern\u00e1ndez Zorrilla en la residencia del imputado Arias Recio.<\/p>\n\n\n\n<p class=\"wp-block-paragraph\">Asimismo, indicaron que durante la investigaci\u00f3n se obtuvo informaci\u00f3n seg\u00fan la cual Hern\u00e1ndez Zorrilla habr\u00eda pagado la suma de RD$50,000 por la ejecuci\u00f3n del sicariato.<\/p>\n\n\n\n<p class=\"wp-block-paragraph\">El Ministerio P\u00fablico tambi\u00e9n estableci\u00f3 ante el tribunal que al imputado Rafael Enrique Amaro Pereyra le hab\u00edan sido impuestos previamente tres meses de prisi\u00f3n preventiva por un proceso relacionado con un robo agravado cometido contra una ciudadana en la avenida Prolongaci\u00f3n 27 de Febrero.<\/p>\n\n\n\n<p class=\"wp-block-paragraph\">De manera provisional, el \u00f3rgano persecutor atribuye a los imputados la violaci\u00f3n de los art\u00edculos 72, 73, 91 y 92, numeral 3, 98 y 373, del C\u00f3digo Penal Dominicano, en perjuicio de las v\u00edctimas Jos\u00e9 Frank Valerio y Junior Adiel L\u00f3pez Reyes.<\/p>\n\n\n\n<p class=\"wp-block-paragraph\">El juez Reyes Rodr\u00edguez dispuso que los cinco imputados cumplan la medida de coerci\u00f3n en el Centro de Correcci\u00f3n y Rehabilitaci\u00f3n (CCR) Najayo Hombres, mientras el Ministerio P\u00fablico contin\u00faa profundizando las investigaciones.<\/p>\n\n\n\n<p class=\"wp-block-paragraph\"><strong>Direcci\u00f3n General de Comunicaci\u00f3n, Prensa y RRPP<\/strong><\/p>\n\n\n\n<p class=\"wp-block-paragraph\"><strong>Ministerio P\u00fablico RD<\/strong><\/p>\n\n\n\n<p class=\"wp-block-paragraph\"><strong>Martes, 1 de septiembre de 2026.<\/strong><\/p>\n\n\n\n<p class=\"wp-block-paragraph\">&#8230;<\/p>\n","protected":false},"excerpt":{"rendered":"<p>SANTO DOMINGO (Rep\u00fablica Dominicana).-&nbsp;Acogiendo la solicitud del Ministerio P\u00fablico, la Oficina Judicial de Servicios de Atenci\u00f3n Permanente de Santo Domingo Oeste impuso 18 meses de prisi\u00f3n preventiva a cinco hombres que se asociaron para conformar una red de sicariato imputada de la muerte de un l\u00edder comunitario en el municipio de Los Alcarrizos, en Santo [&hellip;]<\/p>\n","protected":false},"author":2,"featured_media":265615,"comment_status":"open","ping_status":"closed","sticky":false,"template":"","format":"standard","meta":{"footnotes":""},"categories":[24,29],"tags":[8175,8174,8177,8176,8178],"class_list":["post-694258","post","type-post","status-publish","format-standard","has-post-thumbnail","hentry","category-justicia-y-derecho","category-policiasucesos","tag-eddy-manuel-arias-recio","tag-mputados-daimy-hernandez-zorrilla","tag-rafael-enrique-amaro-pereyra-y-enrique-corniel-jerez","tag-saulo-keli-nunez","tag-sicariato"],"_links":{"self":[{"href":"https:\/\/diariodominicano.com\/index.php?rest_route=\/wp\/v2\/posts\/694258","targetHints":{"allow":["GET"]}}],"collection":[{"href":"https:\/\/diariodominicano.com\/index.php?rest_route=\/wp\/v2\/posts"}],"about":[{"href":"https:\/\/diariodominicano.com\/index.php?rest_route=\/wp\/v2\/types\/post"}],"author":[{"embeddable":true,"href":"https:\/\/diariodominicano.com\/index.php?rest_route=\/wp\/v2\/users\/2"}],"replies":[{"embeddable":true,"href":"https:\/\/diariodominicano.com\/index.php?rest_route=%2Fwp%2Fv2%2Fcomments&post=694258"}],"version-history":[{"count":1,"href":"https:\/\/diariodominicano.com\/index.php?rest_route=\/wp\/v2\/posts\/694258\/revisions"}],"predecessor-version":[{"id":694259,"href":"https:\/\/diariodominicano.com\/index.php?rest_route=\/wp\/v2\/posts\/694258\/revisions\/694259"}],"wp:featuredmedia":[{"embeddable":true,"href":"https:\/\/diariodominicano.com\/index.php?rest_route=\/wp\/v2\/media\/265615"}],"wp:attachment":[{"href":"https:\/\/diariodominicano.com\/index.php?rest_route=%2Fwp%2Fv2%2Fmedia&parent=694258"}],"wp:term":[{"taxonomy":"category","embeddable":true,"href":"https:\/\/diariodominicano.com\/index.php?rest_route=%2Fwp%2Fv2%2Fcategories&post=694258"},{"taxonomy":"post_tag","embeddable":true,"href":"https:\/\/diariodominicano.com\/index.php?rest_route=%2Fwp%2Fv2%2Ftags&post=694258"}],"curies":[{"name":"wp","href":"https:\/\/api.w.org\/{rel}","templated":true}]}}