{"id":694234,"date":"2026-09-01T18:19:14","date_gmt":"2026-09-01T22:19:14","guid":{"rendered":"https:\/\/diariodominicano.com\/?p=694234"},"modified":"2026-09-01T18:19:23","modified_gmt":"2026-09-01T22:19:23","slug":"embajador-juan-bolivar-diaz-presenta-en-mexico-sus-memorias-con-las-riendas-tensas","status":"publish","type":"post","link":"https:\/\/diariodominicano.com\/?p=694234","title":{"rendered":"Embajador Juan Bol\u00edvar D\u00edaz presenta en M\u00e9xico sus memorias \u00abCon las riendas tensas\u00bb"},"content":{"rendered":"\n<hr class=\"wp-block-separator has-alpha-channel-opacity\"\/>\n\n\n\n<p class=\"wp-block-paragraph\"><strong><em>El acto culmin\u00f3 con las palabras del Embajador Juan Bol\u00edvar D\u00edaz, quien hizo un recuento de sus a\u00f1os como estudiante en M\u00e9xico y expres\u00f3 un mensaje en pro de la democracia y la libertad.<\/em><\/strong><\/p>\n\n\n\n<figure class=\"wp-block-image size-large\"><img loading=\"lazy\" decoding=\"async\" width=\"1024\" height=\"683\" src=\"https:\/\/diariodominicano.com\/wp-content\/uploads\/2026\/09\/Juan-Bolivar-presenta-1024x683.jpeg\" alt=\"\" class=\"wp-image-694239\" srcset=\"https:\/\/diariodominicano.com\/wp-content\/uploads\/2026\/09\/Juan-Bolivar-presenta-1024x683.jpeg 1024w, https:\/\/diariodominicano.com\/wp-content\/uploads\/2026\/09\/Juan-Bolivar-presenta-300x200.jpeg 300w, https:\/\/diariodominicano.com\/wp-content\/uploads\/2026\/09\/Juan-Bolivar-presenta-768x512.jpeg 768w, https:\/\/diariodominicano.com\/wp-content\/uploads\/2026\/09\/Juan-Bolivar-presenta-1536x1024.jpeg 1536w, https:\/\/diariodominicano.com\/wp-content\/uploads\/2026\/09\/Juan-Bolivar-presenta-2048x1366.jpeg 2048w, https:\/\/diariodominicano.com\/wp-content\/uploads\/2026\/09\/Juan-Bolivar-presenta-816x544.jpeg 816w\" sizes=\"auto, (max-width: 1024px) 100vw, 1024px\" \/><\/figure>\n\n\n\n<p class=\"wp-block-paragraph\">El pasado jueves 27 de agosto, en un emotivo acto, el embajador Juan Bol\u00edvar D\u00edaz present\u00f3 sus memorias \u201cCon las riendas tensas\u201d en la Escuela de Periodismo Carlos Septi\u00e9n Garc\u00eda, de donde es egresado de la carrera de periodismo.<\/p>\n\n\n\n<figure class=\"wp-block-image size-large\"><img loading=\"lazy\" decoding=\"async\" width=\"1024\" height=\"683\" src=\"https:\/\/diariodominicano.com\/wp-content\/uploads\/2026\/09\/Juan-Bolivar-Diaz-9-1024x683.jpeg\" alt=\"\" class=\"wp-image-694242\" srcset=\"https:\/\/diariodominicano.com\/wp-content\/uploads\/2026\/09\/Juan-Bolivar-Diaz-9-1024x683.jpeg 1024w, https:\/\/diariodominicano.com\/wp-content\/uploads\/2026\/09\/Juan-Bolivar-Diaz-9-300x200.jpeg 300w, https:\/\/diariodominicano.com\/wp-content\/uploads\/2026\/09\/Juan-Bolivar-Diaz-9-768x512.jpeg 768w, https:\/\/diariodominicano.com\/wp-content\/uploads\/2026\/09\/Juan-Bolivar-Diaz-9-1536x1024.jpeg 1536w, https:\/\/diariodominicano.com\/wp-content\/uploads\/2026\/09\/Juan-Bolivar-Diaz-9-2048x1366.jpeg 2048w, https:\/\/diariodominicano.com\/wp-content\/uploads\/2026\/09\/Juan-Bolivar-Diaz-9-816x544.jpeg 816w\" sizes=\"auto, (max-width: 1024px) 100vw, 1024px\" \/><\/figure>\n\n\n\n<p class=\"wp-block-paragraph\">El acto fue presidido por la Mtra. Analletzin D\u00edaz Alcal\u00e1, directora de la Escuela de Periodismo Carlos Septi\u00e9n Garc\u00eda quien dio unas palabras de bienvenida y celebr\u00f3 que quien fuese estudiante en su momento, regresara a su Alma M\u00e1ter a presentar sus memorias en calidad de Embajador.<\/p>\n\n\n\n<figure class=\"wp-block-image size-large\"><img loading=\"lazy\" decoding=\"async\" width=\"1024\" height=\"683\" src=\"https:\/\/diariodominicano.com\/wp-content\/uploads\/2026\/09\/Elias-Chavez-periodista-amigo-de-Juan-Bolivar-Diaz-1024x683.jpeg\" alt=\"\" class=\"wp-image-694237\" srcset=\"https:\/\/diariodominicano.com\/wp-content\/uploads\/2026\/09\/Elias-Chavez-periodista-amigo-de-Juan-Bolivar-Diaz-1024x683.jpeg 1024w, https:\/\/diariodominicano.com\/wp-content\/uploads\/2026\/09\/Elias-Chavez-periodista-amigo-de-Juan-Bolivar-Diaz-300x200.jpeg 300w, https:\/\/diariodominicano.com\/wp-content\/uploads\/2026\/09\/Elias-Chavez-periodista-amigo-de-Juan-Bolivar-Diaz-768x512.jpeg 768w, https:\/\/diariodominicano.com\/wp-content\/uploads\/2026\/09\/Elias-Chavez-periodista-amigo-de-Juan-Bolivar-Diaz-1536x1024.jpeg 1536w, https:\/\/diariodominicano.com\/wp-content\/uploads\/2026\/09\/Elias-Chavez-periodista-amigo-de-Juan-Bolivar-Diaz-2048x1366.jpeg 2048w, https:\/\/diariodominicano.com\/wp-content\/uploads\/2026\/09\/Elias-Chavez-periodista-amigo-de-Juan-Bolivar-Diaz-816x544.jpeg 816w\" sizes=\"auto, (max-width: 1024px) 100vw, 1024px\" \/><\/figure>\n\n\n\n<p class=\"wp-block-paragraph\">La presentaci\u00f3n de \u201cCon las riendas tensas\u00bb estuvo a cargo del Sr. El\u00edas Ch\u00e1vez, periodista y gran amigo del embajador D\u00edaz, quien resalt\u00f3 el aporte del libro al rescate de la memoria de la democracia dominicana y asimismo exalt\u00f3 las cualidades humanas del autor.<\/p>\n\n\n\n<figure class=\"wp-block-image size-large\"><img loading=\"lazy\" decoding=\"async\" width=\"1024\" height=\"683\" src=\"https:\/\/diariodominicano.com\/wp-content\/uploads\/2026\/09\/Juan-Bolivar-2-1-1024x683.jpeg\" alt=\"\" class=\"wp-image-694238\" srcset=\"https:\/\/diariodominicano.com\/wp-content\/uploads\/2026\/09\/Juan-Bolivar-2-1-1024x683.jpeg 1024w, https:\/\/diariodominicano.com\/wp-content\/uploads\/2026\/09\/Juan-Bolivar-2-1-300x200.jpeg 300w, https:\/\/diariodominicano.com\/wp-content\/uploads\/2026\/09\/Juan-Bolivar-2-1-768x512.jpeg 768w, https:\/\/diariodominicano.com\/wp-content\/uploads\/2026\/09\/Juan-Bolivar-2-1-1536x1024.jpeg 1536w, https:\/\/diariodominicano.com\/wp-content\/uploads\/2026\/09\/Juan-Bolivar-2-1-2048x1366.jpeg 2048w, https:\/\/diariodominicano.com\/wp-content\/uploads\/2026\/09\/Juan-Bolivar-2-1-816x544.jpeg 816w\" sizes=\"auto, (max-width: 1024px) 100vw, 1024px\" \/><\/figure>\n\n\n\n<p class=\"wp-block-paragraph\">El acto culmin\u00f3 con las palabras del Embajador, quien agradeci\u00f3 la deferencia de su escuela por permitirle presentar su libro en un lugar tan significativo. A su vez hizo un recuento de sus a\u00f1os como estudiante en M\u00e9xico y finaliz\u00f3 sus palabras con un mensaje en pro de la democracia y la libertad.<\/p>\n\n\n\n<figure class=\"wp-block-image size-large\"><img loading=\"lazy\" decoding=\"async\" width=\"1024\" height=\"683\" src=\"https:\/\/diariodominicano.com\/wp-content\/uploads\/2026\/09\/Juan-Bolivar-Diaz-6-1024x683.jpeg\" alt=\"\" class=\"wp-image-694241\" srcset=\"https:\/\/diariodominicano.com\/wp-content\/uploads\/2026\/09\/Juan-Bolivar-Diaz-6-1024x683.jpeg 1024w, https:\/\/diariodominicano.com\/wp-content\/uploads\/2026\/09\/Juan-Bolivar-Diaz-6-300x200.jpeg 300w, https:\/\/diariodominicano.com\/wp-content\/uploads\/2026\/09\/Juan-Bolivar-Diaz-6-768x512.jpeg 768w, https:\/\/diariodominicano.com\/wp-content\/uploads\/2026\/09\/Juan-Bolivar-Diaz-6-1536x1024.jpeg 1536w, https:\/\/diariodominicano.com\/wp-content\/uploads\/2026\/09\/Juan-Bolivar-Diaz-6-2048x1366.jpeg 2048w, https:\/\/diariodominicano.com\/wp-content\/uploads\/2026\/09\/Juan-Bolivar-Diaz-6-816x544.jpeg 816w\" sizes=\"auto, (max-width: 1024px) 100vw, 1024px\" \/><\/figure>\n\n\n\n<p class=\"wp-block-paragraph\">Al evento asistieron miembros del cuerpo diplom\u00e1tico y consular acreditado en M\u00e9xico, representantes de diversas instituciones dominicanas, empresarios y miembros de la comunidad dominicana en M\u00e9xico.<\/p>\n\n\n\n<p class=\"wp-block-paragraph\"><em>Ciudad de M\u00e9xico, M\u00e9xico<\/em><\/p>\n\n\n\n<p class=\"wp-block-paragraph\"><em>1 de septiembre 2026<\/em><\/p>\n\n\n\n<p class=\"wp-block-paragraph\">Samuel Esteban Pe\u00f1a Valdez<\/p>\n\n\n\n<p class=\"wp-block-paragraph\"><a target=\"_blank\" href=\"mailto:samuelesteban@embadom.org\" rel=\"noreferrer noopener\">samuelesteban@embadom.org<\/a><\/p>\n","protected":false},"excerpt":{"rendered":"<p>El acto culmin\u00f3 con las palabras del Embajador Juan Bol\u00edvar D\u00edaz, quien hizo un recuento de sus a\u00f1os como estudiante en M\u00e9xico y expres\u00f3 un mensaje en pro de la democracia y la libertad. El pasado jueves 27 de agosto, en un emotivo acto, el embajador Juan Bol\u00edvar D\u00edaz present\u00f3 sus memorias \u201cCon las riendas [&hellip;]<\/p>\n","protected":false},"author":2,"featured_media":694235,"comment_status":"open","ping_status":"closed","sticky":false,"template":"","format":"standard","meta":{"footnotes":""},"categories":[26,19,27],"tags":[8168,8166],"class_list":["post-694234","post","type-post","status-publish","format-standard","has-post-thumbnail","hentry","category-efemerides","category-mi-voz","category-portada","tag-elias-chavez-2","tag-juan-bolivar-diaz-2"],"_links":{"self":[{"href":"https:\/\/diariodominicano.com\/index.php?rest_route=\/wp\/v2\/posts\/694234","targetHints":{"allow":["GET"]}}],"collection":[{"href":"https:\/\/diariodominicano.com\/index.php?rest_route=\/wp\/v2\/posts"}],"about":[{"href":"https:\/\/diariodominicano.com\/index.php?rest_route=\/wp\/v2\/types\/post"}],"author":[{"embeddable":true,"href":"https:\/\/diariodominicano.com\/index.php?rest_route=\/wp\/v2\/users\/2"}],"replies":[{"embeddable":true,"href":"https:\/\/diariodominicano.com\/index.php?rest_route=%2Fwp%2Fv2%2Fcomments&post=694234"}],"version-history":[{"count":1,"href":"https:\/\/diariodominicano.com\/index.php?rest_route=\/wp\/v2\/posts\/694234\/revisions"}],"predecessor-version":[{"id":694243,"href":"https:\/\/diariodominicano.com\/index.php?rest_route=\/wp\/v2\/posts\/694234\/revisions\/694243"}],"wp:featuredmedia":[{"embeddable":true,"href":"https:\/\/diariodominicano.com\/index.php?rest_route=\/wp\/v2\/media\/694235"}],"wp:attachment":[{"href":"https:\/\/diariodominicano.com\/index.php?rest_route=%2Fwp%2Fv2%2Fmedia&parent=694234"}],"wp:term":[{"taxonomy":"category","embeddable":true,"href":"https:\/\/diariodominicano.com\/index.php?rest_route=%2Fwp%2Fv2%2Fcategories&post=694234"},{"taxonomy":"post_tag","embeddable":true,"href":"https:\/\/diariodominicano.com\/index.php?rest_route=%2Fwp%2Fv2%2Ftags&post=694234"}],"curies":[{"name":"wp","href":"https:\/\/api.w.org\/{rel}","templated":true}]}}