{"id":694231,"date":"2026-09-01T15:12:03","date_gmt":"2026-09-01T19:12:03","guid":{"rendered":"https:\/\/diariodominicano.com\/?p=694231"},"modified":"2026-09-01T15:12:13","modified_gmt":"2026-09-01T19:12:13","slug":"infotep-y-promiches-acuerdan-formar-talento-humano-para-impulsar-desarrollo-turistico-de-miches","status":"publish","type":"post","link":"https:\/\/diariodominicano.com\/?p=694231","title":{"rendered":"Infotep y Promiches acuerdan formar talento humano para impulsar desarrollo tur\u00edstico de Miches"},"content":{"rendered":"\n<p class=\"wp-block-paragraph\">diariodominicano.com<\/p>\n\n\n\n<p class=\"wp-block-paragraph\">Santo Domingo, R. D.,  1 de septiembre, 2026.- El Instituto Nacional de Formaci\u00f3n T\u00e9cnico Profesional\u00a0<strong>(Infotep)<\/strong>\u00a0y la Asociaci\u00f3n de Hoteles y Turismo El Seibo-Miches\u00a0<strong>(Promiches)<\/strong>\u00a0suscribieron un\u00a0<strong>Acuerdo Marco de Cooperaci\u00f3n Interinstitucional<\/strong>\u00a0para fortalecer la\u00a0<strong>formaci\u00f3n<\/strong>\u00a0t\u00e9cnico-profesional y la\u00a0<strong>empleabilidad<\/strong>\u00a0de los habitantes de\u00a0<strong>Miches y otros municipios<\/strong>\u00a0de la regi\u00f3n Este.<\/p>\n\n\n\n<p class=\"wp-block-paragraph\">La alianza establece las bases para desarrollar programas de formaci\u00f3n orientados a crear un&nbsp;<strong>banco de candidatos elegibles,<\/strong>&nbsp;debidamente capacitados para responder a las necesidades de&nbsp;<strong>personal de los hoteles&nbsp;<\/strong>que integran Promiches, en consonancia con el&nbsp;<strong>crecimiento<\/strong>&nbsp;que experimenta el&nbsp;<strong>destino tur\u00edstico.<\/strong><\/p>\n\n\n\n<p class=\"wp-block-paragraph\">Durante el acto de firma, la directora general del Infotep,&nbsp;<strong>Maira Morla Pineda<\/strong>, destac\u00f3 que el acuerdo responde al compromiso de la instituci\u00f3n de&nbsp;<strong>vincular la formaci\u00f3n t\u00e9cnico-profesional con las necesidades reales&nbsp;<\/strong>de los sectores productivos y con las transformaciones que experimentan los territorios.<\/p>\n\n\n\n<p class=\"wp-block-paragraph\"><em>\u201cEsta alianza permitir\u00e1 responder de manera oportuna y pertinente a las demandas del sector tur\u00edstico en Miches, as\u00ed como fortalecer el desarrollo de las provincias El Seibo y Hato Mayor\u201d,<\/em>&nbsp;declar\u00f3 Morla.<\/p>\n\n\n\n<p class=\"wp-block-paragraph\">Se\u00f1al\u00f3 que la iniciativa se inscribe en la&nbsp;<strong>visi\u00f3n del gobierno del presidente Luis Abinader<\/strong>&nbsp;de consolidar a&nbsp;<strong>Miches como un polo tur\u00edstico<\/strong>&nbsp;con capacidad para generar&nbsp;<strong>empleos<\/strong>, atraer&nbsp;<strong>inversiones<\/strong>&nbsp;y ampliar las oportunidades de&nbsp;<strong>desarrollo<\/strong>&nbsp;para sus comunidades.<\/p>\n\n\n\n<p class=\"wp-block-paragraph\">Mientras que el presidente de la Asociaci\u00f3n de Hoteles y Turismo El Seibo-Miches (Promiches),&nbsp;<strong>William Phelan<\/strong>, destac\u00f3 que el acuerdo con Infotep permitir\u00e1 vincular de manera m\u00e1s directa&nbsp;<strong>las necesidades de la industria tur\u00edstica con la formaci\u00f3n disponible en el territorio<\/strong>, mediante la identificaci\u00f3n de los&nbsp;<strong>perfiles y competencias<\/strong>&nbsp;que demanda el sector y la&nbsp;<strong>actualizaci\u00f3n<\/strong>&nbsp;de los programas formativos.<\/p>\n\n\n\n<p class=\"wp-block-paragraph\"><em>\u201cHoy, la actividad tur\u00edstica, hotelera e inmobiliaria de la zona representa una inversi\u00f3n superior a los 1,250 millones de d\u00f3lares, genera m\u00e1s de 6,000 empleos directos e indirectos y cuenta con unas 3,000 habitaciones hoteleras en operaci\u00f3n\u201d,<\/em>&nbsp;resalt\u00f3 Phelan.<\/p>\n\n\n\n<p class=\"wp-block-paragraph\">Se\u00f1al\u00f3 que esta articulaci\u00f3n contribuir\u00e1 a preparar el&nbsp;<strong>talento humano requerido<\/strong>&nbsp;por el crecimiento tur\u00edstico, hotelero e inmobiliario de Miches.<\/p>\n\n\n\n<p class=\"wp-block-paragraph\"><strong>Formaci\u00f3n vinculada al desarrollo de Miches<\/strong><\/p>\n\n\n\n<p class=\"wp-block-paragraph\">La oferta formativa incluir\u00e1 las \u00e1reas de hoteler\u00eda, gastronom\u00eda, electricidad, refrigeraci\u00f3n, mec\u00e1nica automotriz, mantenimiento, emprendimiento y \u00e1reas vinculadas a la industria 4.0, adem\u00e1s de programas de actualizaci\u00f3n en idiomas, herramientas tecnol\u00f3gicas, gesti\u00f3n financiera, gerencia y liderazgo, calidad, redacci\u00f3n de informes t\u00e9cnicos, formulaci\u00f3n y evaluaci\u00f3n de proyectos y soluci\u00f3n de conflictos.<\/p>\n\n\n\n<p class=\"wp-block-paragraph\">La iniciativa busca que la expansi\u00f3n de la actividad tur\u00edstica en Miches est\u00e9 acompa\u00f1ada por una&nbsp;<strong>mayor disponibilidad de trabajadores formados<\/strong>&nbsp;en las competencias que demanda el sector, lo cual favorece la&nbsp;<strong>incorporaci\u00f3n de residentes de la zona a las nuevas oportunidades laborales.<\/strong><\/p>\n\n\n\n<p class=\"wp-block-paragraph\"><strong>Proyecci\u00f3n de una escuela t\u00e9cnico-profesional<\/strong><\/p>\n\n\n\n<p class=\"wp-block-paragraph\">Durante la firma del acuerdo, las autoridades informaron que tambi\u00e9n eval\u00faan la&nbsp;<strong>implementaci\u00f3n y puesta en marcha de una escuela t\u00e9cnico-profesional<\/strong>&nbsp;en Miches, iniciativa que permitir\u00eda ampliar de manera permanente la&nbsp;<strong>oferta formativa del Infotep en la zona&nbsp;<\/strong>y responder a las necesidades de talento humano que genera el crecimiento econ\u00f3mico y tur\u00edstico del municipio.<\/p>\n\n\n\n<p class=\"wp-block-paragraph\"><strong>Sobre Promiches<\/strong><\/p>\n\n\n\n<p class=\"wp-block-paragraph\">La Asociaci\u00f3n de Hoteles y Turismo El Seibo-Miches (Promiches) es una&nbsp;<strong>organizaci\u00f3n empresarial fundada en 2021<\/strong>&nbsp;con el prop\u00f3sito de impulsar y posicionar a Miches como un&nbsp;<strong>destino tur\u00edstico sostenible<\/strong>&nbsp;de la Rep\u00fablica Dominicana.<\/p>\n\n\n\n<p class=\"wp-block-paragraph\">La entidad agrupa a empresas como Club Med Miches, Viva Miches by Wyndham, Zemi Miches Punta Cana, All Inclusive y Curio de Hilton, as\u00ed como Secrets y Dreams de Playa Esmeralda, que en conjunto representan&nbsp;<strong>unas 5,000 habitaciones.<\/strong><\/p>\n\n\n\n<p class=\"wp-block-paragraph\"><a href=\"https:\/\/presidencia.gob.do\/taxonomy\/term\/108\">INFOTEP<\/a><\/p>\n","protected":false},"excerpt":{"rendered":"<p>diariodominicano.com Santo Domingo, R. D., 1 de septiembre, 2026.- El Instituto Nacional de Formaci\u00f3n T\u00e9cnico Profesional\u00a0(Infotep)\u00a0y la Asociaci\u00f3n de Hoteles y Turismo El Seibo-Miches\u00a0(Promiches)\u00a0suscribieron un\u00a0Acuerdo Marco de Cooperaci\u00f3n Interinstitucional\u00a0para fortalecer la\u00a0formaci\u00f3n\u00a0t\u00e9cnico-profesional y la\u00a0empleabilidad\u00a0de los habitantes de\u00a0Miches y otros municipios\u00a0de la regi\u00f3n Este. La alianza establece las bases para desarrollar programas de formaci\u00f3n orientados a crear [&hellip;]<\/p>\n","protected":false},"author":5,"featured_media":694232,"comment_status":"closed","ping_status":"closed","sticky":false,"template":"","format":"standard","meta":{"footnotes":""},"categories":[20,27],"tags":[],"class_list":["post-694231","post","type-post","status-publish","format-standard","has-post-thumbnail","hentry","category-dominicana-hoy","category-portada"],"_links":{"self":[{"href":"https:\/\/diariodominicano.com\/index.php?rest_route=\/wp\/v2\/posts\/694231","targetHints":{"allow":["GET"]}}],"collection":[{"href":"https:\/\/diariodominicano.com\/index.php?rest_route=\/wp\/v2\/posts"}],"about":[{"href":"https:\/\/diariodominicano.com\/index.php?rest_route=\/wp\/v2\/types\/post"}],"author":[{"embeddable":true,"href":"https:\/\/diariodominicano.com\/index.php?rest_route=\/wp\/v2\/users\/5"}],"replies":[{"embeddable":true,"href":"https:\/\/diariodominicano.com\/index.php?rest_route=%2Fwp%2Fv2%2Fcomments&post=694231"}],"version-history":[{"count":1,"href":"https:\/\/diariodominicano.com\/index.php?rest_route=\/wp\/v2\/posts\/694231\/revisions"}],"predecessor-version":[{"id":694233,"href":"https:\/\/diariodominicano.com\/index.php?rest_route=\/wp\/v2\/posts\/694231\/revisions\/694233"}],"wp:featuredmedia":[{"embeddable":true,"href":"https:\/\/diariodominicano.com\/index.php?rest_route=\/wp\/v2\/media\/694232"}],"wp:attachment":[{"href":"https:\/\/diariodominicano.com\/index.php?rest_route=%2Fwp%2Fv2%2Fmedia&parent=694231"}],"wp:term":[{"taxonomy":"category","embeddable":true,"href":"https:\/\/diariodominicano.com\/index.php?rest_route=%2Fwp%2Fv2%2Fcategories&post=694231"},{"taxonomy":"post_tag","embeddable":true,"href":"https:\/\/diariodominicano.com\/index.php?rest_route=%2Fwp%2Fv2%2Ftags&post=694231"}],"curies":[{"name":"wp","href":"https:\/\/api.w.org\/{rel}","templated":true}]}}