{"id":694227,"date":"2026-09-01T14:58:08","date_gmt":"2026-09-01T18:58:08","guid":{"rendered":"https:\/\/diariodominicano.com\/?p=694227"},"modified":"2026-09-01T14:58:18","modified_gmt":"2026-09-01T18:58:18","slug":"alemania-culpa-a-rusia-por-incursion-de-dron-y-cierra-consulado-general-ruso","status":"publish","type":"post","link":"https:\/\/diariodominicano.com\/?p=694227","title":{"rendered":"Alemania culpa a Rusia por incursi\u00f3n de dron y cierra consulado general ruso"},"content":{"rendered":"\n<p class=\"wp-block-paragraph\">diariodominicano.com<\/p>\n\n\n\n<p class=\"wp-block-paragraph\">BERL\u00cdN, 1 sep (Xinhua) &#8212; El Gobierno de Alemania anunci\u00f3 hoy martes que responsabiliza a Rusia por el intento de ataque con dron del mes pasado contra el Aeropuerto de Leipzig por lo que orden\u00f3 una serie de medidas de represalia, incluido el cierre del consulado general de Rusia en Bonn. El Gobierno concluy\u00f3 \u00abque Rusia es responsable del ataque h\u00edbrido del 4 de agosto en Leipzig\u00bb, dijo el ministro de Interior alem\u00e1n, Alexander Dobrindt, durante una declaraci\u00f3n ante la prensa en Berl\u00edn junto con el ministro de Relaciones Exteriores Johann Wadephul. Alemania cerrar\u00e1 el consulado general de Rusia en Bonn el 18 de septiembre, pondr\u00e1 fin al contrato con la Casa Rusa en Berl\u00edn y convocar\u00e1 al embajador ruso, dijo Wadephul. Wadephul agreg\u00f3 que el Gobierno est\u00e1 preparando un paquete m\u00e1s amplio de medidas de represalia, incluyendo la ampliaci\u00f3n de las sanciones de la UE, prohibiciones de viaje y controles de ingreso m\u00e1s estrictos para los nacionales rusos.<\/p>\n","protected":false},"excerpt":{"rendered":"<p>diariodominicano.com BERL\u00cdN, 1 sep (Xinhua) &#8212; El Gobierno de Alemania anunci\u00f3 hoy martes que responsabiliza a Rusia por el intento de ataque con dron del mes pasado contra el Aeropuerto de Leipzig por lo que orden\u00f3 una serie de medidas de represalia, incluido el cierre del consulado general de Rusia en Bonn. El Gobierno concluy\u00f3 [&hellip;]<\/p>\n","protected":false},"author":5,"featured_media":694228,"comment_status":"closed","ping_status":"closed","sticky":false,"template":"","format":"standard","meta":{"footnotes":""},"categories":[23,27],"tags":[],"class_list":["post-694227","post","type-post","status-publish","format-standard","has-post-thumbnail","hentry","category-internacional","category-portada"],"_links":{"self":[{"href":"https:\/\/diariodominicano.com\/index.php?rest_route=\/wp\/v2\/posts\/694227","targetHints":{"allow":["GET"]}}],"collection":[{"href":"https:\/\/diariodominicano.com\/index.php?rest_route=\/wp\/v2\/posts"}],"about":[{"href":"https:\/\/diariodominicano.com\/index.php?rest_route=\/wp\/v2\/types\/post"}],"author":[{"embeddable":true,"href":"https:\/\/diariodominicano.com\/index.php?rest_route=\/wp\/v2\/users\/5"}],"replies":[{"embeddable":true,"href":"https:\/\/diariodominicano.com\/index.php?rest_route=%2Fwp%2Fv2%2Fcomments&post=694227"}],"version-history":[{"count":1,"href":"https:\/\/diariodominicano.com\/index.php?rest_route=\/wp\/v2\/posts\/694227\/revisions"}],"predecessor-version":[{"id":694229,"href":"https:\/\/diariodominicano.com\/index.php?rest_route=\/wp\/v2\/posts\/694227\/revisions\/694229"}],"wp:featuredmedia":[{"embeddable":true,"href":"https:\/\/diariodominicano.com\/index.php?rest_route=\/wp\/v2\/media\/694228"}],"wp:attachment":[{"href":"https:\/\/diariodominicano.com\/index.php?rest_route=%2Fwp%2Fv2%2Fmedia&parent=694227"}],"wp:term":[{"taxonomy":"category","embeddable":true,"href":"https:\/\/diariodominicano.com\/index.php?rest_route=%2Fwp%2Fv2%2Fcategories&post=694227"},{"taxonomy":"post_tag","embeddable":true,"href":"https:\/\/diariodominicano.com\/index.php?rest_route=%2Fwp%2Fv2%2Ftags&post=694227"}],"curies":[{"name":"wp","href":"https:\/\/api.w.org\/{rel}","templated":true}]}}