{"id":694223,"date":"2026-09-01T14:31:56","date_gmt":"2026-09-01T18:31:56","guid":{"rendered":"https:\/\/diariodominicano.com\/?p=694223"},"modified":"2026-09-01T14:32:07","modified_gmt":"2026-09-01T18:32:07","slug":"gobierno-entrega-50-camiones-compactadores-para-fortalecer-la-recogida-de-basura-y-proteger-la-salud-de-la-poblacion","status":"publish","type":"post","link":"https:\/\/diariodominicano.com\/?p=694223","title":{"rendered":"Gobierno entrega 50 camiones compactadores para fortalecer la recogida de basura y proteger la salud de la poblaci\u00f3n"},"content":{"rendered":"\n<p class=\"wp-block-paragraph\">diariodominicano.com<\/p>\n\n\n\n<p class=\"wp-block-paragraph\">Santo Domingo, R. D.,  1 de septiembre, 2026.-\u00a0<strong>El presidente Luis Abinader<\/strong>, a trav\u00e9s del Ministerio Administrativo de la Presidencia\u00a0<strong>(Mapre)<\/strong>, entreg\u00f3\u00a0<strong>50 camiones compactadores<\/strong>\u00a0a municipios y distritos municipales, como parte de un programa de apoyo dirigido a fortalecer la\u00a0<strong>capacidad de los gobiernos locales<\/strong>\u00a0para garantizar una\u00a0<strong>recogida de basura m\u00e1s eficiente.<\/strong><\/p>\n\n\n\n<p class=\"wp-block-paragraph\">El ministro administrativo de la Presidencia,&nbsp;<strong>Andr\u00e9s Bautista Garc\u00eda<\/strong>, inform\u00f3 que la iniciativa responde especialmente a las comunidades donde la&nbsp;<strong>acumulaci\u00f3n de basura<\/strong>&nbsp;representa un&nbsp;<strong>riesgo para la salud p\u00fablica, el medio ambiente y la calidad de vida&nbsp;<\/strong>de la poblaci\u00f3n.<\/p>\n\n\n\n<p class=\"wp-block-paragraph\">En un acto celebrado en la explanada frontal del Palacio Nacional, Bautista Garc\u00eda manifest\u00f3 que esta&nbsp;<strong>iniciativa, dispuesta por el presidente Luis Abinader,<\/strong>&nbsp;busca dar respuesta a una de las principales necesidades de los gobiernos locales y contribuir a mejorar las condiciones de salubridad de las comunidades, mediante una gesti\u00f3n m\u00e1s eficiente de la recogida de basura.<\/p>\n\n\n\n<p class=\"wp-block-paragraph\">La actividad fue encabezada por el ministro Bautista Garc\u00eda, acompa\u00f1ado del presidente de la Liga Municipal Dominicana,&nbsp;<strong>V\u00edctor D\u2019Aza<\/strong>; el de la Federaci\u00f3n Dominicana de Municipios y alcalde de Saman\u00e1,&nbsp;<strong>Nelson N\u00fa\u00f1ez<\/strong>, y el de la Federaci\u00f3n Dominicana de Distritos Municipales (Fedodim),&nbsp;<strong>Lioncito Jos\u00e9<\/strong>; el ministro de Trabajo,&nbsp;<strong>Eddy Olivares; Priamo Ram\u00edrez<\/strong>, director ejecutivo DO Sostenible, y&nbsp;<strong>Modesto Guzm\u00e1n<\/strong>, director general de la Direcci\u00f3n de Desarrollo a la Comunidad, adem\u00e1s, de diputados, senadores y los alcaldes beneficiados con los camiones compactadores.<\/p>\n\n\n\n<p class=\"wp-block-paragraph\">Entre 2024 y 2026, el Gobierno recibi\u00f3 unas&nbsp;<strong>240 solicitudes de donaci\u00f3n de camiones compactadores<\/strong>&nbsp;para ser utilizados en los municipios y distritos municipales del pa\u00eds.<\/p>\n\n\n\n<p class=\"wp-block-paragraph\">Debido al riesgo para la salud p\u00fablica que representa la acumulaci\u00f3n de basura y considerando la precariedad de recursos para la adquisici\u00f3n de estos equipos, el Mapre convoc\u00f3 a un&nbsp;<strong>procedimiento de contrataci\u00f3n p\u00fablica<\/strong>&nbsp;el 23 de marzo de 2026,&nbsp; relativo a la&nbsp;<strong>adquisici\u00f3n de 100 camiones<\/strong>&nbsp;para ser donados, en una primera fase, a los&nbsp;<strong>territorios de mayor necesidad.&nbsp;<\/strong><\/p>\n\n\n\n<p class=\"wp-block-paragraph\">Esta primera entrega permitir\u00e1 mejorar la&nbsp;<strong>capacidad operativa<\/strong>&nbsp;de los gobiernos locales beneficiados.<\/p>\n\n\n\n<p class=\"wp-block-paragraph\">Los equipos ser\u00e1n destinados prioritariamente a municipios y distritos municipales de Azua, Bahoruco, Barahona, El\u00edas Pi\u00f1a, Independencia, Pedernales, Peravia, San Crist\u00f3bal, San Jos\u00e9 de Ocoa y San Juan, adem\u00e1s de Los Alcarrizos y Pedro Brand, en el Gran Santo Domingo, as\u00ed como a territorios de Monte Plata, El Seibo y Hato Mayor.<\/p>\n\n\n\n<p class=\"wp-block-paragraph\">El ministro exhort\u00f3 a los alcaldes y directores distritales beneficiados con estos equipos a&nbsp;<em>\u201ccuidar de ellos como si fueran propios evitando que al paso de dos o tres a\u00f1os aparezcan en un cementerio de chatarras\u201d.<\/em><\/p>\n\n\n\n<p class=\"wp-block-paragraph\"><a href=\"https:\/\/presidencia.gob.do\/taxonomy\/term\/58\">DIPP<\/a><\/p>\n","protected":false},"excerpt":{"rendered":"<p>diariodominicano.com Santo Domingo, R. D., 1 de septiembre, 2026.-\u00a0El presidente Luis Abinader, a trav\u00e9s del Ministerio Administrativo de la Presidencia\u00a0(Mapre), entreg\u00f3\u00a050 camiones compactadores\u00a0a municipios y distritos municipales, como parte de un programa de apoyo dirigido a fortalecer la\u00a0capacidad de los gobiernos locales\u00a0para garantizar una\u00a0recogida de basura m\u00e1s eficiente. El ministro administrativo de la Presidencia,&nbsp;Andr\u00e9s Bautista [&hellip;]<\/p>\n","protected":false},"author":5,"featured_media":694224,"comment_status":"closed","ping_status":"closed","sticky":false,"template":"","format":"standard","meta":{"footnotes":""},"categories":[20,27],"tags":[],"class_list":["post-694223","post","type-post","status-publish","format-standard","has-post-thumbnail","hentry","category-dominicana-hoy","category-portada"],"_links":{"self":[{"href":"https:\/\/diariodominicano.com\/index.php?rest_route=\/wp\/v2\/posts\/694223","targetHints":{"allow":["GET"]}}],"collection":[{"href":"https:\/\/diariodominicano.com\/index.php?rest_route=\/wp\/v2\/posts"}],"about":[{"href":"https:\/\/diariodominicano.com\/index.php?rest_route=\/wp\/v2\/types\/post"}],"author":[{"embeddable":true,"href":"https:\/\/diariodominicano.com\/index.php?rest_route=\/wp\/v2\/users\/5"}],"replies":[{"embeddable":true,"href":"https:\/\/diariodominicano.com\/index.php?rest_route=%2Fwp%2Fv2%2Fcomments&post=694223"}],"version-history":[{"count":1,"href":"https:\/\/diariodominicano.com\/index.php?rest_route=\/wp\/v2\/posts\/694223\/revisions"}],"predecessor-version":[{"id":694225,"href":"https:\/\/diariodominicano.com\/index.php?rest_route=\/wp\/v2\/posts\/694223\/revisions\/694225"}],"wp:featuredmedia":[{"embeddable":true,"href":"https:\/\/diariodominicano.com\/index.php?rest_route=\/wp\/v2\/media\/694224"}],"wp:attachment":[{"href":"https:\/\/diariodominicano.com\/index.php?rest_route=%2Fwp%2Fv2%2Fmedia&parent=694223"}],"wp:term":[{"taxonomy":"category","embeddable":true,"href":"https:\/\/diariodominicano.com\/index.php?rest_route=%2Fwp%2Fv2%2Fcategories&post=694223"},{"taxonomy":"post_tag","embeddable":true,"href":"https:\/\/diariodominicano.com\/index.php?rest_route=%2Fwp%2Fv2%2Ftags&post=694223"}],"curies":[{"name":"wp","href":"https:\/\/api.w.org\/{rel}","templated":true}]}}