{"id":694217,"date":"2026-09-01T13:37:26","date_gmt":"2026-09-01T17:37:26","guid":{"rendered":"https:\/\/diariodominicano.com\/?p=694217"},"modified":"2026-09-01T13:37:34","modified_gmt":"2026-09-01T17:37:34","slug":"prision-preventiva-para-miembros-de-red-de-narcotrafico-desmantelada-por-el-ministerio-publico-con-la-operacion-logtca","status":"publish","type":"post","link":"https:\/\/diariodominicano.com\/?p=694217","title":{"rendered":"Prisi\u00f3n preventiva para miembros de red de narcotr\u00e1fico desmantelada por el Ministerio P\u00fablico con la Operaci\u00f3n LOGTCA"},"content":{"rendered":"\n<p class=\"wp-block-paragraph\">diariodominicano.com<\/p>\n\n\n\n<p class=\"wp-block-paragraph\"><strong>SANTO DOMINGO, R. D., 1 de septiembre, 2026.-<\/strong>  \u00a0A solicitud del Ministerio P\u00fablico, representado por la Procuradur\u00eda Especializada contra el Tr\u00e1fico Il\u00edcito de Drogas Narc\u00f3ticas, un tribunal impuso 18 meses de prisi\u00f3n preventiva, como medida de coerci\u00f3n, contra los integrantes de la estructura criminal de narcotr\u00e1fico desmantelada con la Operaci\u00f3n LOGTCA.<\/p>\n\n\n\n<p class=\"wp-block-paragraph\">Los procesados Francisco Daniel Garc\u00eda Santana (el Gato y\/o el Felino), Wendy Cede\u00f1o Santill\u00e1n (el Suave y\/o el Alcalde), Francisco Pinales (Fernelis), Joselo Pinales, Modesto Amado Concepci\u00f3n Castillo (Usao y\/o Kiko), Yeremy Jos\u00e9 Pereyra Pinales (Yeri), e Irwing Felipe Rodr\u00edguez Rijo (el Gordo y\/o el Cerdo y\/o Keche) ten\u00edan vinculaci\u00f3n a una red transnacional que se dedicada a recibir cargamentos de drogas procedentes de Colombia, Sudam\u00e9rica, para su posterior env\u00edo y distribuci\u00f3n hacia Puerto Rico.<\/p>\n\n\n\n<p class=\"wp-block-paragraph\">Al evaluar el expediente presentado por los fiscales el tribunal determin\u00f3 que los elementos de prueba vinculan a los imputados con los hechos, existiendo el riesgo de fuga, raz\u00f3n por la que orden\u00f3 su env\u00edo a prisi\u00f3n para garantizar su presencia en todos los actos del procedimiento.<\/p>\n\n\n\n<p class=\"wp-block-paragraph\">Adem\u00e1s, el tribunal declar\u00f3 el caso complejo y otorg\u00f3 un plazo ampliado de ocho meses al Ministerio P\u00fablico para presentar el acto conclusivo de la investigaci\u00f3n, lo que permitir\u00e1 procesar las evidencias f\u00edsicas, electr\u00f3nicas y documentales recolectadas.<\/p>\n\n\n\n<p class=\"wp-block-paragraph\">De acuerdo con la investigaci\u00f3n, esta estructura delictiva controlaba parte de la operatividad para buscar y recibir cargamentos de narc\u00f3ticos procedentes de Colombia, sirviendo a su vez de soporte log\u00edstico a otras organizaciones criminales y cabecillas del narcotr\u00e1fico en la zona este de Rep\u00fablica Dominicana.<\/p>\n\n\n\n<p class=\"wp-block-paragraph\">Bajo este modo operativo, la red, que captaba y reclutaba a personas con alta experiencia en la navegaci\u00f3n mar\u00edtima y la pesca, trafic\u00f3 aproximadamente 9,000 kilos de coca\u00edna hacia Puerto Rico, movilizando alrededor de 160 millones de d\u00f3lares producto de estas operaciones il\u00edcitas.<\/p>\n\n\n\n<p class=\"wp-block-paragraph\">La Operaci\u00f3n LOGTCA, encabezada por la Procuradur\u00eda Especializada Antidrogas y agentes de la Direcci\u00f3n Nacional de Control de Drogas (DNCD), conllev\u00f3 el despliegue de 14 allanamientos simult\u00e1neos en distintas zonas de la provincia La Altagracia.<\/p>\n\n\n\n<p class=\"wp-block-paragraph\">Las labores fueron realizadas el pasado 6 de agosto. En el transcurso de la operaci\u00f3n fueron arrestadas 11 personas. Adem\u00e1s, se incautaron embarcaciones, sistemas de posicionamiento global (GPS), armas y sustancias controladas, desarticulando un importante nodo de operaciones log\u00edsticas que utilizaba las costas de la regi\u00f3n este para el env\u00edo de drogas hacia el extranjero.<\/p>\n\n\n\n<p class=\"wp-block-paragraph\">La jueza titular de la Oficina Judicial de Servicios de Atenci\u00f3n Permanente, Francis Y. Reyes Dilon\u00e9, orden\u00f3 que los procesados cumplan la medida de coerci\u00f3n impuesta en el Centro de Correcci\u00f3n y Rehabilitaci\u00f3n (CCR) de Anamuya, en la provincia de La Altagracia.<\/p>\n\n\n\n<p class=\"wp-block-paragraph\"><strong>Direcci\u00f3n General de Comunicaci\u00f3n, Prensa y RRPP<\/strong><\/p>\n\n\n\n<p class=\"wp-block-paragraph\"><strong>Ministerio P\u00fablico RD<\/strong><\/p>\n\n\n\n<p class=\"wp-block-paragraph\"><strong>Martes, 1 de septiembre de 2026.<\/strong><\/p>\n","protected":false},"excerpt":{"rendered":"<p>diariodominicano.com SANTO DOMINGO, R. D., 1 de septiembre, 2026.- \u00a0A solicitud del Ministerio P\u00fablico, representado por la Procuradur\u00eda Especializada contra el Tr\u00e1fico Il\u00edcito de Drogas Narc\u00f3ticas, un tribunal impuso 18 meses de prisi\u00f3n preventiva, como medida de coerci\u00f3n, contra los integrantes de la estructura criminal de narcotr\u00e1fico desmantelada con la Operaci\u00f3n LOGTCA. Los procesados Francisco [&hellip;]<\/p>\n","protected":false},"author":5,"featured_media":694218,"comment_status":"closed","ping_status":"closed","sticky":false,"template":"","format":"standard","meta":{"footnotes":""},"categories":[24,27],"tags":[],"class_list":["post-694217","post","type-post","status-publish","format-standard","has-post-thumbnail","hentry","category-justicia-y-derecho","category-portada"],"_links":{"self":[{"href":"https:\/\/diariodominicano.com\/index.php?rest_route=\/wp\/v2\/posts\/694217","targetHints":{"allow":["GET"]}}],"collection":[{"href":"https:\/\/diariodominicano.com\/index.php?rest_route=\/wp\/v2\/posts"}],"about":[{"href":"https:\/\/diariodominicano.com\/index.php?rest_route=\/wp\/v2\/types\/post"}],"author":[{"embeddable":true,"href":"https:\/\/diariodominicano.com\/index.php?rest_route=\/wp\/v2\/users\/5"}],"replies":[{"embeddable":true,"href":"https:\/\/diariodominicano.com\/index.php?rest_route=%2Fwp%2Fv2%2Fcomments&post=694217"}],"version-history":[{"count":1,"href":"https:\/\/diariodominicano.com\/index.php?rest_route=\/wp\/v2\/posts\/694217\/revisions"}],"predecessor-version":[{"id":694219,"href":"https:\/\/diariodominicano.com\/index.php?rest_route=\/wp\/v2\/posts\/694217\/revisions\/694219"}],"wp:featuredmedia":[{"embeddable":true,"href":"https:\/\/diariodominicano.com\/index.php?rest_route=\/wp\/v2\/media\/694218"}],"wp:attachment":[{"href":"https:\/\/diariodominicano.com\/index.php?rest_route=%2Fwp%2Fv2%2Fmedia&parent=694217"}],"wp:term":[{"taxonomy":"category","embeddable":true,"href":"https:\/\/diariodominicano.com\/index.php?rest_route=%2Fwp%2Fv2%2Fcategories&post=694217"},{"taxonomy":"post_tag","embeddable":true,"href":"https:\/\/diariodominicano.com\/index.php?rest_route=%2Fwp%2Fv2%2Ftags&post=694217"}],"curies":[{"name":"wp","href":"https:\/\/api.w.org\/{rel}","templated":true}]}}