{"id":694207,"date":"2026-09-01T13:09:32","date_gmt":"2026-09-01T17:09:32","guid":{"rendered":"https:\/\/diariodominicano.com\/?p=694207"},"modified":"2026-09-01T13:09:45","modified_gmt":"2026-09-01T17:09:45","slug":"ucsd-examina-cambios-y-alcance-en-el-nuevo-codigo-penal-dominicano","status":"publish","type":"post","link":"https:\/\/diariodominicano.com\/?p=694207","title":{"rendered":"UCSD examina cambios y alcance en el nuevo Codigo Penal Dominicano"},"content":{"rendered":"\n<p class=\"wp-block-paragraph\">diariodominicano.com<\/p>\n\n\n\n<p class=\"wp-block-paragraph\"><strong>Santo Domingo, R. D., 1 de septiembre, 2026.\u2013<\/strong>   La Universidad Cat\u00f3lica Santo Domingo (UCSD) realiz\u00f3 una jornada formativa sobre el nuevo C\u00f3digo Penal Dominicano, con el prop\u00f3sito de facilitar la comprensi\u00f3n de sus disposiciones, con \u00e9nfasis en aquellas vinculadas con la comunidad universitaria, el ejercicio docente y el sector educativo en general.<\/p>\n\n\n<div class=\"wp-block-image\">\n<figure class=\"alignleft size-full is-resized\"><img loading=\"lazy\" decoding=\"async\" width=\"670\" height=\"377\" src=\"https:\/\/diariodominicano.com\/wp-content\/uploads\/2026\/09\/UCSD-Panelistas-autoridades-y-publico-asistente1-9-26.jpg\" alt=\"\" class=\"wp-image-694209\" style=\"aspect-ratio:1.777200871540494;width:389px;height:auto\" srcset=\"https:\/\/diariodominicano.com\/wp-content\/uploads\/2026\/09\/UCSD-Panelistas-autoridades-y-publico-asistente1-9-26.jpg 670w, https:\/\/diariodominicano.com\/wp-content\/uploads\/2026\/09\/UCSD-Panelistas-autoridades-y-publico-asistente1-9-26-300x169.jpg 300w\" sizes=\"auto, (max-width: 670px) 100vw, 670px\" \/><\/figure>\n<\/div>\n\n\n<p class=\"wp-block-paragraph\">El encuentro fue encabezado por el rector de la UCSD, Jos\u00e9 Luis de la Cruz, y cont\u00f3 con la participaci\u00f3n del decano de la Facultad de Ciencias Jur\u00eddicas y Pol\u00edticas, Gustavo A. de los Santos Coll; del director de la Escuela de Derecho, Amauri Marco Mart\u00ednez Abreu; as\u00ed como de los docentes Rosalmy N. Guerrero y Edison Joel Pe\u00f1a.<\/p>\n\n\n\n<p class=\"wp-block-paragraph\">Los panelistas, quienes tambi\u00e9n desempe\u00f1an destacadas funciones en la judicatura y otras \u00e1reas del derecho, abordaron diferentes dimensiones de la nueva legislaci\u00f3n, bajo la moderaci\u00f3n del jurista \u00c1ngel Gomera.<\/p>\n\n\n\n<p class=\"wp-block-paragraph\">Durante sus exposiciones, los especialistas analizaron las nuevas tipificaciones delictivas incorporadas al C\u00f3digo Penal y explicaron disposiciones relacionadas con la transparencia, las responsabilidades personales e institucionales, as\u00ed como las garant\u00edas y la protecci\u00f3n de los derechos de las personas, entre otros temas relevantes.<\/p>\n\n\n\n<p class=\"wp-block-paragraph\">De su lado, la vicerrectora acad\u00e9mica, Carmen Consuelo L\u00f3pez Brand, destac\u00f3 la importancia que reviste el estudio de esta legislaci\u00f3n para la universidad, debido a sus repercusiones jur\u00eddicas, sociales e institucionales.<\/p>\n\n\n\n<p class=\"wp-block-paragraph\">Indic\u00f3 que promover su an\u00e1lisis permite conocer su contenido, dimensionar sus efectos y fomentar una reflexi\u00f3n cr\u00edtica y responsable sobre los retos que plantea su aplicaci\u00f3n en la vida nacional.<\/p>\n\n\n\n<p class=\"wp-block-paragraph\">Con esta actividad formativa, la UCSD reafirma su compromiso con la actualizaci\u00f3n profesional, el debate plural y la generaci\u00f3n de espacios acad\u00e9micos que contribuyan al fortalecimiento del conocimiento jur\u00eddico, la institucionalidad y el Estado de derecho, inform\u00f3 la academia en un documento de prensa.<\/p>\n\n\n\n<p class=\"wp-block-paragraph\">La jornada, realizada en la Biblioteca Octavio A. Cardenal Beras Rojas, reuni\u00f3 a profesionales, docentes, estudiantes y representantes del \u00e1mbito jur\u00eddico interesados en conocer las novedades del C\u00f3digo Penal y reflexionar sobre los retos relacionados con su interpretaci\u00f3n y aplicaci\u00f3n.<\/p>\n\n\n\n<p class=\"wp-block-paragraph\"><strong>Direcci\u00f3n de Comunicaciones Corporativas<\/strong>&nbsp;<\/p>\n\n\n\n<p class=\"wp-block-paragraph\">Universidad Cat\u00f3lica Santo Domingo (UCSD)<\/p>\n","protected":false},"excerpt":{"rendered":"<p>diariodominicano.com Santo Domingo, R. D., 1 de septiembre, 2026.\u2013 La Universidad Cat\u00f3lica Santo Domingo (UCSD) realiz\u00f3 una jornada formativa sobre el nuevo C\u00f3digo Penal Dominicano, con el prop\u00f3sito de facilitar la comprensi\u00f3n de sus disposiciones, con \u00e9nfasis en aquellas vinculadas con la comunidad universitaria, el ejercicio docente y el sector educativo en general. El encuentro [&hellip;]<\/p>\n","protected":false},"author":5,"featured_media":694208,"comment_status":"closed","ping_status":"closed","sticky":false,"template":"","format":"standard","meta":{"footnotes":""},"categories":[20,27],"tags":[],"class_list":["post-694207","post","type-post","status-publish","format-standard","has-post-thumbnail","hentry","category-dominicana-hoy","category-portada"],"_links":{"self":[{"href":"https:\/\/diariodominicano.com\/index.php?rest_route=\/wp\/v2\/posts\/694207","targetHints":{"allow":["GET"]}}],"collection":[{"href":"https:\/\/diariodominicano.com\/index.php?rest_route=\/wp\/v2\/posts"}],"about":[{"href":"https:\/\/diariodominicano.com\/index.php?rest_route=\/wp\/v2\/types\/post"}],"author":[{"embeddable":true,"href":"https:\/\/diariodominicano.com\/index.php?rest_route=\/wp\/v2\/users\/5"}],"replies":[{"embeddable":true,"href":"https:\/\/diariodominicano.com\/index.php?rest_route=%2Fwp%2Fv2%2Fcomments&post=694207"}],"version-history":[{"count":1,"href":"https:\/\/diariodominicano.com\/index.php?rest_route=\/wp\/v2\/posts\/694207\/revisions"}],"predecessor-version":[{"id":694210,"href":"https:\/\/diariodominicano.com\/index.php?rest_route=\/wp\/v2\/posts\/694207\/revisions\/694210"}],"wp:featuredmedia":[{"embeddable":true,"href":"https:\/\/diariodominicano.com\/index.php?rest_route=\/wp\/v2\/media\/694208"}],"wp:attachment":[{"href":"https:\/\/diariodominicano.com\/index.php?rest_route=%2Fwp%2Fv2%2Fmedia&parent=694207"}],"wp:term":[{"taxonomy":"category","embeddable":true,"href":"https:\/\/diariodominicano.com\/index.php?rest_route=%2Fwp%2Fv2%2Fcategories&post=694207"},{"taxonomy":"post_tag","embeddable":true,"href":"https:\/\/diariodominicano.com\/index.php?rest_route=%2Fwp%2Fv2%2Ftags&post=694207"}],"curies":[{"name":"wp","href":"https:\/\/api.w.org\/{rel}","templated":true}]}}