{"id":694202,"date":"2026-09-01T12:40:42","date_gmt":"2026-09-01T16:40:42","guid":{"rendered":"https:\/\/diariodominicano.com\/?p=694202"},"modified":"2026-09-01T12:40:54","modified_gmt":"2026-09-01T16:40:54","slug":"aba-valora-designacion-de-enmanuel-cedeno-brea-al-frente-de-la-superintendencia-de-bancos","status":"publish","type":"post","link":"https:\/\/diariodominicano.com\/?p=694202","title":{"rendered":"ABA valora designaci\u00f3n de Enmanuel Cede\u00f1o Brea al frente de la Superintendencia de Bancos"},"content":{"rendered":"\n<p class=\"wp-block-paragraph\">diariodominicano.com<\/p>\n\n\n\n<p class=\"wp-block-paragraph\"><strong>Santo Domingo, R. D.,  1 de septiembre, 2026.-<\/strong>\u00a0La Asociaci\u00f3n de Bancos M\u00faltiples de la Rep\u00fablica Dominicana (ABA) valor\u00f3 la designaci\u00f3n de V\u00edctor Livio Enmanuel Cede\u00f1o Brea como superintendente de Bancos, dispuesta mediante decreto por el presidente de la Rep\u00fablica, Luis Abinader, y destac\u00f3 que su experiencia y conocimiento del sistema financiero permitir\u00e1n seguir impulsando la modernizaci\u00f3n del organismo supervisor y el desarrollo del sector.<\/p>\n\n\n\n<p class=\"wp-block-paragraph\">La ABA resalt\u00f3 que Cede\u00f1o Brea cuenta con una amplia trayectoria profesional y un profundo conocimiento de la Superintendencia de Bancos, donde ha desempe\u00f1ado distintas responsabilidades, entre ellas la Subgerencia de Regulaci\u00f3n e Innovaci\u00f3n y, m\u00e1s recientemente, la posici\u00f3n de asesor general del Despacho del Superintendente.<\/p>\n\n\n\n<p class=\"wp-block-paragraph\">El gremio consider\u00f3 que su designaci\u00f3n favorece la continuidad de los avances alcanzados por la Superintendencia de Bancos en los \u00faltimos a\u00f1os en materia de modernizaci\u00f3n de la supervisi\u00f3n, evoluci\u00f3n del marco regulatorio, protecci\u00f3n de los usuarios, desarrollo sostenible e inclusi\u00f3n financiera, en consonancia con las transformaciones del sistema financiero y de sus servicios.<\/p>\n\n\n\n<p class=\"wp-block-paragraph\">Asimismo, afirm\u00f3 que el sistema bancario dominicano mantiene elevados niveles de solvencia y resiliencia, resultado del compromiso y el trabajo conjunto de las autoridades y las entidades financieras, por lo que valor\u00f3 la importancia de continuar fortaleciendo el marco institucional y de supervisi\u00f3n que sustenta su estabilidad y evoluci\u00f3n.&nbsp;<\/p>\n\n\n\n<p class=\"wp-block-paragraph\">\u201cDesde la banca m\u00faltiple valoramos la designaci\u00f3n de Enmanuel Cede\u00f1o Brea, un profesional de amplia experiencia, profundo conocimiento del sistema financiero y una destacada trayectoria dentro de la Superintendencia de Bancos. Su experiencia y conocimiento institucional contribuir\u00e1n a dar continuidad al proceso de modernizaci\u00f3n y fortalecimiento de la supervisi\u00f3n, y a seguir impulsando el desarrollo de un sistema financiero resiliente y con un destacado posicionamiento en la regi\u00f3n\u201d, expres\u00f3 Christopher Paniagua, presidente en funciones de la Junta Directiva de la ABA.<\/p>\n\n\n\n<p class=\"wp-block-paragraph\">La Asociaci\u00f3n destac\u00f3, adem\u00e1s, las relaciones de di\u00e1logo y colaboraci\u00f3n que ha mantenido con Cede\u00f1o Brea desde las distintas responsabilidades que ha desempe\u00f1ado en la Superintendencia de Bancos, y manifest\u00f3 su confianza en que esta apertura a la interlocuci\u00f3n continuar\u00e1 contribuyendo a abordar los retos y oportunidades del sistema financiero desde una visi\u00f3n constructiva y de largo plazo.<\/p>\n\n\n\n<p class=\"wp-block-paragraph\">Finalmente, la ABA reiter\u00f3 su disposici\u00f3n de continuar colaborando con la Superintendencia de Bancos y las dem\u00e1s autoridades monetarias y financieras en iniciativas que contribuyan al desarrollo y modernizaci\u00f3n del sistema financiero, en beneficio de los usuarios y de la econom\u00eda dominicana.<\/p>\n\n\n\n<p class=\"wp-block-paragraph\"><strong>Direcci\u00f3n de Comunicaci\u00f3n y Marketing<br>1ero de septiembre de 2026<\/strong><\/p>\n","protected":false},"excerpt":{"rendered":"<p>diariodominicano.com Santo Domingo, R. D., 1 de septiembre, 2026.-\u00a0La Asociaci\u00f3n de Bancos M\u00faltiples de la Rep\u00fablica Dominicana (ABA) valor\u00f3 la designaci\u00f3n de V\u00edctor Livio Enmanuel Cede\u00f1o Brea como superintendente de Bancos, dispuesta mediante decreto por el presidente de la Rep\u00fablica, Luis Abinader, y destac\u00f3 que su experiencia y conocimiento del sistema financiero permitir\u00e1n seguir impulsando [&hellip;]<\/p>\n","protected":false},"author":5,"featured_media":692558,"comment_status":"closed","ping_status":"closed","sticky":false,"template":"","format":"standard","meta":{"footnotes":""},"categories":[20,18,27],"tags":[],"class_list":["post-694202","post","type-post","status-publish","format-standard","has-post-thumbnail","hentry","category-dominicana-hoy","category-economia","category-portada"],"_links":{"self":[{"href":"https:\/\/diariodominicano.com\/index.php?rest_route=\/wp\/v2\/posts\/694202","targetHints":{"allow":["GET"]}}],"collection":[{"href":"https:\/\/diariodominicano.com\/index.php?rest_route=\/wp\/v2\/posts"}],"about":[{"href":"https:\/\/diariodominicano.com\/index.php?rest_route=\/wp\/v2\/types\/post"}],"author":[{"embeddable":true,"href":"https:\/\/diariodominicano.com\/index.php?rest_route=\/wp\/v2\/users\/5"}],"replies":[{"embeddable":true,"href":"https:\/\/diariodominicano.com\/index.php?rest_route=%2Fwp%2Fv2%2Fcomments&post=694202"}],"version-history":[{"count":1,"href":"https:\/\/diariodominicano.com\/index.php?rest_route=\/wp\/v2\/posts\/694202\/revisions"}],"predecessor-version":[{"id":694203,"href":"https:\/\/diariodominicano.com\/index.php?rest_route=\/wp\/v2\/posts\/694202\/revisions\/694203"}],"wp:featuredmedia":[{"embeddable":true,"href":"https:\/\/diariodominicano.com\/index.php?rest_route=\/wp\/v2\/media\/692558"}],"wp:attachment":[{"href":"https:\/\/diariodominicano.com\/index.php?rest_route=%2Fwp%2Fv2%2Fmedia&parent=694202"}],"wp:term":[{"taxonomy":"category","embeddable":true,"href":"https:\/\/diariodominicano.com\/index.php?rest_route=%2Fwp%2Fv2%2Fcategories&post=694202"},{"taxonomy":"post_tag","embeddable":true,"href":"https:\/\/diariodominicano.com\/index.php?rest_route=%2Fwp%2Fv2%2Ftags&post=694202"}],"curies":[{"name":"wp","href":"https:\/\/api.w.org\/{rel}","templated":true}]}}