{"id":694195,"date":"2026-09-01T12:24:21","date_gmt":"2026-09-01T16:24:21","guid":{"rendered":"https:\/\/diariodominicano.com\/?p=694195"},"modified":"2026-09-01T12:24:31","modified_gmt":"2026-09-01T16:24:31","slug":"fuerza-de-tarea-conjunta-destaca-respuesta-oportuna-en-el-rescate-de-14-menores-en-haina","status":"publish","type":"post","link":"https:\/\/diariodominicano.com\/?p=694195","title":{"rendered":"Fuerza de Tarea Conjunta destaca respuesta oportuna en el rescate de 14 menores en Haina"},"content":{"rendered":"\n<p class=\"wp-block-paragraph\">diariodominicano.com<\/p>\n\n\n\n<p class=\"wp-block-paragraph\">Santo Domingo, R. D.,  1 de  septiembre, 2026.\u2013 La ministra de Interior y Polic\u00eda,\u00a0<strong>Faride Raful<\/strong>, present\u00f3 los\u00a0<strong>avances de las acciones de respuesta r\u00e1pida de la Fuerza de Tarea Conjunta<\/strong>, entre las cuales destac\u00f3 el\u00a0<strong>rescate de 14 menores en Haina<\/strong>\u00a0y el incremento de la\u00a0<strong>vigilancia preventiva en zonas comerciales,<\/strong>\u00a0durante la reuni\u00f3n de\u00a0<strong>seguimiento<\/strong>\u00a0encabezada por la\u00a0<strong>vicepresidenta Raquel Pe\u00f1a<\/strong>.<\/p>\n\n\n\n<p class=\"wp-block-paragraph\">Como parte de las acciones operativas, la Fuerza de Tarea intervino una&nbsp;<strong>supuesta entidad religiosa denominada Fundaci\u00f3n Restaurando Vida, en el sector Las Paredes, Haina<\/strong>. El operativo se activ\u00f3 tras la denuncia de un menor que logr\u00f3 escapar del lugar y alert\u00f3 a la Polic\u00eda Nacional sobre situaciones de&nbsp;<strong>trabajo forzado, aislamiento y agresiones f\u00edsicas.<\/strong><\/p>\n\n\n\n<p class=\"wp-block-paragraph\">La acci\u00f3n conjunta de la&nbsp;<strong>Polic\u00eda Nacional<\/strong>, el&nbsp;<strong>Ministerio P\u00fablico<\/strong>&nbsp;y el Consejo Nacional para la Ni\u00f1ez y la Adolescencia&nbsp;<strong>(Conani)<\/strong>&nbsp;permiti\u00f3 poner a salvo a los 14 menores (con edades comprendidas entre los tres meses y los 17 a\u00f1os) y detener a&nbsp;<strong>13 personas para su sometimiento a la justicia,<\/strong>&nbsp;encabezadas por el nombrado&nbsp;<strong>\u00c1ngel Gabriel Caba\u00f1as<\/strong>, de 69 a\u00f1os.<\/p>\n\n\n\n<p class=\"wp-block-paragraph\"><em>\u00abGracias a la denuncia y a la acci\u00f3n inmediata de las autoridades, se logr\u00f3 salvar la integridad de estos menores. El Ministerio P\u00fablico profundiza las investigaciones para establecer las responsabilidades correspondientes\u00bb,<\/em>&nbsp;precis\u00f3 Raful.<\/p>\n\n\n\n<p class=\"wp-block-paragraph\"><strong>Patrullaje y respuesta a denuncias<\/strong><\/p>\n\n\n\n<p class=\"wp-block-paragraph\">Durante el encuentro, la ministra abord\u00f3 las&nbsp;<strong>inquietudes ciudadanas sobre la vigilancia en \u00e1reas comerciales<\/strong>, respecto a lo cual enfatizo la importancia de la&nbsp;<strong>denuncia formal<\/strong>&nbsp;para desplegar la&nbsp;<strong>operatividad predictiva<\/strong>&nbsp;del sistema.<\/p>\n\n\n\n<p class=\"wp-block-paragraph\">Raful explic\u00f3 que la presencia de agentes en&nbsp;<strong>patrullaje preventivo aument\u00f3 del 13 % en 2020 al 36 % actual<\/strong>, como resultado de la incorporaci\u00f3n de casi&nbsp;<strong>12,000 nuevos polic\u00edas<\/strong>&nbsp;formados bajo un programa durante un a\u00f1o.&nbsp;<\/p>\n\n\n\n<p class=\"wp-block-paragraph\">Anunci\u00f3 adem\u00e1s que en noviembre se integrar\u00e1n&nbsp;<strong>2,000 nuevos efectivos<\/strong>&nbsp;y que se avanza en la adquisici\u00f3n de&nbsp;<strong>veh\u00edculos, motocicletas y c\u00e1maras corporales.<\/strong><\/p>\n\n\n\n<p class=\"wp-block-paragraph\"><strong>Indicadores de seguridad y seguimiento<\/strong><\/p>\n\n\n\n<p class=\"wp-block-paragraph\">En el \u00e1mbito estad\u00edstico, el reporte oficial indic\u00f3 que la tasa acumulada de&nbsp;<strong>homicidios<\/strong>&nbsp;se sit\u00faa en&nbsp;<strong>7.41<\/strong>&nbsp;por cada 100,000 habitantes al cierre de agosto, consolidando la&nbsp;<strong>tendencia a la baja frente al 8.39 registrado en 2025.<\/strong><\/p>\n\n\n\n<p class=\"wp-block-paragraph\">Asimismo, la titular del MIP repas\u00f3 los&nbsp;<strong>avances en Villas Agr\u00edcolas<\/strong>, primer sector intervenido de los&nbsp;<strong>diez priorizados en la estrategia integral de seguridad<\/strong>, donde destacan&nbsp;<strong>32 operativos antidrogas<\/strong>, la graduaci\u00f3n de&nbsp;<strong>25 nuevos mediadores de conflictos<\/strong>&nbsp;y trabajos de&nbsp;<strong>iluminaci\u00f3n en puntos cr\u00edticos.<\/strong><\/p>\n\n\n\n<p class=\"wp-block-paragraph\"><a href=\"https:\/\/presidencia.gob.do\/taxonomy\/term\/91\">MIP<\/a><\/p>\n","protected":false},"excerpt":{"rendered":"<p>diariodominicano.com Santo Domingo, R. D., 1 de septiembre, 2026.\u2013 La ministra de Interior y Polic\u00eda,\u00a0Faride Raful, present\u00f3 los\u00a0avances de las acciones de respuesta r\u00e1pida de la Fuerza de Tarea Conjunta, entre las cuales destac\u00f3 el\u00a0rescate de 14 menores en Haina\u00a0y el incremento de la\u00a0vigilancia preventiva en zonas comerciales,\u00a0durante la reuni\u00f3n de\u00a0seguimiento\u00a0encabezada por la\u00a0vicepresidenta Raquel Pe\u00f1a. [&hellip;]<\/p>\n","protected":false},"author":5,"featured_media":694196,"comment_status":"closed","ping_status":"closed","sticky":false,"template":"","format":"standard","meta":{"footnotes":""},"categories":[20,27],"tags":[],"class_list":["post-694195","post","type-post","status-publish","format-standard","has-post-thumbnail","hentry","category-dominicana-hoy","category-portada"],"_links":{"self":[{"href":"https:\/\/diariodominicano.com\/index.php?rest_route=\/wp\/v2\/posts\/694195","targetHints":{"allow":["GET"]}}],"collection":[{"href":"https:\/\/diariodominicano.com\/index.php?rest_route=\/wp\/v2\/posts"}],"about":[{"href":"https:\/\/diariodominicano.com\/index.php?rest_route=\/wp\/v2\/types\/post"}],"author":[{"embeddable":true,"href":"https:\/\/diariodominicano.com\/index.php?rest_route=\/wp\/v2\/users\/5"}],"replies":[{"embeddable":true,"href":"https:\/\/diariodominicano.com\/index.php?rest_route=%2Fwp%2Fv2%2Fcomments&post=694195"}],"version-history":[{"count":1,"href":"https:\/\/diariodominicano.com\/index.php?rest_route=\/wp\/v2\/posts\/694195\/revisions"}],"predecessor-version":[{"id":694197,"href":"https:\/\/diariodominicano.com\/index.php?rest_route=\/wp\/v2\/posts\/694195\/revisions\/694197"}],"wp:featuredmedia":[{"embeddable":true,"href":"https:\/\/diariodominicano.com\/index.php?rest_route=\/wp\/v2\/media\/694196"}],"wp:attachment":[{"href":"https:\/\/diariodominicano.com\/index.php?rest_route=%2Fwp%2Fv2%2Fmedia&parent=694195"}],"wp:term":[{"taxonomy":"category","embeddable":true,"href":"https:\/\/diariodominicano.com\/index.php?rest_route=%2Fwp%2Fv2%2Fcategories&post=694195"},{"taxonomy":"post_tag","embeddable":true,"href":"https:\/\/diariodominicano.com\/index.php?rest_route=%2Fwp%2Fv2%2Ftags&post=694195"}],"curies":[{"name":"wp","href":"https:\/\/api.w.org\/{rel}","templated":true}]}}