{"id":694192,"date":"2026-09-01T12:11:08","date_gmt":"2026-09-01T16:11:08","guid":{"rendered":"https:\/\/diariodominicano.com\/?p=694192"},"modified":"2026-09-01T12:11:19","modified_gmt":"2026-09-01T16:11:19","slug":"al-menos-un-muerto-y-varios-heridos-deja-atentado-con-coche-bomba-en-el-noreste-de-colombia","status":"publish","type":"post","link":"https:\/\/diariodominicano.com\/?p=694192","title":{"rendered":"Al menos un muerto y varios heridos deja atentado con coche bomba en el noreste de Colombia"},"content":{"rendered":"\n<p class=\"wp-block-paragraph\">diariodominicano.com<\/p>\n\n\n\n<p class=\"wp-block-paragraph\">BOGOT\u00c1, 1 sep (Xinhua) &#8212; Al menos una persona muri\u00f3 y 11 m\u00e1s resultaron heridas a consecuencia de un atentado con coche bomba registrado antes de la medianoche del lunes contra la estaci\u00f3n policial \u00abLos Patios\u00bb, en la ciudad de C\u00facuta, perteneciente al departamento de Norte de Santander, en el noreste de Colombia, confirm\u00f3 hoy martes la Polic\u00eda Metropolitana de la localidad. El comandante de la Polic\u00eda Metropolitana de C\u00facuta, Jimmy Belalc\u00e1zar, detall\u00f3 que el ataque a las instalaciones ocurri\u00f3 alrededor de las 23:15 hora local (04:15 GMT) del lunes y dej\u00f3 dos elementos lesionados, \u00abuno de ellos con mutilaci\u00f3n de un miembro inferior y otro con esquirlas en su cuerpo\u00bb. Belalc\u00e1zar se\u00f1al\u00f3 a medios locales que seg\u00fan informaci\u00f3n preliminar de la corporaci\u00f3n, la carga explosiva de unos 80 kilogramos destruy\u00f3 gran parte de la estaci\u00f3n, adem\u00e1s de afectar la infraestructura de residencias y locales de los alrededores. El oficial record\u00f3 que en la zona delinquen elementos de la guerrilla del Ej\u00e9rcito de Liberaci\u00f3n Nacional (ELN) y disidencias de las extintas Fuerzas Armadas Revolucionarias de Colombia (FARC), aunque ning\u00fan grupo se ha atribuido hasta ahora el atentado. Por su parte, el presidente de Colombia, Abelardo de la Espriella, convoc\u00f3 de inmediato a un Consejo de Seguridad con la c\u00fapula de la Fuerza P\u00fablica en la regi\u00f3n. \u00abNo vamos a dejar sola a una sola regi\u00f3n de Colombia. Donde los terroristas pretenden sembrar miedo, all\u00ed estar\u00e1 el Estado con toda su fuerza\u00bb, advirti\u00f3 el mandatario a trav\u00e9s de la red social X. El atentado ocurri\u00f3 horas despu\u00e9s de que el presidente confirm\u00f3 que por lo menos 20 miembros de las disidencias de las FARC fueron abatidos en el departamento de Guaviare, producto del tercer bombardeo llevado a cabo desde el inicio del actual Gobierno. \u00abVamos a perseguir con mano de hierro a quienes atenten contra los colombianos, hasta capturarlos, desmantelar sus estructuras y devolverles la tranquilidad a nuestras comunidades. Colombia no se arrodilla ante el terrorismo\u00bb, agreg\u00f3 el presidente.<\/p>\n","protected":false},"excerpt":{"rendered":"<p>diariodominicano.com BOGOT\u00c1, 1 sep (Xinhua) &#8212; Al menos una persona muri\u00f3 y 11 m\u00e1s resultaron heridas a consecuencia de un atentado con coche bomba registrado antes de la medianoche del lunes contra la estaci\u00f3n policial \u00abLos Patios\u00bb, en la ciudad de C\u00facuta, perteneciente al departamento de Norte de Santander, en el noreste de Colombia, confirm\u00f3 [&hellip;]<\/p>\n","protected":false},"author":5,"featured_media":694193,"comment_status":"closed","ping_status":"closed","sticky":false,"template":"","format":"standard","meta":{"footnotes":""},"categories":[23,27],"tags":[],"class_list":["post-694192","post","type-post","status-publish","format-standard","has-post-thumbnail","hentry","category-internacional","category-portada"],"_links":{"self":[{"href":"https:\/\/diariodominicano.com\/index.php?rest_route=\/wp\/v2\/posts\/694192","targetHints":{"allow":["GET"]}}],"collection":[{"href":"https:\/\/diariodominicano.com\/index.php?rest_route=\/wp\/v2\/posts"}],"about":[{"href":"https:\/\/diariodominicano.com\/index.php?rest_route=\/wp\/v2\/types\/post"}],"author":[{"embeddable":true,"href":"https:\/\/diariodominicano.com\/index.php?rest_route=\/wp\/v2\/users\/5"}],"replies":[{"embeddable":true,"href":"https:\/\/diariodominicano.com\/index.php?rest_route=%2Fwp%2Fv2%2Fcomments&post=694192"}],"version-history":[{"count":1,"href":"https:\/\/diariodominicano.com\/index.php?rest_route=\/wp\/v2\/posts\/694192\/revisions"}],"predecessor-version":[{"id":694194,"href":"https:\/\/diariodominicano.com\/index.php?rest_route=\/wp\/v2\/posts\/694192\/revisions\/694194"}],"wp:featuredmedia":[{"embeddable":true,"href":"https:\/\/diariodominicano.com\/index.php?rest_route=\/wp\/v2\/media\/694193"}],"wp:attachment":[{"href":"https:\/\/diariodominicano.com\/index.php?rest_route=%2Fwp%2Fv2%2Fmedia&parent=694192"}],"wp:term":[{"taxonomy":"category","embeddable":true,"href":"https:\/\/diariodominicano.com\/index.php?rest_route=%2Fwp%2Fv2%2Fcategories&post=694192"},{"taxonomy":"post_tag","embeddable":true,"href":"https:\/\/diariodominicano.com\/index.php?rest_route=%2Fwp%2Fv2%2Ftags&post=694192"}],"curies":[{"name":"wp","href":"https:\/\/api.w.org\/{rel}","templated":true}]}}