{"id":694186,"date":"2026-09-01T09:01:25","date_gmt":"2026-09-01T13:01:25","guid":{"rendered":"https:\/\/diariodominicano.com\/?p=694186"},"modified":"2026-09-01T09:02:03","modified_gmt":"2026-09-01T13:02:03","slug":"gobierno-impulsa-transformacion-del-transporte-masivo-con-la-expansion-a-73-kilometros-de-red-integrada-por-metro-de-santo-domingo-telefericos-y-monorriel-de-santiago","status":"publish","type":"post","link":"https:\/\/diariodominicano.com\/?p=694186","title":{"rendered":"Gobierno impulsa transformaci\u00f3n del transporte masivo con la expansi\u00f3n a 73 kil\u00f3metros de red integrada por Metro de Santo Domingo, telef\u00e9ricos y Monorriel de Santiago"},"content":{"rendered":"\n<h3 class=\"wp-block-heading\">Para finales de 2026, entrar\u00e1 en operaci\u00f3n primer tramo del telef\u00e9rico SDO, que conectar\u00e1 el kil\u00f3metro 9, Buenos Aires de Herrera y Pintura; tambi\u00e9n se avanza en la eliminaci\u00f3n del cobro en efectivo en estaciones de peaje.<\/h3>\n\n\n\n<p class=\"wp-block-paragraph\">31 de Agosto 2026<\/p>\n\n\n\n<figure class=\"wp-block-image\"><img decoding=\"async\" src=\"https:\/\/platform-cdn.sharethis.com\/img\/facebook.svg\" alt=\"facebook sharing button\"\/><\/figure>\n\n\n\n<figure class=\"wp-block-image\"><img decoding=\"async\" src=\"https:\/\/platform-cdn.sharethis.com\/img\/twitter.svg\" alt=\"twitter sharing button\"\/><\/figure>\n\n\n\n<figure class=\"wp-block-image\"><img decoding=\"async\" src=\"https:\/\/platform-cdn.sharethis.com\/img\/sharethis.svg\" alt=\"sharethis sharing button\"\/><\/figure>\n\n\n\n<p class=\"wp-block-paragraph\">Santo Domingo.\u2013&nbsp;<strong>La Rep\u00fablica Dominicana<\/strong>&nbsp;contin\u00faa&nbsp;<strong>avanzando&nbsp;<\/strong>en materia de<strong>&nbsp;conectividad vial y transporte masivo<\/strong>, consolidando la conexi\u00f3n de redes de&nbsp;<strong>carreteras, puentes, circunvalaciones y peajes<\/strong>&nbsp;con la expansi\u00f3n del&nbsp;<strong>Metro, el Monorriel y los corredores urbanos de autobuses<\/strong>, con el objetivo de incrementar la&nbsp;<strong>seguridad vial<\/strong>&nbsp;y reducir significativamente los&nbsp;<strong>tiempos de traslado<\/strong>&nbsp;de los ciudadanos.<\/p>\n\n\n\n<p class=\"wp-block-paragraph\">Los avances de estos proyectos fueron presentados por el director ejecutivo de la&nbsp;<strong>Oficina para el Reordenamiento del Transporte<\/strong>&nbsp;(Opret),&nbsp;<strong>Jhael Isa Tav\u00e1rez<\/strong>, y el director del Fideicomiso RD Vial,&nbsp;<strong>Hostos Rizik Lugo<\/strong>, durante la segunda edici\u00f3n de \u201cLA Agenda Semanal\u201d, encabezada por el&nbsp;<strong>presidente Luis Abinader<\/strong>.<\/p>\n\n\n\n<p class=\"wp-block-paragraph\">En materia de movilidad masiva urbana, Isa Tav\u00e1rez detall\u00f3 que desde 2020, la expansi\u00f3n del Metro y los telef\u00e9ricos, as\u00ed como el monorriel que se construye en&nbsp;<strong>Santiago de los Caballeros,<\/strong>&nbsp;que tendr\u00e1 capacidad para&nbsp;<strong>20,000 pasajeros por hora por sentido<\/strong>&nbsp;y entrar\u00e1 en circulaci\u00f3n&nbsp;<strong>al cierre de este 2026<\/strong>, suman&nbsp;<strong>38 kil\u00f3metros<\/strong>&nbsp;a los 35 ya existentes, lo que llevar\u00e1 el&nbsp;<strong>sistema integrado<\/strong>&nbsp;a un total proyectado de&nbsp;<strong>73 kil\u00f3metros<\/strong>&nbsp;que ser\u00e1n entregados antes de finalizar el 2028.<\/p>\n\n\n\n<p class=\"wp-block-paragraph\">Asimismo, resalt\u00f3 el notable crecimiento en la demanda del&nbsp;<strong>telef\u00e9rico de Los Alcarrizos<\/strong>, al pasar&nbsp;<strong>de 4,000 a 13,000 usuarios diarios<\/strong>, con la meta de superar los&nbsp;<strong>20,000 pasajeros por d\u00eda.<\/strong>&nbsp;Adem\u00e1s, se duplic\u00f3 la capacidad a la&nbsp;<strong>L\u00ednea 1<\/strong>&nbsp;del Metro de Santo Domingo y se agreg\u00f3 la&nbsp;<strong>L\u00ednea 2C.<\/strong><\/p>\n\n\n\n<p class=\"wp-block-paragraph\">Para finales de este 2026, entrar\u00e1 en operaci\u00f3n el&nbsp;<strong>primer tramo del telef\u00e9rico de Santo Domingo Oeste<\/strong>&nbsp;que conectar\u00e1 el kil\u00f3metro 9,&nbsp;<strong>Buenos Aires de Herrera y Pintura<\/strong>, por este \u00faltimo punto pasan&nbsp;<strong>m\u00e1s de 20,000 pasajeros cada d\u00eda<\/strong>. Este proyecto ser\u00e1 ampliado para conectar de igual forma con las comunidades de&nbsp;<strong>El Caf\u00e9 de Herrera y Los Minas de Herrera<\/strong>&nbsp;hasta Quitasue\u00f1o en Haina, tramo que proyecta ser concluido para finales de 2027.<\/p>\n\n\n\n<p class=\"wp-block-paragraph\"><strong>RD Vial<\/strong><\/p>\n\n\n\n<p class=\"wp-block-paragraph\">Mientras, el director del Fideicomiso RD Vial,&nbsp;<strong>Hostos Rizik Lugo<\/strong>, detall\u00f3 la&nbsp;<strong>modernizaci\u00f3n del sistema de cobro<\/strong>&nbsp;en las estaciones de peaje, reiterando a la poblaci\u00f3n que se contempla la&nbsp;<strong>eliminaci\u00f3n paulatina&nbsp;<\/strong>de las casetas de cobro manual y en efectivo para sustituirlas por&nbsp;<strong>v\u00edas automatizadas<\/strong>&nbsp;y ampliar los carriles exclusivos de Paso R\u00e1pido.&nbsp;<\/p>\n\n\n\n<p class=\"wp-block-paragraph\">Este proyecto iniciar\u00e1 con un esquema de&nbsp;<strong>seis carriles por estaci\u00f3n<\/strong>, distribuidos en tres carriles expresos y tres carriles para pago en efectivo, los cuales&nbsp;<strong>ir\u00e1n reduci\u00e9ndose progresivamente.<\/strong><\/p>\n\n\n\n<p class=\"wp-block-paragraph\"><a href=\"https:\/\/www.presidencia.gob.do\/taxonomy\/term\/58\">DIPP<\/a><\/p>\n\n\n\n<p class=\"wp-block-paragraph\"><a href=\"https:\/\/www.presidencia.gob.do\/seccion\/la-agenda-semanal\">La Agenda Semanal<\/a><\/p>\n\n\n\n<p class=\"wp-block-paragraph\"><a href=\"https:\/\/www.presidencia.gob.do\/taxonomy\/term\/213\">Metro<\/a><\/p>\n","protected":false},"excerpt":{"rendered":"<p>Para finales de 2026, entrar\u00e1 en operaci\u00f3n primer tramo del telef\u00e9rico SDO, que conectar\u00e1 el kil\u00f3metro 9, Buenos Aires de Herrera y Pintura; tambi\u00e9n se avanza en la eliminaci\u00f3n del cobro en efectivo en estaciones de peaje. 31 de Agosto 2026 Santo Domingo.\u2013&nbsp;La Rep\u00fablica Dominicana&nbsp;contin\u00faa&nbsp;avanzando&nbsp;en materia de&nbsp;conectividad vial y transporte masivo, consolidando la conexi\u00f3n de [&hellip;]<\/p>\n","protected":false},"author":2,"featured_media":694187,"comment_status":"open","ping_status":"closed","sticky":false,"template":"","format":"standard","meta":{"footnotes":""},"categories":[20,27],"tags":[3643,2067,226],"class_list":["post-694186","post","type-post","status-publish","format-standard","has-post-thumbnail","hentry","category-dominicana-hoy","category-portada","tag-gobierno","tag-monorriel","tag-santiago"],"_links":{"self":[{"href":"https:\/\/diariodominicano.com\/index.php?rest_route=\/wp\/v2\/posts\/694186","targetHints":{"allow":["GET"]}}],"collection":[{"href":"https:\/\/diariodominicano.com\/index.php?rest_route=\/wp\/v2\/posts"}],"about":[{"href":"https:\/\/diariodominicano.com\/index.php?rest_route=\/wp\/v2\/types\/post"}],"author":[{"embeddable":true,"href":"https:\/\/diariodominicano.com\/index.php?rest_route=\/wp\/v2\/users\/2"}],"replies":[{"embeddable":true,"href":"https:\/\/diariodominicano.com\/index.php?rest_route=%2Fwp%2Fv2%2Fcomments&post=694186"}],"version-history":[{"count":2,"href":"https:\/\/diariodominicano.com\/index.php?rest_route=\/wp\/v2\/posts\/694186\/revisions"}],"predecessor-version":[{"id":694189,"href":"https:\/\/diariodominicano.com\/index.php?rest_route=\/wp\/v2\/posts\/694186\/revisions\/694189"}],"wp:featuredmedia":[{"embeddable":true,"href":"https:\/\/diariodominicano.com\/index.php?rest_route=\/wp\/v2\/media\/694187"}],"wp:attachment":[{"href":"https:\/\/diariodominicano.com\/index.php?rest_route=%2Fwp%2Fv2%2Fmedia&parent=694186"}],"wp:term":[{"taxonomy":"category","embeddable":true,"href":"https:\/\/diariodominicano.com\/index.php?rest_route=%2Fwp%2Fv2%2Fcategories&post=694186"},{"taxonomy":"post_tag","embeddable":true,"href":"https:\/\/diariodominicano.com\/index.php?rest_route=%2Fwp%2Fv2%2Ftags&post=694186"}],"curies":[{"name":"wp","href":"https:\/\/api.w.org\/{rel}","templated":true}]}}