{"id":694183,"date":"2026-09-01T08:56:17","date_gmt":"2026-09-01T12:56:17","guid":{"rendered":"https:\/\/diariodominicano.com\/?p=694183"},"modified":"2026-09-01T08:56:22","modified_gmt":"2026-09-01T12:56:22","slug":"capacidad-fotovoltaica-de-china-supera-por-primera-vez-a-energia-electrica-a-base-de-carbon","status":"publish","type":"post","link":"https:\/\/diariodominicano.com\/?p=694183","title":{"rendered":"Capacidad fotovoltaica de China supera por primera vez a energ\u00eda el\u00e9ctrica a base de carb\u00f3n"},"content":{"rendered":"\n<p class=\"wp-block-paragraph\"><em>spanish.news.cn<\/em>|<em>&nbsp;2026-09-01 15:25:00<\/em>|<\/p>\n\n\n\n<p class=\"wp-block-paragraph\">(Xinhua\/Li Zhipeng)<\/p>\n\n\n\n<p class=\"wp-block-paragraph\">BEIJING, 1 sep (Xinhua) &#8212; La capacidad instalada de energ\u00eda fotovoltaica de China super\u00f3 por primera vez a la conseguida a base de carb\u00f3n, ocupando el primer lugar entre todas las fuentes disponibles a nivel nacional en t\u00e9rminos de capacidad instalada, inform\u00f3 hoy martes la Administraci\u00f3n Nacional de Energ\u00eda.<\/p>\n\n\n\n<p class=\"wp-block-paragraph\">La capacidad instalada de energ\u00eda fotovoltaica de China lleg\u00f3 a 1.286 millones de kilovatios al cierre de julio, cifra que sobrepas\u00f3 la producida a base de carb\u00f3n, que alcanz\u00f3 1.285 millones de kilovatios, de acuerdo con la administraci\u00f3n.<\/p>\n\n\n\n<p class=\"wp-block-paragraph\">\u00abPara China, se trata de un hito en la transici\u00f3n a la energ\u00eda verde y de bajo carb\u00f3n\u00bb, afirm\u00f3 Liu Zhiqiang, experto del Consejo de Electricidad de China, tras destacar que el nuevo sistema energ\u00e9tico de China, encabezado por la nueva energ\u00eda, est\u00e1 tomando cuerpo a un ritmo acelerado.<\/p>\n\n\n\n<p class=\"wp-block-paragraph\">Al cierre de julio, la energ\u00eda fotovoltaica representaba m\u00e1s del 30 por ciento del total de la capacidad instalada de generaci\u00f3n el\u00e9ctrica de China. Si se mide por la capacidad reci\u00e9n a\u00f1adida, la participaci\u00f3n subi\u00f3 a m\u00e1s del 40 por ciento en los primeros siete meses, lo que resalta la r\u00e1pida expansi\u00f3n del sector fotovoltaico.<\/p>\n\n\n\n<p class=\"wp-block-paragraph\">En el sector fotovoltaico, China ha creado una cadena industrial completa, que incluye investigaci\u00f3n, desarrollo, dise\u00f1o y fabricaci\u00f3n integrada. Los avances tecnol\u00f3gicos, incluyendo numerosos progresos en la eficiencia de la conversi\u00f3n fotovoltaica, han ayudado a impulsar mejoras continuas y r\u00e1pidas reducciones de costos.<\/p>\n\n\n\n<p class=\"wp-block-paragraph\">El r\u00e1pido desarrollo de la energ\u00eda fotovoltaica y otras formas de nuevas energ\u00edas en China tambi\u00e9n est\u00e1 contribuyendo de manera positiva a nivel global.<\/p>\n\n\n\n<p class=\"wp-block-paragraph\">Adem\u00e1s de contar con el sistema de energ\u00eda renovable m\u00e1s grande y de m\u00e1s r\u00e1pido crecimiento en el mundo, China suministra m\u00e1s del 80 por ciento de los m\u00f3dulos fotovoltaicos y el 70 por ciento del equipo de energ\u00eda e\u00f3lica a nivel global, apoyando la transici\u00f3n ecol\u00f3gica en muchos pa\u00edses.<\/p>\n\n\n\n<p class=\"wp-block-paragraph\">En medio de las incertidumbres en los suministros globales de energ\u00eda y materias primas clave, la creciente capacidad de nuevas energ\u00edas de China ha ayudado a satisfacer la demanda energ\u00e9tica interna, a la vez que contribuye a la estabilidad de los mercados y las cadenas de suministro energ\u00e9ticos a nivel mundial, de acuerdo con los expertos.<\/p>\n\n\n\n<figure class=\"wp-block-image\"><img decoding=\"async\" src=\"https:\/\/spanish.xinhuanet.com\/20260901\/1a4ce55ab3484938b5503b61ffecb207\/7HHnPqHnXEJI3Yd5.jpeg\" alt=\"\"\/><\/figure>\n\n\n\n<p class=\"wp-block-paragraph\">(Xinhua\/Huang Wei)<\/p>\n\n\n\n<figure class=\"wp-block-image\"><img decoding=\"async\" src=\"https:\/\/spanish.xinhuanet.com\/20260901\/1a4ce55ab3484938b5503b61ffecb207\/C7hLAh5hjrrHDdK9.jpeg\" alt=\"\"\/><\/figure>\n\n\n\n<p class=\"wp-block-paragraph\">(Xinhua\/Ma Hongkun)<\/p>\n\n\n\n<figure class=\"wp-block-image\"><img decoding=\"async\" src=\"https:\/\/spanish.xinhuanet.com\/20260901\/1a4ce55ab3484938b5503b61ffecb207\/IA3cfKbsDmEe2yP4.jpeg\" alt=\"\"\/><\/figure>\n\n\n\n<p class=\"wp-block-paragraph\">(Xinhua\/Huang Zhengwei)<\/p>\n\n\n\n<figure class=\"wp-block-image\"><img decoding=\"async\" src=\"https:\/\/spanish.xinhuanet.com\/20260901\/1a4ce55ab3484938b5503b61ffecb207\/Rr6MPsX2fmoQhBq5.jpeg\" alt=\"\"\/><\/figure>\n\n\n\n<p class=\"wp-block-paragraph\">(Xinhua\/Yang Shiyao)<\/p>\n\n\n\n<figure class=\"wp-block-image\"><img decoding=\"async\" src=\"https:\/\/spanish.xinhuanet.com\/20260901\/1a4ce55ab3484938b5503b61ffecb207\/Appv6egLfm609RAY.jpeg\" alt=\"\"\/><\/figure>\n\n\n\n<p class=\"wp-block-paragraph\">(Xinhua\/Ren Fei)<\/p>\n\n\n\n<figure class=\"wp-block-image\"><img decoding=\"async\" src=\"https:\/\/spanish.xinhuanet.com\/20260901\/1a4ce55ab3484938b5503b61ffecb207\/FyBhKwqyfIfP8Y09.jpeg\" alt=\"\"\/><\/figure>\n\n\n\n<p class=\"wp-block-paragraph\">(Xinhua\/Huang Wei)<\/p>\n\n\n\n<figure class=\"wp-block-image\"><img decoding=\"async\" src=\"https:\/\/spanish.xinhuanet.com\/20260901\/1a4ce55ab3484938b5503b61ffecb207\/FckFi4RBhnkJyO7O.jpeg\" alt=\"\"\/><\/figure>\n\n\n\n<p class=\"wp-block-paragraph\">(Xinhua\/Yang Zhisen)<\/p>\n\n\n\n<figure class=\"wp-block-image\"><img decoding=\"async\" src=\"https:\/\/spanish.xinhuanet.com\/20260901\/1a4ce55ab3484938b5503b61ffecb207\/5kPjdAkKmuZkn2Iv.jpeg\" alt=\"\"\/><\/figure>\n\n\n\n<p class=\"wp-block-paragraph\">(Xinhua\/Xu Yu)<\/p>\n\n\n\n<figure class=\"wp-block-image\"><img decoding=\"async\" src=\"https:\/\/spanish.xinhuanet.com\/20260901\/1a4ce55ab3484938b5503b61ffecb207\/a2EeqWNcwS4Bire1.jpeg\" alt=\"\"\/><\/figure>\n\n\n\n<p class=\"wp-block-paragraph\">(Xinhua\/Feng Yang)<\/p>\n\n\n\n<p class=\"wp-block-paragraph\"><a href=\"https:\/\/www.facebook.com\/sharer\/sharer.php?u=https:\/\/spanish.xinhuanet.com\/20260901\/1a4ce55ab3484938b5503b61ffecb207\/c.html\" target=\"_blank\" rel=\"noreferrer noopener\"><\/a>&nbsp;<a href=\"https:\/\/twitter.com\/intent\/tweet?text=Capacidad%20fotovoltaica%20de%20China%20supera%20por%20primera%20vez%20a%20energ%C3%ADa%20el%C3%A9ctrica%20a%20base%20de%20carb%C3%B3n&amp;url=https:\/\/spanish.xinhuanet.com\/20260901\/1a4ce55ab3484938b5503b61ffecb207\/c.html\" target=\"_blank\" rel=\"noreferrer noopener\"><\/a>&nbsp;<a target=\"_blank\" href=\"https:\/\/service.weibo.com\/share\/share.php?title=Capacidad%20fotovoltaica%20de%20China%20supera%20por%20primera%20vez%20a%20energ%C3%ADa%20el%C3%A9ctrica%20a%20base%20de%20carb%C3%B3n&amp;url=https:\/\/spanish.xinhuanet.com\/20260901\/1a4ce55ab3484938b5503b61ffecb207\/c.html\" rel=\"noreferrer noopener\"><\/a>&nbsp;<a><\/a><\/p>\n\n\n\n<figure class=\"wp-block-image\"><img decoding=\"async\" src=\"https:\/\/imgs.news.cn\/res\/xhwimg\/spanish\/20170522\/img\/jc-xfa.png\" alt=\"\"\/><\/figure>\n","protected":false},"excerpt":{"rendered":"<p>spanish.news.cn|&nbsp;2026-09-01 15:25:00| (Xinhua\/Li Zhipeng) BEIJING, 1 sep (Xinhua) &#8212; La capacidad instalada de energ\u00eda fotovoltaica de China super\u00f3 por primera vez a la conseguida a base de carb\u00f3n, ocupando el primer lugar entre todas las fuentes disponibles a nivel nacional en t\u00e9rminos de capacidad instalada, inform\u00f3 hoy martes la Administraci\u00f3n Nacional de Energ\u00eda. La capacidad [&hellip;]<\/p>\n","protected":false},"author":2,"featured_media":694184,"comment_status":"closed","ping_status":"closed","sticky":false,"template":"","format":"standard","meta":{"footnotes":""},"categories":[36,18],"tags":[8165,1388],"class_list":["post-694183","post","type-post","status-publish","format-standard","has-post-thumbnail","hentry","category-hombresmujeresycosas","category-economia","tag-carbon","tag-china"],"_links":{"self":[{"href":"https:\/\/diariodominicano.com\/index.php?rest_route=\/wp\/v2\/posts\/694183","targetHints":{"allow":["GET"]}}],"collection":[{"href":"https:\/\/diariodominicano.com\/index.php?rest_route=\/wp\/v2\/posts"}],"about":[{"href":"https:\/\/diariodominicano.com\/index.php?rest_route=\/wp\/v2\/types\/post"}],"author":[{"embeddable":true,"href":"https:\/\/diariodominicano.com\/index.php?rest_route=\/wp\/v2\/users\/2"}],"replies":[{"embeddable":true,"href":"https:\/\/diariodominicano.com\/index.php?rest_route=%2Fwp%2Fv2%2Fcomments&post=694183"}],"version-history":[{"count":1,"href":"https:\/\/diariodominicano.com\/index.php?rest_route=\/wp\/v2\/posts\/694183\/revisions"}],"predecessor-version":[{"id":694185,"href":"https:\/\/diariodominicano.com\/index.php?rest_route=\/wp\/v2\/posts\/694183\/revisions\/694185"}],"wp:featuredmedia":[{"embeddable":true,"href":"https:\/\/diariodominicano.com\/index.php?rest_route=\/wp\/v2\/media\/694184"}],"wp:attachment":[{"href":"https:\/\/diariodominicano.com\/index.php?rest_route=%2Fwp%2Fv2%2Fmedia&parent=694183"}],"wp:term":[{"taxonomy":"category","embeddable":true,"href":"https:\/\/diariodominicano.com\/index.php?rest_route=%2Fwp%2Fv2%2Fcategories&post=694183"},{"taxonomy":"post_tag","embeddable":true,"href":"https:\/\/diariodominicano.com\/index.php?rest_route=%2Fwp%2Fv2%2Ftags&post=694183"}],"curies":[{"name":"wp","href":"https:\/\/api.w.org\/{rel}","templated":true}]}}