{"id":694178,"date":"2026-09-01T08:48:00","date_gmt":"2026-09-01T12:48:00","guid":{"rendered":"https:\/\/diariodominicano.com\/?p=694178"},"modified":"2026-09-01T08:48:06","modified_gmt":"2026-09-01T12:48:06","slug":"ataque-con-coche-bomba-dejo-una-persona-muerta-en-noreste-de-colombia","status":"publish","type":"post","link":"https:\/\/diariodominicano.com\/?p=694178","title":{"rendered":"Ataque con coche bomba dej\u00f3 una persona muerta en noreste de Colombia"},"content":{"rendered":"\n<p class=\"wp-block-paragraph\">Bogot\u00e1, 1 sep (Prensa Latina) Un atentado perpetrado contra la estaci\u00f3n de polic\u00eda del municipio Los Patios, en el departamento Norte de Santander, caus\u00f3 la muerte a una persona y heridas a otras 11 en esa regi\u00f3n del noreste, trascendi\u00f3 hoy aqu\u00ed.<\/p>\n\n\n\n<ul class=\"wp-block-list\">\n<li><a href=\"https:\/\/www.prensa-latina.cu\/2026\/09\/01\/\"><time>septiembre 1, 2026 | 08:11<\/time><\/a><\/li>\n<\/ul>\n\n\n\n<ul class=\"wp-block-list\">\n<li><a href=\"https:\/\/www.prensa-latina.cu\/2026\/09\/01\/ataque-con-coche-bomba-dejo-una-persona-muerta-en-noreste-de-colombia\/#\"><\/a><\/li>\n\n\n\n<li><a href=\"https:\/\/www.prensa-latina.cu\/2026\/09\/01\/ataque-con-coche-bomba-dejo-una-persona-muerta-en-noreste-de-colombia\/#\"><\/a><\/li>\n\n\n\n<li><a href=\"https:\/\/www.prensa-latina.cu\/2026\/09\/01\/ataque-con-coche-bomba-dejo-una-persona-muerta-en-noreste-de-colombia\/#\"><\/a><\/li>\n\n\n\n<li><a href=\"https:\/\/www.prensa-latina.cu\/2026\/09\/01\/ataque-con-coche-bomba-dejo-una-persona-muerta-en-noreste-de-colombia\/#\"><\/a><\/li>\n<\/ul>\n\n\n\n<p class=\"wp-block-paragraph\">Seg\u00fan inform\u00f3 la defensora del Pueblo, Iris Mar\u00edn, uno de los lesionados es un integrante de la fuerza del orden que result\u00f3 mutilado como consecuencia de la explosi\u00f3n de un coche bomba.<\/p>\n\n\n\n<p class=\"wp-block-paragraph\">Medios locales abundan que el ataque provoc\u00f3 el fallecimiento de un ciudadano venezolano de 26 a\u00f1os de edad.<\/p>\n\n\n\n<p class=\"wp-block-paragraph\">Caracol Radio especific\u00f3 por su parte que el ataque, ocurrido a altas horas de la noche de ayer, caus\u00f3 asimismo graves da\u00f1os en varios locales comerciales y viviendas.<\/p>\n\n\n\n<p class=\"wp-block-paragraph\">El gobernador de Norte de Santander, William Villamizar, declar\u00f3 a la misma plataforma informativa que espera el respaldo de la toda Polic\u00eda Nacional y que en las pr\u00f3ximas horas se desarrollar\u00e1 el Consejo de Seguridad para adoptar nuevas medidas ante el suceso.<\/p>\n\n\n\n<p class=\"wp-block-paragraph\">La defensora argument\u00f3 adem\u00e1s tras el atentado que el derecho humanitario no se hizo para legitimar objetivos, sino para minimizar da\u00f1os, especialmente cuando estos son indiscriminados y afecta a personas y bienes civiles.<\/p>\n\n\n\n<p class=\"wp-block-paragraph\">Varios grupos armados operan en el departamento de Santander, entre ellos el Ej\u00e9rcito de Liberaci\u00f3n Nacional, el Clan del Golfo, las Autodefensas Conquistadoras de la Sierra Nevada. hist\u00f3ricamente conocidas como \u201cLos Pachenca\u201d y grupos residuales de las extintas Fuerzas Armadas Revolucionarias de Colombia-Ej\u00e9rcito del Pueblo.<\/p>\n\n\n\n<p class=\"wp-block-paragraph\">mem\/ifs<\/p>\n\n\n\n<ul class=\"wp-block-list\">\n<li>#<a href=\"https:\/\/www.prensa-latina.cu\/etiqueta\/atentado\/\">atentado<\/a>\u00a0#<a href=\"https:\/\/www.prensa-latina.cu\/etiqueta\/colombia\/\">colombia<\/a>\u00a0#<a href=\"https:\/\/www.prensa-latina.cu\/etiqueta\/santader\/\">santader<\/a><\/li>\n<\/ul>\n","protected":false},"excerpt":{"rendered":"<p>Bogot\u00e1, 1 sep (Prensa Latina) Un atentado perpetrado contra la estaci\u00f3n de polic\u00eda del municipio Los Patios, en el departamento Norte de Santander, caus\u00f3 la muerte a una persona y heridas a otras 11 en esa regi\u00f3n del noreste, trascendi\u00f3 hoy aqu\u00ed. Seg\u00fan inform\u00f3 la defensora del Pueblo, Iris Mar\u00edn, uno de los lesionados es [&hellip;]<\/p>\n","protected":false},"author":2,"featured_media":679920,"comment_status":"open","ping_status":"closed","sticky":false,"template":"","format":"standard","meta":{"footnotes":""},"categories":[23],"tags":[6239,310],"class_list":["post-694178","post","type-post","status-publish","format-standard","has-post-thumbnail","hentry","category-internacional","tag-ataque","tag-colombia"],"_links":{"self":[{"href":"https:\/\/diariodominicano.com\/index.php?rest_route=\/wp\/v2\/posts\/694178","targetHints":{"allow":["GET"]}}],"collection":[{"href":"https:\/\/diariodominicano.com\/index.php?rest_route=\/wp\/v2\/posts"}],"about":[{"href":"https:\/\/diariodominicano.com\/index.php?rest_route=\/wp\/v2\/types\/post"}],"author":[{"embeddable":true,"href":"https:\/\/diariodominicano.com\/index.php?rest_route=\/wp\/v2\/users\/2"}],"replies":[{"embeddable":true,"href":"https:\/\/diariodominicano.com\/index.php?rest_route=%2Fwp%2Fv2%2Fcomments&post=694178"}],"version-history":[{"count":1,"href":"https:\/\/diariodominicano.com\/index.php?rest_route=\/wp\/v2\/posts\/694178\/revisions"}],"predecessor-version":[{"id":694179,"href":"https:\/\/diariodominicano.com\/index.php?rest_route=\/wp\/v2\/posts\/694178\/revisions\/694179"}],"wp:featuredmedia":[{"embeddable":true,"href":"https:\/\/diariodominicano.com\/index.php?rest_route=\/wp\/v2\/media\/679920"}],"wp:attachment":[{"href":"https:\/\/diariodominicano.com\/index.php?rest_route=%2Fwp%2Fv2%2Fmedia&parent=694178"}],"wp:term":[{"taxonomy":"category","embeddable":true,"href":"https:\/\/diariodominicano.com\/index.php?rest_route=%2Fwp%2Fv2%2Fcategories&post=694178"},{"taxonomy":"post_tag","embeddable":true,"href":"https:\/\/diariodominicano.com\/index.php?rest_route=%2Fwp%2Fv2%2Ftags&post=694178"}],"curies":[{"name":"wp","href":"https:\/\/api.w.org\/{rel}","templated":true}]}}