{"id":694176,"date":"2026-09-01T08:45:06","date_gmt":"2026-09-01T12:45:06","guid":{"rendered":"https:\/\/diariodominicano.com\/?p=694176"},"modified":"2026-09-01T08:45:08","modified_gmt":"2026-09-01T12:45:08","slug":"lo-autentico-acapara-atencion-del-turista","status":"publish","type":"post","link":"https:\/\/diariodominicano.com\/?p=694176","title":{"rendered":"Lo autentico acapara atenci\u00f3n del turista"},"content":{"rendered":"\n<p class=\"wp-block-paragraph\">Londres, 1 sep (Prensa Latina) La b\u00fasqueda de lo aut\u00e9ntico acapara hoy la atenci\u00f3n de los turistas que persiguen viajes experienciales y de conexi\u00f3n con la naturaleza.<\/p>\n\n\n\n<ul class=\"wp-block-list\">\n<li><a href=\"https:\/\/www.prensa-latina.cu\/2026\/09\/01\/\"><time>septiembre 1, 2026 | 07:40<\/time><\/a><\/li>\n<\/ul>\n\n\n\n<ul class=\"wp-block-list\">\n<li><a href=\"https:\/\/www.prensa-latina.cu\/2026\/09\/01\/lo-autentico-acapara-atencion-del-turista\/#\"><\/a><\/li>\n\n\n\n<li><a href=\"https:\/\/www.prensa-latina.cu\/2026\/09\/01\/lo-autentico-acapara-atencion-del-turista\/#\"><\/a><\/li>\n\n\n\n<li><a href=\"https:\/\/www.prensa-latina.cu\/2026\/09\/01\/lo-autentico-acapara-atencion-del-turista\/#\"><\/a><\/li>\n\n\n\n<li><a href=\"https:\/\/www.prensa-latina.cu\/2026\/09\/01\/lo-autentico-acapara-atencion-del-turista\/#\"><\/a><\/li>\n<\/ul>\n\n\n\n<p class=\"wp-block-paragraph\">Los datos de Booking.com para 2026 confirman que el viajero busca experiencias significativas y aut\u00e9nticas.<\/p>\n\n\n\n<p class=\"wp-block-paragraph\">M\u00e1s del 65 por ciento planea viajes espont\u00e1neos o de recompensa, mientras que el 69 prioriza la conexi\u00f3n con la naturaleza y el 71 busca rutinas personalizadas.<\/p>\n\n\n\n<p class=\"wp-block-paragraph\">El turismo experiencial, centrado en vivencias culturales y de bienestar, y el turismo hedonista, enfocado en el disfrute y las experiencias sensoriales, se consolidan como las grandes tendencias.<\/p>\n\n\n\n<p class=\"wp-block-paragraph\">\u00abEl 2026 representa la consolidaci\u00f3n de un turismo m\u00e1s consciente y estrat\u00e9gico\u00bb, afirm\u00f3 la presidenta ejecutiva de la Asociaci\u00f3n Colombiana de Agencias de Viajes (Anato), Paula Cort\u00e9s Calle.<\/p>\n\n\n\n<p class=\"wp-block-paragraph\">mem\/rfc<\/p>\n\n\n\n<ul class=\"wp-block-list\">\n<li>#<a href=\"https:\/\/www.prensa-latina.cu\/etiqueta\/turismo\/\">turismo<\/a><\/li>\n<\/ul>\n","protected":false},"excerpt":{"rendered":"<p>Londres, 1 sep (Prensa Latina) La b\u00fasqueda de lo aut\u00e9ntico acapara hoy la atenci\u00f3n de los turistas que persiguen viajes experienciales y de conexi\u00f3n con la naturaleza. Los datos de Booking.com para 2026 confirman que el viajero busca experiencias significativas y aut\u00e9nticas. M\u00e1s del 65 por ciento planea viajes espont\u00e1neos o de recompensa, mientras que [&hellip;]<\/p>\n","protected":false},"author":2,"featured_media":0,"comment_status":"open","ping_status":"closed","sticky":false,"template":"","format":"standard","meta":{"footnotes":""},"categories":[32],"tags":[123],"class_list":["post-694176","post","type-post","status-publish","format-standard","hentry","category-turismo","tag-turismo"],"_links":{"self":[{"href":"https:\/\/diariodominicano.com\/index.php?rest_route=\/wp\/v2\/posts\/694176","targetHints":{"allow":["GET"]}}],"collection":[{"href":"https:\/\/diariodominicano.com\/index.php?rest_route=\/wp\/v2\/posts"}],"about":[{"href":"https:\/\/diariodominicano.com\/index.php?rest_route=\/wp\/v2\/types\/post"}],"author":[{"embeddable":true,"href":"https:\/\/diariodominicano.com\/index.php?rest_route=\/wp\/v2\/users\/2"}],"replies":[{"embeddable":true,"href":"https:\/\/diariodominicano.com\/index.php?rest_route=%2Fwp%2Fv2%2Fcomments&post=694176"}],"version-history":[{"count":1,"href":"https:\/\/diariodominicano.com\/index.php?rest_route=\/wp\/v2\/posts\/694176\/revisions"}],"predecessor-version":[{"id":694177,"href":"https:\/\/diariodominicano.com\/index.php?rest_route=\/wp\/v2\/posts\/694176\/revisions\/694177"}],"wp:attachment":[{"href":"https:\/\/diariodominicano.com\/index.php?rest_route=%2Fwp%2Fv2%2Fmedia&parent=694176"}],"wp:term":[{"taxonomy":"category","embeddable":true,"href":"https:\/\/diariodominicano.com\/index.php?rest_route=%2Fwp%2Fv2%2Fcategories&post=694176"},{"taxonomy":"post_tag","embeddable":true,"href":"https:\/\/diariodominicano.com\/index.php?rest_route=%2Fwp%2Fv2%2Ftags&post=694176"}],"curies":[{"name":"wp","href":"https:\/\/api.w.org\/{rel}","templated":true}]}}