{"id":694136,"date":"2026-09-01T08:08:08","date_gmt":"2026-09-01T12:08:08","guid":{"rendered":"https:\/\/diariodominicano.com\/?p=694136"},"modified":"2026-09-01T08:10:28","modified_gmt":"2026-09-01T12:10:28","slug":"jean-luis-fortuna-rinde-homenaje-a-antony-santos-en-casa-de-teatro","status":"publish","type":"post","link":"https:\/\/diariodominicano.com\/?p=694136","title":{"rendered":"Jean Luis Fortuna rinde homenaje a Antony Santos en Casa de Teatro"},"content":{"rendered":"\n<p class=\"wp-block-paragraph\"><strong>Santo Domingo. \u2014<\/strong>&nbsp;El cantautor dominicano Jean Luis Fortuna rindi\u00f3 un emotivo tributo a Antony Santos durante una presentaci\u00f3n celebrada el pasado fin de semana en Casa de Teatro, donde el p\u00fablico disfrut\u00f3 de una noche dedicada a la bachata y al merengue.<\/p>\n\n\n\n<figure class=\"wp-block-image size-large\"><img loading=\"lazy\" decoding=\"async\" width=\"1024\" height=\"571\" src=\"https:\/\/diariodominicano.com\/wp-content\/uploads\/2026\/09\/Antony-Santos-2-1024x571.jpeg\" alt=\"\" class=\"wp-image-694138\" srcset=\"https:\/\/diariodominicano.com\/wp-content\/uploads\/2026\/09\/Antony-Santos-2-1024x571.jpeg 1024w, https:\/\/diariodominicano.com\/wp-content\/uploads\/2026\/09\/Antony-Santos-2-300x167.jpeg 300w, https:\/\/diariodominicano.com\/wp-content\/uploads\/2026\/09\/Antony-Santos-2-768x428.jpeg 768w, https:\/\/diariodominicano.com\/wp-content\/uploads\/2026\/09\/Antony-Santos-2-816x455.jpeg 816w, https:\/\/diariodominicano.com\/wp-content\/uploads\/2026\/09\/Antony-Santos-2.jpeg 1280w\" sizes=\"auto, (max-width: 1024px) 100vw, 1024px\" \/><\/figure>\n\n\n\n<p class=\"wp-block-paragraph\">Fortuna present\u00f3 un repertorio de 20 canciones, entre ellas varios de los temas m\u00e1s emblem\u00e1ticos de Antony Santos, como \u201cLa Muchachita\u201d, \u201cHomenaje a Carlito\u201d, \u201cCoraz\u00f3n Culpable\u201d, \u201cHay Mujer\u201d, \u201cVoy Pa\u2019 Ya\u201d, \u201cSi Me Olvidaste Mi Amor\u201d, \u201cSi Tu Cari\u00f1o No Est\u00e1\u201d, \u201cDurmiendo Solo\u201d, \u201cLa Parcela\u201d, \u201cP\u00e9game Tu Vicio\u201d y \u201cPor Mi Timidez\u201d.<\/p>\n\n\n\n<p class=\"wp-block-paragraph\">El artista,&nbsp;tambi\u00e9n interpret\u00f3 canciones de su propio repertorio, entre ellas \u201cTu Profesor\u201d, \u201cTu Hombre Soy Yo\u201d, \u201cTu Perfume en Mi Ropa\u201d y \u201cCoraz\u00f3n de Piedra\u201d, logrando una propuesta que combin\u00f3 diferentes momentos y estilos de la m\u00fasica dominicana.<\/p>\n\n\n\n<figure class=\"wp-block-image size-large\"><img loading=\"lazy\" decoding=\"async\" width=\"1024\" height=\"562\" src=\"https:\/\/diariodominicano.com\/wp-content\/uploads\/2026\/09\/Antony-Santos-3-1024x562.jpeg\" alt=\"\" class=\"wp-image-694140\" srcset=\"https:\/\/diariodominicano.com\/wp-content\/uploads\/2026\/09\/Antony-Santos-3-1024x562.jpeg 1024w, https:\/\/diariodominicano.com\/wp-content\/uploads\/2026\/09\/Antony-Santos-3-300x165.jpeg 300w, https:\/\/diariodominicano.com\/wp-content\/uploads\/2026\/09\/Antony-Santos-3-768x422.jpeg 768w, https:\/\/diariodominicano.com\/wp-content\/uploads\/2026\/09\/Antony-Santos-3-816x448.jpeg 816w, https:\/\/diariodominicano.com\/wp-content\/uploads\/2026\/09\/Antony-Santos-3.jpeg 1280w\" sizes=\"auto, (max-width: 1024px) 100vw, 1024px\" \/><\/figure>\n\n\n\n<p class=\"wp-block-paragraph\">La velada inici\u00f3 con una introducci\u00f3n musical de tres minutos y continu\u00f3 con un recorrido por canciones que forman parte de la historia de la bachata, en una propuesta que permiti\u00f3 al p\u00fablico conectar con la m\u00fasica de Antony Santos, uno de los artistas m\u00e1s influyentes del g\u00e9nero.<\/p>\n\n\n\n<figure class=\"wp-block-image size-large\"><img loading=\"lazy\" decoding=\"async\" width=\"1024\" height=\"566\" src=\"https:\/\/diariodominicano.com\/wp-content\/uploads\/2026\/09\/Antony-Santos-4-1024x566.jpeg\" alt=\"\" class=\"wp-image-694142\" srcset=\"https:\/\/diariodominicano.com\/wp-content\/uploads\/2026\/09\/Antony-Santos-4-1024x566.jpeg 1024w, https:\/\/diariodominicano.com\/wp-content\/uploads\/2026\/09\/Antony-Santos-4-300x166.jpeg 300w, https:\/\/diariodominicano.com\/wp-content\/uploads\/2026\/09\/Antony-Santos-4-768x424.jpeg 768w, https:\/\/diariodominicano.com\/wp-content\/uploads\/2026\/09\/Antony-Santos-4-816x451.jpeg 816w, https:\/\/diariodominicano.com\/wp-content\/uploads\/2026\/09\/Antony-Santos-4.jpeg 1280w\" sizes=\"auto, (max-width: 1024px) 100vw, 1024px\" \/><\/figure>\n\n\n\n<p class=\"wp-block-paragraph\">El tributo de Jean Luis Fortuna en Casa de Teatro se convirti\u00f3 as\u00ed en una celebraci\u00f3n de la bachata dominicana, con una noche marcada por la nostalgia, el ritmo y el reconocimiento al legado musical de Antony Santos.&nbsp;<\/p>\n\n\n\n<p class=\"wp-block-paragraph\"><strong>Orlando Jerez&nbsp;<\/strong>Periodismo-Comunicaci\u00f3n-Relaciones P\u00fablicas&nbsp;<\/p>\n","protected":false},"excerpt":{"rendered":"<p>Santo Domingo. \u2014&nbsp;El cantautor dominicano Jean Luis Fortuna rindi\u00f3 un emotivo tributo a Antony Santos durante una presentaci\u00f3n celebrada el pasado fin de semana en Casa de Teatro, donde el p\u00fablico disfrut\u00f3 de una noche dedicada a la bachata y al merengue. Fortuna present\u00f3 un repertorio de 20 canciones, entre ellas varios de los temas [&hellip;]<\/p>\n","protected":false},"author":2,"featured_media":694137,"comment_status":"open","ping_status":"closed","sticky":false,"template":"","format":"standard","meta":{"footnotes":""},"categories":[25,32],"tags":[8163,8162],"class_list":["post-694136","post","type-post","status-publish","format-standard","has-post-thumbnail","hentry","category-gente","category-turismo","tag-antony-santos","tag-jean-luis-fortuna"],"_links":{"self":[{"href":"https:\/\/diariodominicano.com\/index.php?rest_route=\/wp\/v2\/posts\/694136","targetHints":{"allow":["GET"]}}],"collection":[{"href":"https:\/\/diariodominicano.com\/index.php?rest_route=\/wp\/v2\/posts"}],"about":[{"href":"https:\/\/diariodominicano.com\/index.php?rest_route=\/wp\/v2\/types\/post"}],"author":[{"embeddable":true,"href":"https:\/\/diariodominicano.com\/index.php?rest_route=\/wp\/v2\/users\/2"}],"replies":[{"embeddable":true,"href":"https:\/\/diariodominicano.com\/index.php?rest_route=%2Fwp%2Fv2%2Fcomments&post=694136"}],"version-history":[{"count":2,"href":"https:\/\/diariodominicano.com\/index.php?rest_route=\/wp\/v2\/posts\/694136\/revisions"}],"predecessor-version":[{"id":694143,"href":"https:\/\/diariodominicano.com\/index.php?rest_route=\/wp\/v2\/posts\/694136\/revisions\/694143"}],"wp:featuredmedia":[{"embeddable":true,"href":"https:\/\/diariodominicano.com\/index.php?rest_route=\/wp\/v2\/media\/694137"}],"wp:attachment":[{"href":"https:\/\/diariodominicano.com\/index.php?rest_route=%2Fwp%2Fv2%2Fmedia&parent=694136"}],"wp:term":[{"taxonomy":"category","embeddable":true,"href":"https:\/\/diariodominicano.com\/index.php?rest_route=%2Fwp%2Fv2%2Fcategories&post=694136"},{"taxonomy":"post_tag","embeddable":true,"href":"https:\/\/diariodominicano.com\/index.php?rest_route=%2Fwp%2Fv2%2Ftags&post=694136"}],"curies":[{"name":"wp","href":"https:\/\/api.w.org\/{rel}","templated":true}]}}