{"id":694131,"date":"2026-09-01T07:55:48","date_gmt":"2026-09-01T11:55:48","guid":{"rendered":"https:\/\/diariodominicano.com\/?p=694131"},"modified":"2026-09-01T07:55:55","modified_gmt":"2026-09-01T11:55:55","slug":"estados-unidos-saluda-al-pueblo-de-uzbekistan-al-celebrar-el-35-aniversario-de-su-independencia","status":"publish","type":"post","link":"https:\/\/diariodominicano.com\/?p=694131","title":{"rendered":"Estados Unidos saluda al pueblo de Uzbekist\u00e1n al celebrar el 35 aniversario de su independencia"},"content":{"rendered":"\n<p class=\"wp-block-paragraph\">Marco Rubio, Secretario de Estado<\/p>\n\n\n\n<p class=\"wp-block-paragraph\">31 de agosto de 2026<\/p>\n\n\n\n<p class=\"wp-block-paragraph\">En nombre de los Estados Unidos de Am\u00e9rica, extiendo mis m\u00e1s sinceras felicitaciones al pueblo de Uzbekist\u00e1n al celebrar el 1 de septiembre el 35 aniversario de su independencia.<\/p>\n\n\n\n<p class=\"wp-block-paragraph\">La alianza estrat\u00e9gica entre Estados Unidos y Uzbekist\u00e1n est\u00e1 generando resultados significativos en diversas prioridades compartidas. Desde minerales cr\u00edticos, energ\u00eda e infraestructura, hasta aviaci\u00f3n, finanzas y tecnolog\u00eda, las empresas estadounidenses y uzbekas est\u00e1n ampliando sus lazos comerciales y creando nuevas oportunidades para ambos pa\u00edses. Estados Unidos celebra la copresidencia de Uzbekist\u00e1n como miembro de la Secretar\u00eda del C5+1 (2026-2027) y los esfuerzos de colaboraci\u00f3n para fortalecer a\u00fan m\u00e1s la seguridad regional, la conectividad y el crecimiento econ\u00f3mico.<\/p>\n\n\n\n<p class=\"wp-block-paragraph\">Mientras Uzbekist\u00e1n celebra este importante hito, Estados Unidos espera aprovechar este impulso y profundizar una asociaci\u00f3n que haga que ambos pa\u00edses sean m\u00e1s fuertes, m\u00e1s seguros y m\u00e1s pr\u00f3speros.<\/p>\n\n\n\n<p class=\"wp-block-paragraph\">U.S. Department of State<\/p>\n\n\n\n<p class=\"wp-block-paragraph\"><a target=\"_blank\" href=\"mailto:usstatebpa@public.govdelivery.com\" rel=\"noreferrer noopener\">usstatebpa@public.go<\/a><\/p>\n\n\n\n<p class=\"wp-block-paragraph\">Comunicado de prensa<\/p>\n","protected":false},"excerpt":{"rendered":"<p>Marco Rubio, Secretario de Estado 31 de agosto de 2026 En nombre de los Estados Unidos de Am\u00e9rica, extiendo mis m\u00e1s sinceras felicitaciones al pueblo de Uzbekist\u00e1n al celebrar el 1 de septiembre el 35 aniversario de su independencia. La alianza estrat\u00e9gica entre Estados Unidos y Uzbekist\u00e1n est\u00e1 generando resultados significativos en diversas prioridades compartidas. [&hellip;]<\/p>\n","protected":false},"author":2,"featured_media":655062,"comment_status":"open","ping_status":"closed","sticky":false,"template":"","format":"standard","meta":{"footnotes":""},"categories":[26,23],"tags":[3496,3227,8159],"class_list":["post-694131","post","type-post","status-publish","format-standard","has-post-thumbnail","hentry","category-efemerides","category-internacional","tag-estados-unidos","tag-marco-rubio","tag-uzbekistan"],"_links":{"self":[{"href":"https:\/\/diariodominicano.com\/index.php?rest_route=\/wp\/v2\/posts\/694131","targetHints":{"allow":["GET"]}}],"collection":[{"href":"https:\/\/diariodominicano.com\/index.php?rest_route=\/wp\/v2\/posts"}],"about":[{"href":"https:\/\/diariodominicano.com\/index.php?rest_route=\/wp\/v2\/types\/post"}],"author":[{"embeddable":true,"href":"https:\/\/diariodominicano.com\/index.php?rest_route=\/wp\/v2\/users\/2"}],"replies":[{"embeddable":true,"href":"https:\/\/diariodominicano.com\/index.php?rest_route=%2Fwp%2Fv2%2Fcomments&post=694131"}],"version-history":[{"count":1,"href":"https:\/\/diariodominicano.com\/index.php?rest_route=\/wp\/v2\/posts\/694131\/revisions"}],"predecessor-version":[{"id":694132,"href":"https:\/\/diariodominicano.com\/index.php?rest_route=\/wp\/v2\/posts\/694131\/revisions\/694132"}],"wp:featuredmedia":[{"embeddable":true,"href":"https:\/\/diariodominicano.com\/index.php?rest_route=\/wp\/v2\/media\/655062"}],"wp:attachment":[{"href":"https:\/\/diariodominicano.com\/index.php?rest_route=%2Fwp%2Fv2%2Fmedia&parent=694131"}],"wp:term":[{"taxonomy":"category","embeddable":true,"href":"https:\/\/diariodominicano.com\/index.php?rest_route=%2Fwp%2Fv2%2Fcategories&post=694131"},{"taxonomy":"post_tag","embeddable":true,"href":"https:\/\/diariodominicano.com\/index.php?rest_route=%2Fwp%2Fv2%2Ftags&post=694131"}],"curies":[{"name":"wp","href":"https:\/\/api.w.org\/{rel}","templated":true}]}}