{"id":694119,"date":"2026-09-01T07:33:02","date_gmt":"2026-09-01T11:33:02","guid":{"rendered":"https:\/\/diariodominicano.com\/?p=694119"},"modified":"2026-09-01T07:33:12","modified_gmt":"2026-09-01T11:33:12","slug":"fundacion-soln-en-ny-realiza-gala-para-obras-beneficas-en-rd","status":"publish","type":"post","link":"https:\/\/diariodominicano.com\/?p=694119","title":{"rendered":"Fundaci\u00f3n SOLN en NY realiza gala para obras ben\u00e9ficas en RD"},"content":{"rendered":"\n<p class=\"wp-block-paragraph\"><strong>Video:<\/strong>&nbsp;<a href=\"https:\/\/www.youtube.com\/watch?v=bSUA2aF4TAM\" rel=\"noreferrer noopener\" target=\"_blank\">https:\/\/www.youtube.com\/watch?v=bSUA2aF4TAM<\/a><\/p>\n\n\n\n<p class=\"wp-block-paragraph\"><strong>Por Ram\u00f3n Mercedes<\/strong><\/p>\n\n\n\n<p class=\"wp-block-paragraph\"><strong>NUEVA YORK.-<\/strong>&nbsp;La Fundaci\u00f3n Hermanos Rojas (SOLN) realiz\u00f3 el pasado fin de semana una gala ben\u00e9fica con el objetivo de fortalecer su labor social y filantr\u00f3pica en favor de las comunidades m\u00e1s necesitadas de la Rep\u00fablica Dominicana.<\/p>\n\n\n\n<p class=\"wp-block-paragraph\">SOLN, cuyo lema es \u00abPor el bienestar social, hoy y siempre\u00bb, es una organizaci\u00f3n sin fines de lucro con presencia en Nueva York y a nivel nacional en la RD. Durante m\u00e1s de 20 a\u00f1os ha asistido a decenas de miles de familias de escasos recursos.<\/p>\n\n\n\n<p class=\"wp-block-paragraph\">La organizaci\u00f3n est\u00e1 presidida por el empresario y l\u00edder comunitario Roberto Rojas, valorado por sus connacionales en la Gran Manzana como un fil\u00e1ntropo.<\/p>\n\n\n\n<p class=\"wp-block-paragraph\">Rojas destac\u00f3 ante cientos de asistentes que, a lo largo de m\u00e1s de dos d\u00e9cadas, la Fundaci\u00f3n puede exhibir grandes obras. Entre ellas, la construcci\u00f3n de escuelas, viviendas, canchas y \u201cplays\u201d; la reparaci\u00f3n de hogares; el otorgamiento de decenas de becas en centros universitarios regionales; la realizaci\u00f3n de operativos m\u00e9dicos; y la entrega de miles de medicamentos, sillas de ruedas, muletas, andadores, cajas de pa\u00f1ales y decenas de camas medicas.<\/p>\n\n\n\n<p class=\"wp-block-paragraph\">La Fundaci\u00f3n organiza, como cada a\u00f1o, actividades navide\u00f1as y del D\u00eda de Reyes Magos en barrios marginados del Distrito Nacional y varias provincias del pa\u00eds, subray\u00f3.<\/p>\n\n\n\n<p class=\"wp-block-paragraph\">Rojas expres\u00f3: \u201cNuestro compromiso siempre ha sido llegar donde m\u00e1s se necesita\u201d. En las comunidades m\u00e1s vulnerables trabajamos de manera permanente. Por ejemplo, en el \u00e1rea donde el pastor Pablo Fortuna, en El\u00edas Pi\u00f1a, desarrolla su labor, visitamos cada 15 d\u00edas para llevar comida a m\u00e1s de 100 ni\u00f1os.\u201d<\/p>\n\n\n\n<p class=\"wp-block-paragraph\">En Mata Gorda, en Villa Mella, de lunes a viernes proveemos comida preparada a unas 150 personas. Tambi\u00e9n apoyamos la formaci\u00f3n de j\u00f3venes en la escuela Mi Pueblo, en Fantino, Cotu\u00ed, con el prop\u00f3sito de contribuir al desarrollo de las comunidades m\u00e1s vulnerables y servir a quienes realmente lo necesitan.<\/p>\n\n\n\n<p class=\"wp-block-paragraph\">\u201cNos enfocamos en el desarrollo comunitario, la asistencia social, el apoyo a ni\u00f1os vulnerables, el cuidado de los adultos mayores y la ayuda tras desastres naturales, tanto en la capital como en diversas provincias del pa\u00eds, con recursos propios y el trabajo de nuestros voluntarios\u201d, precis\u00f3.<\/p>\n\n\n\n<p class=\"wp-block-paragraph\">Rojas recibi\u00f3 reconocimientos del asamble\u00edsta del D-78 en El Bronx, George \u00c1lvarez, el periodista Aquiles Rojas represent\u00f3 el oficial electo; del Concejo Municipal de Paterson, de parte del concejal Alex M\u00e9ndez; y de la Uni\u00f3n Deportiva Dominicana en NY, entre otras entidades. Los directivos fueron reconocidos con una medalla.<\/p>\n\n\n\n<p class=\"wp-block-paragraph\">A la actividad asistieron empresarios, comunitarios, representantes del sector p\u00fablico y privado, miembros de diversas organizaciones, periodistas, comerciantes y ciudadanos en general.<\/p>\n\n\n\n<p class=\"wp-block-paragraph\">La oficina principal est\u00e1 en la avenida Emilio Prud\u2019Homme No. 2, en el Distrito Nacional. Tambi\u00e9n en la&nbsp;<a href=\"https:\/\/www.google.com\/maps\/search\/calle+Juan+S%C3%A1nchez+Ram%C3%ADrez+No.+71?entry=gmail&amp;source=g\">calle Juan S\u00e1nchez Ram\u00edrez No. 71<\/a>, en Fantino, Cotu\u00ed; as\u00ed como en Mao, Santiago, El\u00edas Pi\u00f1a, La Romana y San Francisco de Macor\u00eds. En NY en el 560 West de la calle175, entre las avenidas Audubon y Saint Nicholas, en el Alto Manhattan.<\/p>\n\n\n\n<p class=\"wp-block-paragraph\">El acto se celebr\u00f3 el pasado s\u00e1bado a partir de las 7:00 de la noche en los salones de The Eastwood Manor, en el 3471 de Eastchester Road, en El Bronx. La actividad cont\u00f3 con un amplio buf\u00e9 y m\u00fasica en vivo.<strong><\/strong><\/p>\n","protected":false},"excerpt":{"rendered":"<p>Video:&nbsp;https:\/\/www.youtube.com\/watch?v=bSUA2aF4TAM Por Ram\u00f3n Mercedes NUEVA YORK.-&nbsp;La Fundaci\u00f3n Hermanos Rojas (SOLN) realiz\u00f3 el pasado fin de semana una gala ben\u00e9fica con el objetivo de fortalecer su labor social y filantr\u00f3pica en favor de las comunidades m\u00e1s necesitadas de la Rep\u00fablica Dominicana. SOLN, cuyo lema es \u00abPor el bienestar social, hoy y siempre\u00bb, es una organizaci\u00f3n sin [&hellip;]<\/p>\n","protected":false},"author":2,"featured_media":694120,"comment_status":"closed","ping_status":"closed","sticky":false,"template":"","format":"standard","meta":{"footnotes":""},"categories":[20,27],"tags":[8155,312,4086],"class_list":["post-694119","post","type-post","status-publish","format-standard","has-post-thumbnail","hentry","category-dominicana-hoy","category-portada","tag-my","tag-rd","tag-soln"],"_links":{"self":[{"href":"https:\/\/diariodominicano.com\/index.php?rest_route=\/wp\/v2\/posts\/694119","targetHints":{"allow":["GET"]}}],"collection":[{"href":"https:\/\/diariodominicano.com\/index.php?rest_route=\/wp\/v2\/posts"}],"about":[{"href":"https:\/\/diariodominicano.com\/index.php?rest_route=\/wp\/v2\/types\/post"}],"author":[{"embeddable":true,"href":"https:\/\/diariodominicano.com\/index.php?rest_route=\/wp\/v2\/users\/2"}],"replies":[{"embeddable":true,"href":"https:\/\/diariodominicano.com\/index.php?rest_route=%2Fwp%2Fv2%2Fcomments&post=694119"}],"version-history":[{"count":1,"href":"https:\/\/diariodominicano.com\/index.php?rest_route=\/wp\/v2\/posts\/694119\/revisions"}],"predecessor-version":[{"id":694121,"href":"https:\/\/diariodominicano.com\/index.php?rest_route=\/wp\/v2\/posts\/694119\/revisions\/694121"}],"wp:featuredmedia":[{"embeddable":true,"href":"https:\/\/diariodominicano.com\/index.php?rest_route=\/wp\/v2\/media\/694120"}],"wp:attachment":[{"href":"https:\/\/diariodominicano.com\/index.php?rest_route=%2Fwp%2Fv2%2Fmedia&parent=694119"}],"wp:term":[{"taxonomy":"category","embeddable":true,"href":"https:\/\/diariodominicano.com\/index.php?rest_route=%2Fwp%2Fv2%2Fcategories&post=694119"},{"taxonomy":"post_tag","embeddable":true,"href":"https:\/\/diariodominicano.com\/index.php?rest_route=%2Fwp%2Fv2%2Ftags&post=694119"}],"curies":[{"name":"wp","href":"https:\/\/api.w.org\/{rel}","templated":true}]}}