{"id":694111,"date":"2026-09-01T01:25:27","date_gmt":"2026-09-01T05:25:27","guid":{"rendered":"https:\/\/diariodominicano.com\/?p=694111"},"modified":"2026-09-01T01:26:54","modified_gmt":"2026-09-01T05:26:54","slug":"inauguran-monumento-a-ho-chi-minh-en-biskek","status":"publish","type":"post","link":"https:\/\/diariodominicano.com\/?p=694111","title":{"rendered":"Inauguran monumento a Ho Chi Minh en Biskek"},"content":{"rendered":"\n<p class=\"wp-block-paragraph\">Hanoi, 1 sep (Prensa Latina) La inauguraci\u00f3n de un monumento al Presidente Ho Chi Minh en Biskek, la capital de Kirguist\u00e1n, a la que asisti\u00f3 la vicepresidenta vietnamita, Vo Thi Anh Xuan, recibe hoy amplio destaque en la prensa local.<\/p>\n\n\n\n<ul class=\"wp-block-list\">\n<li><a href=\"https:\/\/www.prensa-latina.cu\/2026\/09\/01\/\"><time>septiembre 1, 2026 | 00:31<\/time><\/a><\/li>\n<\/ul>\n\n\n\n<ul class=\"wp-block-list\">\n<li><a href=\"https:\/\/www.prensa-latina.cu\/2026\/09\/01\/inauguran-monumento-a-ho-chi-minh-en-biskek\/#\"><\/a><\/li>\n\n\n\n<li><a href=\"https:\/\/www.prensa-latina.cu\/2026\/09\/01\/inauguran-monumento-a-ho-chi-minh-en-biskek\/#\"><\/a><\/li>\n\n\n\n<li><a href=\"https:\/\/www.prensa-latina.cu\/2026\/09\/01\/inauguran-monumento-a-ho-chi-minh-en-biskek\/#\"><\/a><\/li>\n\n\n\n<li><a href=\"https:\/\/www.prensa-latina.cu\/2026\/09\/01\/inauguran-monumento-a-ho-chi-minh-en-biskek\/#\"><\/a><\/li>\n<\/ul>\n\n\n\n<p class=\"wp-block-paragraph\">El acto se realiz\u00f3 la v\u00edspera en la Plaza Presidente Ho Chi Minh, situada en el complejo Royal Central Park, a la que asisti\u00f3 Anh Xuan, quien participa en Biskek en la Cumbre ampliada de la Organizaci\u00f3n de Cooperaci\u00f3n de Shangh\u00e1i (OCS).<\/p>\n\n\n\n<p class=\"wp-block-paragraph\"><\/p>\n\n\n\n<p class=\"wp-block-paragraph\">La vicepresidenta Anh Xuan destac\u00f3 las grandes contribuciones de Ho Chi Minh y el profundo respeto y afecto que le profesan los vietnamitas en todo el mundo, de acuerdo con un reporte de la Agencia Vietnamita de Noticias.<\/p>\n\n\n\n<p class=\"wp-block-paragraph\">En presencia del presidente del Parlamento de Kirguist\u00e1n, Marlen Mamataliev, el alcalde de Biskek, Aibek Junushaliev, y el ministro del Interior Ulan Niyazbekov, la vicemandataria agradeci\u00f3 a las autoridades de Kirguist\u00e1n y de Biskek su apoyo a la construcci\u00f3n de la obra.<\/p>\n\n\n\n<p class=\"wp-block-paragraph\">El monumento, fundido en bronce y un peso superior a una tonelada, es una r\u00e9plica del busto del Presidente Ho Chi Minh, obra del artista Tran Van Lam, que se conserva en el Museo Ho Chi Minh.<\/p>\n\n\n\n<p class=\"wp-block-paragraph\">El pedestal cuenta con dos placas que presentan una breve biograf\u00eda del Presidente en vietnamita y kirgu\u00eds.<\/p>\n\n\n\n<p class=\"wp-block-paragraph\">Como parte de su estancia en Biskek, la jefa de la delegaci\u00f3n vietnamita a la Cumbre de la OCS fue recibida este lunes por el presidente anfitri\u00f3n, Sadyr Japarov, con quien convers\u00f3 sobre la necesidad de impulsar las relaciones bilaterales.<\/p>\n\n\n\n<p class=\"wp-block-paragraph\">La vicepresidenta transmiti\u00f3 a Japarov los saludos y la invitaci\u00f3n del secretario general del Partido Comunista y presidente de Vietnam, To Lam, para que visite Vietnam en una fecha conveniente.<\/p>\n\n\n\n<p class=\"wp-block-paragraph\">El mandatario propuso que ambas partes contin\u00faen consolidando la confianza pol\u00edtica mediante un mayor intercambio de delegaciones y contactos de alto nivel; faciliten que las empresas de ambos pa\u00edses conozcan sus respectivos mercados, ampl\u00eden sus inversiones y actividades comerciales, y promuevan el intercambio comercial entre Vietnam y Kirguist\u00e1n, as\u00ed como con la Uni\u00f3n Econ\u00f3mica Euroasi\u00e1tica.<\/p>\n\n\n\n<p class=\"wp-block-paragraph\">Durante la Cumbre ampliada de la Organizaci\u00f3n de Cooperaci\u00f3n de Shangh\u00e1i, Anh Xuan expres\u00f3 que su pa\u00eds concede gran importancia a sus relaciones con el mecanismo y sus Estados miembros. Adem\u00e1s, se\u00f1al\u00f3 que el pa\u00eds est\u00e1 dispuesto a participar en las actividades de cooperaci\u00f3n de la entidad en favor de la paz, la estabilidad y el desarrollo regional y mundial.<\/p>\n\n\n\n<p class=\"wp-block-paragraph\">Durante un encuentro con el secretario general de la OCS, Nurlan Yermekbayev, remarc\u00f3 la disposici\u00f3n de Vietnam de desempe\u00f1ar un papel de puente para promover la cooperaci\u00f3n entre la Asociaci\u00f3n de Naciones del Sudeste Asi\u00e1tico (Asean) y la OCS, estrechar los v\u00ednculos entre el Sudeste Asi\u00e1tico y Asia Central.<\/p>\n\n\n\n<p class=\"wp-block-paragraph\">Adem\u00e1s de conectar a la Asean con la Uni\u00f3n Econ\u00f3mica Euroasi\u00e1tica y otros mecanismos de cooperaci\u00f3n regional.<\/p>\n\n\n\n<p class=\"wp-block-paragraph\">Estas iniciativas, precis\u00f3, contribuir\u00e1n a fortalecer la cooperaci\u00f3n en favor de la paz, la estabilidad y el desarrollo sostenible.<\/p>\n\n\n\n<p class=\"wp-block-paragraph\">Por su parte, Yermekbayev, quien record\u00f3 con aprecio su paso como embajador de Kazajst\u00e1n en Vietnam, se\u00f1al\u00f3 que la Organizaci\u00f3n ya no es simplemente un mecanismo centrado en la seguridad, sino que ampli\u00f3 progresivamente sus \u00e1reas de cooperaci\u00f3n a sectores como la econom\u00eda, el comercio, la cultura y los intercambios entre los pueblos.<\/p>\n\n\n\n<p class=\"wp-block-paragraph\">En esta ocasi\u00f3n, Anh Xuan invit\u00f3 a Yermekbayev a visitar Vietnam pr\u00f3ximamente para conocer de primera mano los recientes avances y transformaciones del pa\u00eds.<\/p>\n\n\n\n<p class=\"wp-block-paragraph\">lam\/ro<\/p>\n\n\n\n<ul class=\"wp-block-list\">\n<li>#<a href=\"https:\/\/www.prensa-latina.cu\/etiqueta\/monumento-a-ho-chi-minh\/\">Monumento a Ho Chi Minh<\/a>\u00a0#<a href=\"https:\/\/www.prensa-latina.cu\/etiqueta\/vietnam\/\">vietnam<\/a><\/li>\n<\/ul>\n","protected":false},"excerpt":{"rendered":"<p>Hanoi, 1 sep (Prensa Latina) La inauguraci\u00f3n de un monumento al Presidente Ho Chi Minh en Biskek, la capital de Kirguist\u00e1n, a la que asisti\u00f3 la vicepresidenta vietnamita, Vo Thi Anh Xuan, recibe hoy amplio destaque en la prensa local. El acto se realiz\u00f3 la v\u00edspera en la Plaza Presidente Ho Chi Minh, situada en [&hellip;]<\/p>\n","protected":false},"author":2,"featured_media":531657,"comment_status":"open","ping_status":"closed","sticky":false,"template":"","format":"standard","meta":{"footnotes":""},"categories":[26,23],"tags":[8154],"class_list":["post-694111","post","type-post","status-publish","format-standard","has-post-thumbnail","hentry","category-efemerides","category-internacional","tag-ho-chi-minh"],"_links":{"self":[{"href":"https:\/\/diariodominicano.com\/index.php?rest_route=\/wp\/v2\/posts\/694111","targetHints":{"allow":["GET"]}}],"collection":[{"href":"https:\/\/diariodominicano.com\/index.php?rest_route=\/wp\/v2\/posts"}],"about":[{"href":"https:\/\/diariodominicano.com\/index.php?rest_route=\/wp\/v2\/types\/post"}],"author":[{"embeddable":true,"href":"https:\/\/diariodominicano.com\/index.php?rest_route=\/wp\/v2\/users\/2"}],"replies":[{"embeddable":true,"href":"https:\/\/diariodominicano.com\/index.php?rest_route=%2Fwp%2Fv2%2Fcomments&post=694111"}],"version-history":[{"count":2,"href":"https:\/\/diariodominicano.com\/index.php?rest_route=\/wp\/v2\/posts\/694111\/revisions"}],"predecessor-version":[{"id":694114,"href":"https:\/\/diariodominicano.com\/index.php?rest_route=\/wp\/v2\/posts\/694111\/revisions\/694114"}],"wp:featuredmedia":[{"embeddable":true,"href":"https:\/\/diariodominicano.com\/index.php?rest_route=\/wp\/v2\/media\/531657"}],"wp:attachment":[{"href":"https:\/\/diariodominicano.com\/index.php?rest_route=%2Fwp%2Fv2%2Fmedia&parent=694111"}],"wp:term":[{"taxonomy":"category","embeddable":true,"href":"https:\/\/diariodominicano.com\/index.php?rest_route=%2Fwp%2Fv2%2Fcategories&post=694111"},{"taxonomy":"post_tag","embeddable":true,"href":"https:\/\/diariodominicano.com\/index.php?rest_route=%2Fwp%2Fv2%2Ftags&post=694111"}],"curies":[{"name":"wp","href":"https:\/\/api.w.org\/{rel}","templated":true}]}}