{"id":694108,"date":"2026-09-01T01:21:15","date_gmt":"2026-09-01T05:21:15","guid":{"rendered":"https:\/\/diariodominicano.com\/?p=694108"},"modified":"2026-09-01T01:21:21","modified_gmt":"2026-09-01T05:21:21","slug":"presidente-cubano-felicita-a-heroe-de-cuba-por-su-cumpleanos-87","status":"publish","type":"post","link":"https:\/\/diariodominicano.com\/?p=694108","title":{"rendered":"Presidente cubano felicita a H\u00e9roe de Cuba por su cumplea\u00f1os 87"},"content":{"rendered":"\n<p class=\"wp-block-paragraph\">La Habana, 31 ago (Prensa Latina) El presidente Miguel D\u00edaz-Canel felicit\u00f3 hoy al H\u00e9roe de la Rep\u00fablica de Cuba, general de divisi\u00f3n Ram\u00f3n Pardo Guerra por su cumplea\u00f1os 87.<\/p>\n\n\n\n<ul class=\"wp-block-list\">\n<li><a href=\"https:\/\/www.prensa-latina.cu\/2026\/08\/31\/\"><time>agosto 31, 2026 | 23:31<\/time><\/a><\/li>\n<\/ul>\n\n\n\n<ul class=\"wp-block-list\">\n<li><a href=\"https:\/\/www.prensa-latina.cu\/2026\/08\/31\/presidente-cubano-felicita-a-heroe-de-cuba-por-su-cumpleanos-87\/#\"><\/a><\/li>\n\n\n\n<li><a href=\"https:\/\/www.prensa-latina.cu\/2026\/08\/31\/presidente-cubano-felicita-a-heroe-de-cuba-por-su-cumpleanos-87\/#\"><\/a><\/li>\n\n\n\n<li><a href=\"https:\/\/www.prensa-latina.cu\/2026\/08\/31\/presidente-cubano-felicita-a-heroe-de-cuba-por-su-cumpleanos-87\/#\"><\/a><\/li>\n\n\n\n<li><a href=\"https:\/\/www.prensa-latina.cu\/2026\/08\/31\/presidente-cubano-felicita-a-heroe-de-cuba-por-su-cumpleanos-87\/#\"><\/a><\/li>\n<\/ul>\n\n\n\n<p class=\"wp-block-paragraph\">\u201cFelicidades en sus vitales 87 al legendario general de divisi\u00f3n\u201d, miembro de una familia de bravos combatientes del Ej\u00e9rcito Rebelde, escribi\u00f3 el jefe de Estado en la cuenta de Instagram.<\/p>\n\n\n\n<p class=\"wp-block-paragraph\">D\u00edaz-Canel destac\u00f3 la trayectoria del \u201centra\u00f1able Guile, quien pele\u00f3 bajo las \u00f3rdenes del Che, tambi\u00e9n escribi\u00f3 p\u00e1ginas heroicas en Gir\u00f3n, Angola y hoy dirige la Defensa Civil, una de las instituciones m\u00e1s prestigiosas del pa\u00eds\u201d, afirm\u00f3 el mandatario.<\/p>\n\n\n\n<p class=\"wp-block-paragraph\">Pardo Guerra es diputado a la Asamblea Nacional, fundador del Partido Comunista de Cuba y entre 1980 y 1984 cumpli\u00f3 dos misiones internacionalistas en la Rep\u00fablica Popular del Angola, donde fungi\u00f3 por un a\u00f1o como segundo jefe de la Misi\u00f3n Militar.<\/p>\n\n\n\n<p class=\"wp-block-paragraph\">Por su destacada obra revolucionaria, fue condecorado con las \u00d3rdenes Camilo Cienfuegos y por el Servicio a la Patria en las Fuerzas Armadas Revolucionarias (1er grado), adem\u00e1s de las medallas Ciro Redondo, de Combatiente de la Guerra de Liberaci\u00f3n y Combatiente Internacionalista de 1ra clase.<\/p>\n\n\n\n<p class=\"wp-block-paragraph\">dfm\/jcd<\/p>\n\n\n\n<ul class=\"wp-block-list\">\n<li>#<a href=\"https:\/\/www.prensa-latina.cu\/etiqueta\/angola\/\">angola<\/a>\u00a0#<a href=\"https:\/\/www.prensa-latina.cu\/etiqueta\/cuba\/\">cuba<\/a>\u00a0#<a href=\"https:\/\/www.prensa-latina.cu\/etiqueta\/pardo-guerra\/\">Pardo Guerra<\/a><\/li>\n<\/ul>\n","protected":false},"excerpt":{"rendered":"<p>La Habana, 31 ago (Prensa Latina) El presidente Miguel D\u00edaz-Canel felicit\u00f3 hoy al H\u00e9roe de la Rep\u00fablica de Cuba, general de divisi\u00f3n Ram\u00f3n Pardo Guerra por su cumplea\u00f1os 87. \u201cFelicidades en sus vitales 87 al legendario general de divisi\u00f3n\u201d, miembro de una familia de bravos combatientes del Ej\u00e9rcito Rebelde, escribi\u00f3 el jefe de Estado en [&hellip;]<\/p>\n","protected":false},"author":2,"featured_media":694109,"comment_status":"open","ping_status":"closed","sticky":false,"template":"","format":"standard","meta":{"footnotes":""},"categories":[26,23],"tags":[],"class_list":["post-694108","post","type-post","status-publish","format-standard","has-post-thumbnail","hentry","category-efemerides","category-internacional"],"_links":{"self":[{"href":"https:\/\/diariodominicano.com\/index.php?rest_route=\/wp\/v2\/posts\/694108","targetHints":{"allow":["GET"]}}],"collection":[{"href":"https:\/\/diariodominicano.com\/index.php?rest_route=\/wp\/v2\/posts"}],"about":[{"href":"https:\/\/diariodominicano.com\/index.php?rest_route=\/wp\/v2\/types\/post"}],"author":[{"embeddable":true,"href":"https:\/\/diariodominicano.com\/index.php?rest_route=\/wp\/v2\/users\/2"}],"replies":[{"embeddable":true,"href":"https:\/\/diariodominicano.com\/index.php?rest_route=%2Fwp%2Fv2%2Fcomments&post=694108"}],"version-history":[{"count":1,"href":"https:\/\/diariodominicano.com\/index.php?rest_route=\/wp\/v2\/posts\/694108\/revisions"}],"predecessor-version":[{"id":694110,"href":"https:\/\/diariodominicano.com\/index.php?rest_route=\/wp\/v2\/posts\/694108\/revisions\/694110"}],"wp:featuredmedia":[{"embeddable":true,"href":"https:\/\/diariodominicano.com\/index.php?rest_route=\/wp\/v2\/media\/694109"}],"wp:attachment":[{"href":"https:\/\/diariodominicano.com\/index.php?rest_route=%2Fwp%2Fv2%2Fmedia&parent=694108"}],"wp:term":[{"taxonomy":"category","embeddable":true,"href":"https:\/\/diariodominicano.com\/index.php?rest_route=%2Fwp%2Fv2%2Fcategories&post=694108"},{"taxonomy":"post_tag","embeddable":true,"href":"https:\/\/diariodominicano.com\/index.php?rest_route=%2Fwp%2Fv2%2Ftags&post=694108"}],"curies":[{"name":"wp","href":"https:\/\/api.w.org\/{rel}","templated":true}]}}