{"id":694105,"date":"2026-09-01T01:17:03","date_gmt":"2026-09-01T05:17:03","guid":{"rendered":"https:\/\/diariodominicano.com\/?p=694105"},"modified":"2026-09-01T01:17:11","modified_gmt":"2026-09-01T05:17:11","slug":"ejercito-de-colombia-abatio-a-ocho-miembros-de-grupo-armado-emc","status":"publish","type":"post","link":"https:\/\/diariodominicano.com\/?p=694105","title":{"rendered":"Ej\u00e9rcito de Colombia abati\u00f3 a ocho miembros de grupo armado EMC"},"content":{"rendered":"\n<p class=\"wp-block-paragraph\">Bogot\u00e1, 31 ago (Prensa Latina) Un operativo militar contra el autodenominado grupo armado Estado Mayor Central (EMC) dej\u00f3 un saldo de ocho integrantes de esa estructura muertos y tres capturados, seg\u00fan inform\u00f3 hoy el presidente Abelardo de la Espriella.<\/p>\n\n\n\n<ul class=\"wp-block-list\">\n<li><a href=\"https:\/\/www.prensa-latina.cu\/2026\/08\/31\/\"><time>agosto 31, 2026 | 17:36<\/time><\/a><\/li>\n<\/ul>\n\n\n\n<ul class=\"wp-block-list\">\n<li><a href=\"https:\/\/www.prensa-latina.cu\/2026\/08\/31\/ejercito-de-colombia-abatio-a-ocho-miembros-de-grupo-armado-emc\/#\"><\/a><\/li>\n\n\n\n<li><a href=\"https:\/\/www.prensa-latina.cu\/2026\/08\/31\/ejercito-de-colombia-abatio-a-ocho-miembros-de-grupo-armado-emc\/#\"><\/a><\/li>\n\n\n\n<li><a href=\"https:\/\/www.prensa-latina.cu\/2026\/08\/31\/ejercito-de-colombia-abatio-a-ocho-miembros-de-grupo-armado-emc\/#\"><\/a><\/li>\n\n\n\n<li><a href=\"https:\/\/www.prensa-latina.cu\/2026\/08\/31\/ejercito-de-colombia-abatio-a-ocho-miembros-de-grupo-armado-emc\/#\"><\/a><\/li>\n<\/ul>\n\n\n\n<p class=\"wp-block-paragraph\">La ofensiva del Ej\u00e9rcito tuvo lugar en el municipio Miraflores, en el departamento de Guaviare, en el centro sur del pa\u00eds, contra el Frente Carolina Ram\u00edrez y su principal cabecilla, alias \u201cEl Tigre\u201d o \u201cPintado\u201d.<\/p>\n\n\n\n<p class=\"wp-block-paragraph\">De acuerdo con la informaci\u00f3n suministrada por el mandatario, durante las acciones castrenses tambi\u00e9n fueron recuperadas dos personas que manifestaron ser menores de edad, cuya identidad se verifica.<\/p>\n\n\n\n<p class=\"wp-block-paragraph\">Abund\u00f3 que tambi\u00e9n fue hallado abundante material de guerra e intendencia.<\/p>\n\n\n\n<p class=\"wp-block-paragraph\">\u201cLos combates contin\u00faan y nuestras tropas mantienen la presi\u00f3n. Estamos verificando si alias \u201cEl Tigre\u201d se encuentra entre los muertos en desarrollo de la operaci\u00f3n. Solo lo confirmaremos cuando exista plena identificaci\u00f3n\u201d, apunt\u00f3 el jefe de Estado.<\/p>\n\n\n\n<p class=\"wp-block-paragraph\">Agreg\u00f3 que la ofensiva se mantendr\u00e1 contra el EMC, que est\u00e1 bajo las \u00f3rdenes de alias \u201cIv\u00e1n Mordisco\u201d<\/p>\n\n\n\n<p class=\"wp-block-paragraph\">\u201cVamos por sus cabecillas, por sus hombres, por sus armas y por sus finanzas criminales. No tendr\u00e1n territorio seguro para esconderse. Por cada ciudadano, polic\u00eda y soldado que asesinen, la respuesta del Gobierno ser\u00e1 contundente y letal\u201d, escribi\u00f3.<\/p>\n\n\n\n<p class=\"wp-block-paragraph\">oda\/ifs<\/p>\n\n\n\n<ul class=\"wp-block-list\">\n<li>#<a href=\"https:\/\/www.prensa-latina.cu\/etiqueta\/colombia\/\">colombia<\/a>\u00a0#<a href=\"https:\/\/www.prensa-latina.cu\/etiqueta\/emc\/\">EMC<\/a>\u00a0#<a href=\"https:\/\/www.prensa-latina.cu\/etiqueta\/guaviare\/\">guaviare<\/a>\u00a0#<a href=\"https:\/\/www.prensa-latina.cu\/etiqueta\/ofensiva\/\">ofensiva<\/a><\/li>\n<\/ul>\n","protected":false},"excerpt":{"rendered":"<p>Bogot\u00e1, 31 ago (Prensa Latina) Un operativo militar contra el autodenominado grupo armado Estado Mayor Central (EMC) dej\u00f3 un saldo de ocho integrantes de esa estructura muertos y tres capturados, seg\u00fan inform\u00f3 hoy el presidente Abelardo de la Espriella. La ofensiva del Ej\u00e9rcito tuvo lugar en el municipio Miraflores, en el departamento de Guaviare, en [&hellip;]<\/p>\n","protected":false},"author":2,"featured_media":694106,"comment_status":"open","ping_status":"closed","sticky":false,"template":"","format":"standard","meta":{"footnotes":""},"categories":[23],"tags":[310,570],"class_list":["post-694105","post","type-post","status-publish","format-standard","has-post-thumbnail","hentry","category-internacional","tag-colombia","tag-ejercito"],"_links":{"self":[{"href":"https:\/\/diariodominicano.com\/index.php?rest_route=\/wp\/v2\/posts\/694105","targetHints":{"allow":["GET"]}}],"collection":[{"href":"https:\/\/diariodominicano.com\/index.php?rest_route=\/wp\/v2\/posts"}],"about":[{"href":"https:\/\/diariodominicano.com\/index.php?rest_route=\/wp\/v2\/types\/post"}],"author":[{"embeddable":true,"href":"https:\/\/diariodominicano.com\/index.php?rest_route=\/wp\/v2\/users\/2"}],"replies":[{"embeddable":true,"href":"https:\/\/diariodominicano.com\/index.php?rest_route=%2Fwp%2Fv2%2Fcomments&post=694105"}],"version-history":[{"count":1,"href":"https:\/\/diariodominicano.com\/index.php?rest_route=\/wp\/v2\/posts\/694105\/revisions"}],"predecessor-version":[{"id":694107,"href":"https:\/\/diariodominicano.com\/index.php?rest_route=\/wp\/v2\/posts\/694105\/revisions\/694107"}],"wp:featuredmedia":[{"embeddable":true,"href":"https:\/\/diariodominicano.com\/index.php?rest_route=\/wp\/v2\/media\/694106"}],"wp:attachment":[{"href":"https:\/\/diariodominicano.com\/index.php?rest_route=%2Fwp%2Fv2%2Fmedia&parent=694105"}],"wp:term":[{"taxonomy":"category","embeddable":true,"href":"https:\/\/diariodominicano.com\/index.php?rest_route=%2Fwp%2Fv2%2Fcategories&post=694105"},{"taxonomy":"post_tag","embeddable":true,"href":"https:\/\/diariodominicano.com\/index.php?rest_route=%2Fwp%2Fv2%2Ftags&post=694105"}],"curies":[{"name":"wp","href":"https:\/\/api.w.org\/{rel}","templated":true}]}}