{"id":694102,"date":"2026-09-01T01:14:07","date_gmt":"2026-09-01T05:14:07","guid":{"rendered":"https:\/\/diariodominicano.com\/?p=694102"},"modified":"2026-09-01T01:14:15","modified_gmt":"2026-09-01T05:14:15","slug":"lider-de-oposicion-en-colombia-pide-al-progresismo-cerrar-filas","status":"publish","type":"post","link":"https:\/\/diariodominicano.com\/?p=694102","title":{"rendered":"L\u00edder de oposici\u00f3n en Colombia pide al progresismo cerrar filas"},"content":{"rendered":"\n<p class=\"wp-block-paragraph\">Bogot\u00e1, 1 sep (Prensa Latina) El l\u00edder de la oposici\u00f3n en el Senado de Colombia, Iv\u00e1n Cepeda, afirm\u00f3 que el progresismo es hoy la \u00fanica fuerza con capacidad para derrotar el proyecto del actual gobierno, al cual calific\u00f3 de \u201cfascista, autoritario y mezquino\u201d.<\/p>\n\n\n\n<ul class=\"wp-block-list\">\n<li><a href=\"https:\/\/www.prensa-latina.cu\/2026\/09\/01\/\"><time>septiembre 1, 2026 | 00:33<\/time><\/a><\/li>\n<\/ul>\n\n\n\n<ul class=\"wp-block-list\">\n<li><a href=\"https:\/\/www.prensa-latina.cu\/2026\/09\/01\/lider-de-oposicion-en-colombia-pide-al-progresismo-cerrar-filas\/#\"><\/a><\/li>\n\n\n\n<li><a href=\"https:\/\/www.prensa-latina.cu\/2026\/09\/01\/lider-de-oposicion-en-colombia-pide-al-progresismo-cerrar-filas\/#\"><\/a><\/li>\n\n\n\n<li><a href=\"https:\/\/www.prensa-latina.cu\/2026\/09\/01\/lider-de-oposicion-en-colombia-pide-al-progresismo-cerrar-filas\/#\"><\/a><\/li>\n\n\n\n<li><a href=\"https:\/\/www.prensa-latina.cu\/2026\/09\/01\/lider-de-oposicion-en-colombia-pide-al-progresismo-cerrar-filas\/#\"><\/a><\/li>\n<\/ul>\n\n\n\n<p class=\"wp-block-paragraph\">En un mensaje divulgado en su cuenta de la red social X, el excandidato presidencial refiri\u00f3 que le llama la atenci\u00f3n \u201cel esfuerzo concertado de los centros de opini\u00f3n y propaganda medi\u00e1tica por convencer al espectro progresista de que est\u00e1 dividido, debilitado y pr\u00e1cticamente liquidado\u201d.<\/p>\n\n\n\n<p class=\"wp-block-paragraph\">Se\u00f1al\u00f3 asimismo que, de manera paralela, existen intentos por convencer a la ciudadan\u00eda de que, en menos de un mes, se est\u00e1 ante un conjunto de \u201cmilagros\u201d por parte del nuevo gobierno.<\/p>\n\n\n\n<p class=\"wp-block-paragraph\">En este punto remarc\u00f3 que tales pretensiones no se corresponden con la realidad.<\/p>\n\n\n\n<p class=\"wp-block-paragraph\">\u201cEl gobierno de [Abelardo] De La Espriella ha puesto en marcha pol\u00edticas irresponsables, que tendr\u00e1n un efecto muy negativo para la sociedad colombiana. Su \u00fanico objetivo es lograr el beneficio y enriquecimiento de un estrecho c\u00edrculo de clanes pol\u00edticos y socios\u201d, alert\u00f3.<\/p>\n\n\n\n<p class=\"wp-block-paragraph\">Denunci\u00f3 igualmente que otros de los objetivos de la actual administraci\u00f3n buscan \u201cendeudar el pa\u00eds a niveles no vistos, anular nuestra soberan\u00eda y postrarnos ante Estados Unidos e Israel; extraer petr\u00f3leo sin importar la destrucci\u00f3n natural, y acabar con los derechos sociales de la poblaci\u00f3n\u201d.<\/p>\n\n\n\n<p class=\"wp-block-paragraph\">Concluy\u00f3 el congresista que la \u201cpatria milagro\u201d, en alusi\u00f3n al nombre del programa de gobierno del actual mandatario, es en realidad la \u201cpatria calamidad\u201d.<\/p>\n\n\n\n<p class=\"wp-block-paragraph\">Cepeda consider\u00f3 que, a pesar de las persecuciones, \u201cde toda la propaganda sucia practicada con granjas de bots en redes sociales, de nuestros propios errores y contradicciones, somos la \u00fanica fuerza que tiene la capacidad de derrotar este proyecto fascista, autoritario y mezquino\u201d.<\/p>\n\n\n\n<p class=\"wp-block-paragraph\">La mayor preocupaci\u00f3n del progresismo, enfatiz\u00f3, debe centrarse en el pueblo colombiano, en tanto pidi\u00f3 evitar que las ambiciones personales se conviertan en un desv\u00edo de la ruta esencial de la transformaci\u00f3n social desarrollada en los \u00faltimos cuatro a\u00f1os.<\/p>\n\n\n\n<p class=\"wp-block-paragraph\">\u201cSomos un movimiento pol\u00edtico y social que tiene profundas ra\u00edces en la historia de nuestro pa\u00eds. Somos la principal corriente pol\u00edtica; una corriente multitudinaria, que tiene la fuerza, la autoridad moral y el liderazgo intelectual, necesarios para conducir al pueblo colombiano por el camino de la transformaci\u00f3n social\u201d, expuso.<\/p>\n\n\n\n<p class=\"wp-block-paragraph\">Plante\u00f3 que la mejor confirmaci\u00f3n de su argumento es la campa\u00f1a fren\u00e9tica que ejecutan los adversarios.<\/p>\n\n\n\n<p class=\"wp-block-paragraph\">\u201cCuando en pol\u00edtica algo es irrelevante y caduco, no se dedican esfuerzos ingentes para controvertirlo. Y nuestros contradictores y sus aparatos de desinformaci\u00f3n no pueden ocultar que detr\u00e1s de sus mensajes obsesivos est\u00e1 la enorme intranquilidad por nuestra fuerza. No lo duden\u201d, concluy\u00f3.<\/p>\n\n\n\n<p class=\"wp-block-paragraph\">lam\/ifs<\/p>\n\n\n\n<ul class=\"wp-block-list\">\n<li>#<a href=\"https:\/\/www.prensa-latina.cu\/etiqueta\/cepeda\/\">cepeda<\/a>\u00a0#<a href=\"https:\/\/www.prensa-latina.cu\/etiqueta\/colombia\/\">colombia<\/a>\u00a0#<a href=\"https:\/\/www.prensa-latina.cu\/etiqueta\/gobierno\/\">gobierno<\/a>\u00a0#<a href=\"https:\/\/www.prensa-latina.cu\/etiqueta\/progresismo\/\">progresismo<\/a><\/li>\n<\/ul>\n","protected":false},"excerpt":{"rendered":"<p>Bogot\u00e1, 1 sep (Prensa Latina) El l\u00edder de la oposici\u00f3n en el Senado de Colombia, Iv\u00e1n Cepeda, afirm\u00f3 que el progresismo es hoy la \u00fanica fuerza con capacidad para derrotar el proyecto del actual gobierno, al cual calific\u00f3 de \u201cfascista, autoritario y mezquino\u201d. En un mensaje divulgado en su cuenta de la red social X, [&hellip;]<\/p>\n","protected":false},"author":2,"featured_media":694103,"comment_status":"open","ping_status":"closed","sticky":false,"template":"","format":"standard","meta":{"footnotes":""},"categories":[23,22],"tags":[310,5111],"class_list":["post-694102","post","type-post","status-publish","format-standard","has-post-thumbnail","hentry","category-internacional","category-politica","tag-colombia","tag-ivan-cepeda"],"_links":{"self":[{"href":"https:\/\/diariodominicano.com\/index.php?rest_route=\/wp\/v2\/posts\/694102","targetHints":{"allow":["GET"]}}],"collection":[{"href":"https:\/\/diariodominicano.com\/index.php?rest_route=\/wp\/v2\/posts"}],"about":[{"href":"https:\/\/diariodominicano.com\/index.php?rest_route=\/wp\/v2\/types\/post"}],"author":[{"embeddable":true,"href":"https:\/\/diariodominicano.com\/index.php?rest_route=\/wp\/v2\/users\/2"}],"replies":[{"embeddable":true,"href":"https:\/\/diariodominicano.com\/index.php?rest_route=%2Fwp%2Fv2%2Fcomments&post=694102"}],"version-history":[{"count":1,"href":"https:\/\/diariodominicano.com\/index.php?rest_route=\/wp\/v2\/posts\/694102\/revisions"}],"predecessor-version":[{"id":694104,"href":"https:\/\/diariodominicano.com\/index.php?rest_route=\/wp\/v2\/posts\/694102\/revisions\/694104"}],"wp:featuredmedia":[{"embeddable":true,"href":"https:\/\/diariodominicano.com\/index.php?rest_route=\/wp\/v2\/media\/694103"}],"wp:attachment":[{"href":"https:\/\/diariodominicano.com\/index.php?rest_route=%2Fwp%2Fv2%2Fmedia&parent=694102"}],"wp:term":[{"taxonomy":"category","embeddable":true,"href":"https:\/\/diariodominicano.com\/index.php?rest_route=%2Fwp%2Fv2%2Fcategories&post=694102"},{"taxonomy":"post_tag","embeddable":true,"href":"https:\/\/diariodominicano.com\/index.php?rest_route=%2Fwp%2Fv2%2Ftags&post=694102"}],"curies":[{"name":"wp","href":"https:\/\/api.w.org\/{rel}","templated":true}]}}