{"id":694097,"date":"2026-09-01T00:59:06","date_gmt":"2026-09-01T04:59:06","guid":{"rendered":"https:\/\/diariodominicano.com\/?p=694097"},"modified":"2026-09-01T00:59:16","modified_gmt":"2026-09-01T04:59:16","slug":"fallece-el-doctor-freddy-a-reyes-fundador-de-asociacion-la-nacional","status":"publish","type":"post","link":"https:\/\/diariodominicano.com\/?p=694097","title":{"rendered":"Fallece el doctor Freddy A. Reyes, fundador de Asociaci\u00f3n La Nacional"},"content":{"rendered":"\n<p class=\"wp-block-paragraph\"><em>Su liderazgo se convirti\u00f3 en un importante instrumento para promover el acceso a la vivienda, el ahorro y las oportunidades para miles de familias dominicanas.<\/em><\/p>\n\n\n\n<p class=\"wp-block-paragraph\">Rafael Reyes Bison\u00f3<\/p>\n\n\n\n<p class=\"wp-block-paragraph\"><strong>Santo Domingo, 31 de agosto de 2026.\u00a0<\/strong>El fundador y presidente del Consejo de Consultores y Asesores de Asociaci\u00f3n La Nacional, Dr. Freddy A. Reyes P\u00e9rez falleci\u00f3 el domingo 30 de agosto dejando una trayectoria marcada por el servicio, la visi\u00f3n y un profundo compromiso con el desarrollo de las personas y del pa\u00eds.\u00a0<\/p>\n\n\n\n<p class=\"wp-block-paragraph\">Naci\u00f3 el 14 de junio de 1936, en San Pedro de Macor\u00eds, hijo de Mercedes P\u00e9rez Leyba y Francisco Reyes Mart\u00ednez. Curs\u00f3 sus estudios en el Liceo Jos\u00e9 Joaqu\u00edn P\u00e9rez, de su ciudad natal, y en 1959 obtuvo el t\u00edtulo de Doctor en Derecho en la Universidad Aut\u00f3noma de Santo Domingo (UASD).&nbsp;<\/p>\n\n\n\n<p class=\"wp-block-paragraph\">Aunque ejerci\u00f3 el Derecho durante sus primeros a\u00f1os profesionales, su esp\u00edritu inquieto y su vocaci\u00f3n de servicio lo llevaron desde muy joven por diversos caminos. Se incorpor\u00f3 a la carrera diplom\u00e1tica y desarroll\u00f3 funciones en Am\u00e9rica del Sur y posteriormente en Jap\u00f3n, donde residi\u00f3 durante tres a\u00f1os. Durante su permanencia en ese pa\u00eds recibi\u00f3 una condecoraci\u00f3n del Emperador de Jap\u00f3n y, en 1964, tuvo la distinci\u00f3n de representar a la Rep\u00fablica Dominicana como atach\u00e9 en los Juegos Ol\u00edmpicos de Tokio, mientras se desempe\u00f1aba como secretario de la Embajada dominicana en Jap\u00f3n.&nbsp;<\/p>\n\n\n\n<p class=\"wp-block-paragraph\"><strong>Un visionario del sistema de ahorros y pr\u00e9stamos<\/strong><\/p>\n\n\n\n<p class=\"wp-block-paragraph\">En 1972 fund\u00f3 la Asociaci\u00f3n La Nacional de Ahorros y Pr\u00e9stamos, instituci\u00f3n financiera que bajo su liderazgo se convirti\u00f3 en un importante instrumento para promover el acceso a la vivienda, el ahorro y las oportunidades para miles de familias dominicanas. Su visi\u00f3n trascendi\u00f3 la actividad financiera: entend\u00eda que una instituci\u00f3n deb\u00eda contribuir al bienestar de las personas y al progreso de la sociedad.&nbsp;<\/p>\n\n\n\n<p class=\"wp-block-paragraph\">Desde La Nacional impuls\u00f3 y apoy\u00f3 numerosas iniciativas en favor de la educaci\u00f3n, la salud, el deporte y el medio ambiente, convencido de que el desarrollo deb\u00eda ser integral y generar oportunidades para las personas y sus comunidades.&nbsp;<\/p>\n\n\n\n<p class=\"wp-block-paragraph\">Presidi\u00f3 la Junta de Directores de la Asociaci\u00f3n La Nacional hasta abril de 2021. En esa fecha, la Asamblea General Ordinaria Anual lo design\u00f3 presidente del Consejo de Consultores y Asesores, posici\u00f3n que desempe\u00f1\u00f3 hasta su fallecimiento.&nbsp;<\/p>\n\n\n\n<p class=\"wp-block-paragraph\">Su liderazgo tambi\u00e9n se proyect\u00f3 al \u00e1mbito gremial y regional. Presidi\u00f3 la Liga Dominicana de Asociaciones de Ahorros y Pr\u00e9stamos (LIDAAPI), organismo representativo de las asociaciones de ahorros y pr\u00e9stamos del pa\u00eds.&nbsp;<\/p>\n\n\n\n<p class=\"wp-block-paragraph\">A nivel internacional, presidi\u00f3 y fue miembro del Comit\u00e9 Ejecutivo de la Uni\u00f3n Interamericana para la Vivienda; dirigi\u00f3 las Conferencias Interamericanas para la Vivienda celebradas en R\u00edo de Janeiro y M\u00e9xico en 1991, as\u00ed como el II Foro para la Vivienda, realizado en Bolivia ese mismo a\u00f1o. Fue adem\u00e1s presidente y miembro del Comit\u00e9 Ejecutivo de la Caribbean Association of Housing Finance Institutions (CASHFI) y de la International Union of Housing Finance (IUHF).&nbsp;<\/p>\n\n\n\n<p class=\"wp-block-paragraph\">Durante su ejercicio profesional presidi\u00f3 tambi\u00e9n el Instituto Jur\u00eddico Interamericano Internacional para la Vivienda y el Instituto Jur\u00eddico de las Cajas de Ahorros Latinoamericanas.&nbsp;<\/p>\n\n\n\n<p class=\"wp-block-paragraph\"><strong>Diplom\u00e1tico, educador y comunicador<\/strong><\/p>\n\n\n\n<p class=\"wp-block-paragraph\">En el \u00e1mbito diplom\u00e1tico, fue c\u00f3nsul honorario de Trinidad y Tobago en la Rep\u00fablica Dominicana desde 1991. Tambi\u00e9n ocup\u00f3 distintas posiciones en la Junta Directiva del Cuerpo Consular Acreditado en Rep\u00fablica Dominicana, incluyendo las de decano, vicedecano, secretario y tesorero.&nbsp;<\/p>\n\n\n\n<p class=\"wp-block-paragraph\">Su vocaci\u00f3n de servicio estuvo acompa\u00f1ada siempre de una profunda pasi\u00f3n por el conocimiento y la formaci\u00f3n. Particip\u00f3 en la organizaci\u00f3n de la Universidad Nacional Pedro Henr\u00edquez Ure\u00f1a (UNPHU), de la cual fue profesor fundador, decano y representante en los \u00e1mbitos nacional e internacional. En reconocimiento a su trayectoria y aportes, en 2025 la UNPHU le confiri\u00f3 el t\u00edtulo de Doctor Honoris Causa.&nbsp;<\/p>\n\n\n\n<p class=\"wp-block-paragraph\">Antes de dedicar plenamente sus esfuerzos a la fundaci\u00f3n y desarrollo de La Nacional, tambi\u00e9n encontr\u00f3 en la comunicaci\u00f3n una importante v\u00eda de expresi\u00f3n. Durante la d\u00e9cada de 1960 y hasta 1972 desarroll\u00f3 una activa carrera en los medios de comunicaci\u00f3n. Durante 14 a\u00f1os condujo el programa \u201cEncuentro\u201d, junto a Elis P\u00e9rez, a trav\u00e9s del canal 7 de Rahintel.&nbsp;<\/p>\n\n\n\n<p class=\"wp-block-paragraph\">Es autor de las obras Detr\u00e1s del Biombo, Las Ep\u00edstolas, La Alegr\u00eda de Vivir, El Paseo, Reina Peregrina, La Alegr\u00eda de Vivir, diez a\u00f1os despu\u00e9s y Del Bachiller que construy\u00f3 un aeroplano en el patio de su casa.&nbsp;<\/p>\n\n\n\n<p class=\"wp-block-paragraph\">M\u00e1s all\u00e1 de sus cargos y responsabilidades, quienes conocieron al Dr. Freddy Reyes encontraron en \u00e9l a un hombre de extraordinaria curiosidad intelectual, lector incansable y apasionado por aprender, compartir conocimientos y explorar nuevas ideas.&nbsp;<\/p>\n\n\n\n<p class=\"wp-block-paragraph\">Le sobreviven su esposa, Mar\u00eda Marcelle Mart\u00ednez de Reyes; sus hijos, Francisco Xavier, Carlos Federico y Lidia, Michele y Erwin, M\u00f3nica y Gustavo; y nueve nietos.<\/p>\n\n\n\n<p class=\"wp-block-paragraph\"> Rafael Reyes Bison\u00f3<\/p>\n\n\n\n<p class=\"wp-block-paragraph\"><a target=\"_blank\" href=\"mailto:rafaelreyesbisono@hotmail.com\" rel=\"noreferrer noopener\">rafaelreyesbisono@hotmail.com<\/a><\/p>\n","protected":false},"excerpt":{"rendered":"<p>Su liderazgo se convirti\u00f3 en un importante instrumento para promover el acceso a la vivienda, el ahorro y las oportunidades para miles de familias dominicanas. Rafael Reyes Bison\u00f3 Santo Domingo, 31 de agosto de 2026.\u00a0El fundador y presidente del Consejo de Consultores y Asesores de Asociaci\u00f3n La Nacional, Dr. Freddy A. Reyes P\u00e9rez falleci\u00f3 el [&hellip;]<\/p>\n","protected":false},"author":2,"featured_media":0,"comment_status":"open","ping_status":"closed","sticky":false,"template":"","format":"standard","meta":{"footnotes":""},"categories":[20,26,27],"tags":[8153,2360],"class_list":["post-694097","post","type-post","status-publish","format-standard","hentry","category-dominicana-hoy","category-efemerides","category-portada","tag-doctorfreddy-a-reyes","tag-la-nacional"],"_links":{"self":[{"href":"https:\/\/diariodominicano.com\/index.php?rest_route=\/wp\/v2\/posts\/694097","targetHints":{"allow":["GET"]}}],"collection":[{"href":"https:\/\/diariodominicano.com\/index.php?rest_route=\/wp\/v2\/posts"}],"about":[{"href":"https:\/\/diariodominicano.com\/index.php?rest_route=\/wp\/v2\/types\/post"}],"author":[{"embeddable":true,"href":"https:\/\/diariodominicano.com\/index.php?rest_route=\/wp\/v2\/users\/2"}],"replies":[{"embeddable":true,"href":"https:\/\/diariodominicano.com\/index.php?rest_route=%2Fwp%2Fv2%2Fcomments&post=694097"}],"version-history":[{"count":1,"href":"https:\/\/diariodominicano.com\/index.php?rest_route=\/wp\/v2\/posts\/694097\/revisions"}],"predecessor-version":[{"id":694098,"href":"https:\/\/diariodominicano.com\/index.php?rest_route=\/wp\/v2\/posts\/694097\/revisions\/694098"}],"wp:attachment":[{"href":"https:\/\/diariodominicano.com\/index.php?rest_route=%2Fwp%2Fv2%2Fmedia&parent=694097"}],"wp:term":[{"taxonomy":"category","embeddable":true,"href":"https:\/\/diariodominicano.com\/index.php?rest_route=%2Fwp%2Fv2%2Fcategories&post=694097"},{"taxonomy":"post_tag","embeddable":true,"href":"https:\/\/diariodominicano.com\/index.php?rest_route=%2Fwp%2Fv2%2Ftags&post=694097"}],"curies":[{"name":"wp","href":"https:\/\/api.w.org\/{rel}","templated":true}]}}