{"id":694087,"date":"2026-08-31T20:17:55","date_gmt":"2026-09-01T00:17:55","guid":{"rendered":"https:\/\/diariodominicano.com\/?p=694087"},"modified":"2026-08-31T20:17:58","modified_gmt":"2026-09-01T00:17:58","slug":"prision-preventiva-para-hombre-imputado-de-agresion-sexual-contra-cuatro-menores-de-edad-en-barahona","status":"publish","type":"post","link":"https:\/\/diariodominicano.com\/?p=694087","title":{"rendered":"Prisi\u00f3n preventiva para hombre imputado de agresi\u00f3n sexual contra cuatro menores de edad en Barahona \u00a0"},"content":{"rendered":"\n<p class=\"wp-block-paragraph\"><strong><em><u>El Ministerio P\u00fablico recibi\u00f3 la denuncia del caso de manera an\u00f3nima a trav\u00e9s de la L\u00ednea Vida&nbsp;<a href=\"tel:(809)%20200-1202\" target=\"_blank\" rel=\"noreferrer noopener\">809-200-1202<\/a><\/u><\/em> &nbsp;<\/strong><\/p>\n\n\n\n<p class=\"wp-block-paragraph\"><strong>SANTO DOMINGO (Rep\u00fablica Dominicana).-&nbsp;Al acoger la solicitud del Ministerio P\u00fablico, una jueza impuso prisi\u00f3n preventiva, como medida de coerci\u00f3n, contra un hombre imputado de agredir sexualmente a cuatro menores de edad en la provincia de Barahona.<\/strong><\/p>\n\n\n\n<p class=\"wp-block-paragraph\"><strong>Contra Ram\u00f3n Conton (Mancebo) fue dictada prisi\u00f3n preventiva por espacio de tres meses por disposici\u00f3n de la Oficina Judicial de Servicios de Atenci\u00f3n Permanente del Distrito Judicial de Barahona.<\/strong><\/p>\n\n\n\n<p class=\"wp-block-paragraph\"><strong>En las investigaciones iniciales, la fiscal de Barahona, Vilmania P\u00e9rez, estableci\u00f3 que los hechos ocurrieron en varias ocasiones en la vivienda de las v\u00edctimas, tres ni\u00f1as y un ni\u00f1o, con edades de 12, 11, 8 y 6 a\u00f1os.<\/strong><\/p>\n\n\n\n<p class=\"wp-block-paragraph\"><strong>Seg\u00fan se estableci\u00f3 en el proceso, Conton aprovechaba momentos en que los ni\u00f1os se encontraban solos en su vivienda para tocarlos de manera indebida en diferentes partes del cuerpo.<\/strong><\/p>\n\n\n\n<p class=\"wp-block-paragraph\"><strong>El fiscal litigante Johedis Medina represent\u00f3 al Ministerio P\u00fablico en la audiencia en la que la jueza Mar\u00eda Consuelo Valenzuela impuso la medida de coerci\u00f3n solicitada por el \u00f3rgano persecutor y orden\u00f3 su cumplimiento en la c\u00e1rcel p\u00fablica de Barahona.<\/strong><\/p>\n\n\n\n<p class=\"wp-block-paragraph\"><strong>El Ministerio P\u00fablico inici\u00f3 las investigaciones del caso el pasado mes de mayo luego de recibir la denuncia de manera an\u00f3nima a trav\u00e9s de la L\u00ednea Vida&nbsp;<a href=\"tel:(809)%20200-1202\" target=\"_blank\" rel=\"noreferrer noopener\">809-200-1202<\/a>.<\/strong><\/p>\n\n\n\n<p class=\"wp-block-paragraph\"><strong>En el transcurso de las investigaciones, Conton fue arrestado al ejecutarse en su contra la orden judicial No. 2026-0262899 el pasado 7 de agosto.<\/strong><\/p>\n\n\n\n<p class=\"wp-block-paragraph\"><strong>Posteriormente, el Ministerio P\u00fablico procedi\u00f3 con su sometimiento a la justicia por su vinculaci\u00f3n con los hechos que constituyen una violaci\u00f3n a varios art\u00edculos del antiguo C\u00f3digo Penal y el art\u00edculo 396, letra C, del C\u00f3digo para la Protecci\u00f3n y los Derechos Fundamentales de los Ni\u00f1os, Ni\u00f1as y Adolescentes (Ley 136-03).<\/strong><\/p>\n\n\n\n<p class=\"wp-block-paragraph\"><strong>Direcci\u00f3n General de Comunicaci\u00f3n, Prensa y RRPP<\/strong><\/p>\n\n\n\n<p class=\"wp-block-paragraph\"><strong>Ministerio P\u00fablico RD<\/strong><\/p>\n\n\n\n<p class=\"wp-block-paragraph\">&nbsp;Comunicaciones PGR <a href=\"mailto:comunicaciones@pgr.gob.do\">comunicaciones@pgr.gob.do<\/a><\/p>\n","protected":false},"excerpt":{"rendered":"<p>El Ministerio P\u00fablico recibi\u00f3 la denuncia del caso de manera an\u00f3nima a trav\u00e9s de la L\u00ednea Vida&nbsp;809-200-1202 &nbsp; SANTO DOMINGO (Rep\u00fablica Dominicana).-&nbsp;Al acoger la solicitud del Ministerio P\u00fablico, una jueza impuso prisi\u00f3n preventiva, como medida de coerci\u00f3n, contra un hombre imputado de agredir sexualmente a cuatro menores de edad en la provincia de Barahona. Contra [&hellip;]<\/p>\n","protected":false},"author":7,"featured_media":681763,"comment_status":"closed","ping_status":"closed","sticky":false,"template":"","format":"standard","meta":{"footnotes":""},"categories":[24],"tags":[162,171],"class_list":["post-694087","post","type-post","status-publish","format-standard","has-post-thumbnail","hentry","category-justicia-y-derecho","tag-barahona","tag-ministerio-publico"],"_links":{"self":[{"href":"https:\/\/diariodominicano.com\/index.php?rest_route=\/wp\/v2\/posts\/694087","targetHints":{"allow":["GET"]}}],"collection":[{"href":"https:\/\/diariodominicano.com\/index.php?rest_route=\/wp\/v2\/posts"}],"about":[{"href":"https:\/\/diariodominicano.com\/index.php?rest_route=\/wp\/v2\/types\/post"}],"author":[{"embeddable":true,"href":"https:\/\/diariodominicano.com\/index.php?rest_route=\/wp\/v2\/users\/7"}],"replies":[{"embeddable":true,"href":"https:\/\/diariodominicano.com\/index.php?rest_route=%2Fwp%2Fv2%2Fcomments&post=694087"}],"version-history":[{"count":1,"href":"https:\/\/diariodominicano.com\/index.php?rest_route=\/wp\/v2\/posts\/694087\/revisions"}],"predecessor-version":[{"id":694093,"href":"https:\/\/diariodominicano.com\/index.php?rest_route=\/wp\/v2\/posts\/694087\/revisions\/694093"}],"wp:featuredmedia":[{"embeddable":true,"href":"https:\/\/diariodominicano.com\/index.php?rest_route=\/wp\/v2\/media\/681763"}],"wp:attachment":[{"href":"https:\/\/diariodominicano.com\/index.php?rest_route=%2Fwp%2Fv2%2Fmedia&parent=694087"}],"wp:term":[{"taxonomy":"category","embeddable":true,"href":"https:\/\/diariodominicano.com\/index.php?rest_route=%2Fwp%2Fv2%2Fcategories&post=694087"},{"taxonomy":"post_tag","embeddable":true,"href":"https:\/\/diariodominicano.com\/index.php?rest_route=%2Fwp%2Fv2%2Ftags&post=694087"}],"curies":[{"name":"wp","href":"https:\/\/api.w.org\/{rel}","templated":true}]}}