{"id":694061,"date":"2026-08-31T15:17:49","date_gmt":"2026-08-31T19:17:49","guid":{"rendered":"https:\/\/diariodominicano.com\/?p=694061"},"modified":"2026-08-31T15:17:58","modified_gmt":"2026-08-31T19:17:58","slug":"condena-de-15-anos-para-hombre-que-violo-y-embarazo-adolescente-en-elias-pina","status":"publish","type":"post","link":"https:\/\/diariodominicano.com\/?p=694061","title":{"rendered":"Condena de 15 a\u00f1os para hombre que viol\u00f3 y embaraz\u00f3 adolescente en El\u00edas Pi\u00f1a"},"content":{"rendered":"\n<p class=\"wp-block-paragraph\">diariodominicano.com<\/p>\n\n\n\n<p class=\"wp-block-paragraph\">Santo Domingo, R. D., 31 de agosto, 2026.-  En respuesta a una solicitud del Ministerio P\u00fablico, un tribunal conden\u00f3 a 15 a\u00f1os de prisi\u00f3n a un hombre que viol\u00f3 sexualmente y embaraz\u00f3 a una adolescente de 15 a\u00f1os de edad, en un hecho ocurrido en el a\u00f1o 2024 en El\u00edas Pi\u00f1a.<\/p>\n\n\n\n<p class=\"wp-block-paragraph\">La pena le fue dictada en contra a Brodre F\u00e9liz. La investigaci\u00f3n del Ministerio P\u00fablico establec\u00f3 que los hechos se produjeron el 29 de octubre del 2024, cuando la madre dej\u00f3 a la menor bajo el cuidado de Brode F\u00e9liz debido a que tuvo que trasladarse hacia otra comunidad por la muerte de un familiar.<\/p>\n\n\n\n<p class=\"wp-block-paragraph\">Tras cometer el hecho, Brodre F\u00e9liz amenaz\u00f3 a la adolescente con asesinarla si revelaba lo sucedido, lo que llev\u00f3 a la v\u00edctima a guardar silencio.<\/p>\n\n\n\n<p class=\"wp-block-paragraph\">El Ministerio P\u00fablico fue apoderado por la madre, mediante denuncia, luego de que la escuela notificara que la adolescente hab\u00eda dejado de asistir a clases y tras ser evaluada por el departamento de psicolog\u00eda de la instituci\u00f3n, esta revel\u00f3 lo sucedido.<\/p>\n\n\n\n<p class=\"wp-block-paragraph\">La v\u00edctima fue sometida a evaluaciones m\u00e9dicas que determinaron su estado de embarazo y su testimonio fue corroborado por especialistas en la C\u00e1mara Gesell.<\/p>\n\n\n\n<p class=\"wp-block-paragraph\">Ante los hechos cometidos por el agresor, el Ministerio P\u00fablico, representado por la fiscal Angelina Valdez Cabrera y los aspirantes Alfonso Gonz\u00e1lez y Miriam Pimentel, demostr\u00f3 en audiencia que estas acciones constituyen una falta a los art\u00edculos 330 y 33&nbsp; del C\u00f3digo Penal Dominicano y al art\u00edculo 396, letra c, de la Ley 136-03, sobre el C\u00f3digo para el Sistema de Protecci\u00f3n y los Derechos Fundamentales de Ni\u00f1os, Ni\u00f1as y Adolescentes,<\/p>\n\n\n\n<p class=\"wp-block-paragraph\">Por decisi\u00f3n del Tribunal Colegiado de&nbsp;<a href=\"https:\/\/www.google.com\/maps\/search\/El%C3%ADas+Pi%C3%B1a+SANTO+DOMINGO+(Rep%C3%BAblica+Dominicana?entry=gmail&amp;source=g\">El\u00edas Pi\u00f1a<\/a>, que integran los jueces Edward Augusto Geronimo S\u00e1nchez, Sauly Gonz\u00e1lez y Blaurys Luciano Ferreras, el procesado deber\u00e1 cumplir la sentencia en el Centro de Correcci\u00f3n y Rehabilitaci\u00f3n de esa demarcaci\u00f3n.<\/p>\n\n\n\n<p class=\"wp-block-paragraph\"><strong>Direcci\u00f3n General de Comunicaci\u00f3n, Prensa, y RRPP<\/strong><strong><\/strong><\/p>\n\n\n\n<p class=\"wp-block-paragraph\">Ministerio P\u00fablico.&nbsp;R.D.<\/p>\n\n\n\n<p class=\"wp-block-paragraph\">Lunes, 31 de agosto de 2026<\/p>\n","protected":false},"excerpt":{"rendered":"<p>diariodominicano.com Santo Domingo, R. D., 31 de agosto, 2026.- En respuesta a una solicitud del Ministerio P\u00fablico, un tribunal conden\u00f3 a 15 a\u00f1os de prisi\u00f3n a un hombre que viol\u00f3 sexualmente y embaraz\u00f3 a una adolescente de 15 a\u00f1os de edad, en un hecho ocurrido en el a\u00f1o 2024 en El\u00edas Pi\u00f1a. La pena le [&hellip;]<\/p>\n","protected":false},"author":5,"featured_media":694062,"comment_status":"closed","ping_status":"closed","sticky":false,"template":"","format":"standard","meta":{"footnotes":""},"categories":[24,27],"tags":[],"class_list":["post-694061","post","type-post","status-publish","format-standard","has-post-thumbnail","hentry","category-justicia-y-derecho","category-portada"],"_links":{"self":[{"href":"https:\/\/diariodominicano.com\/index.php?rest_route=\/wp\/v2\/posts\/694061","targetHints":{"allow":["GET"]}}],"collection":[{"href":"https:\/\/diariodominicano.com\/index.php?rest_route=\/wp\/v2\/posts"}],"about":[{"href":"https:\/\/diariodominicano.com\/index.php?rest_route=\/wp\/v2\/types\/post"}],"author":[{"embeddable":true,"href":"https:\/\/diariodominicano.com\/index.php?rest_route=\/wp\/v2\/users\/5"}],"replies":[{"embeddable":true,"href":"https:\/\/diariodominicano.com\/index.php?rest_route=%2Fwp%2Fv2%2Fcomments&post=694061"}],"version-history":[{"count":1,"href":"https:\/\/diariodominicano.com\/index.php?rest_route=\/wp\/v2\/posts\/694061\/revisions"}],"predecessor-version":[{"id":694067,"href":"https:\/\/diariodominicano.com\/index.php?rest_route=\/wp\/v2\/posts\/694061\/revisions\/694067"}],"wp:featuredmedia":[{"embeddable":true,"href":"https:\/\/diariodominicano.com\/index.php?rest_route=\/wp\/v2\/media\/694062"}],"wp:attachment":[{"href":"https:\/\/diariodominicano.com\/index.php?rest_route=%2Fwp%2Fv2%2Fmedia&parent=694061"}],"wp:term":[{"taxonomy":"category","embeddable":true,"href":"https:\/\/diariodominicano.com\/index.php?rest_route=%2Fwp%2Fv2%2Fcategories&post=694061"},{"taxonomy":"post_tag","embeddable":true,"href":"https:\/\/diariodominicano.com\/index.php?rest_route=%2Fwp%2Fv2%2Ftags&post=694061"}],"curies":[{"name":"wp","href":"https:\/\/api.w.org\/{rel}","templated":true}]}}