{"id":694053,"date":"2026-08-31T19:50:27","date_gmt":"2026-08-31T23:50:27","guid":{"rendered":"https:\/\/diariodominicano.com\/?p=694053"},"modified":"2026-08-31T19:50:31","modified_gmt":"2026-08-31T23:50:31","slug":"pnud-invita-a-la-ciudadania-a-sumar-su-voz-al-estudio-voces-del-desarrollo-humano-2026","status":"publish","type":"post","link":"https:\/\/diariodominicano.com\/?p=694053","title":{"rendered":"PNUD invita a la ciudadan\u00eda a sumar su voz al estudio Voces del Desarrollo Humano 2026"},"content":{"rendered":"\n<p class=\"wp-block-paragraph\"><strong>Santo Domingo, Rep\u00fablica Dominicana.&nbsp;\u2013 El Programa de las Naciones Unidas para el Desarrollo (PNUD) invita a la ciudadan\u00eda a participar en un sondeo nacional que permitir\u00e1 conocer c\u00f3mo las personas perciben los cambios que ha experimentado la Rep\u00fablica Dominicana, c\u00f3mo valoran la realidad actual y cu\u00e1les son sus principales aspiraciones y prioridades de cara al futuro.<\/strong><\/p>\n\n\n\n<p class=\"wp-block-paragraph\"><strong>La consulta forma parte del proceso de elaboraci\u00f3n de&nbsp;Voces del Desarrollo Humano 2026, un estudio nacional que busca colocar las experiencias y perspectivas de las personas en el centro del an\u00e1lisis sobre el desarrollo del pa\u00eds, reconociendo que detr\u00e1s de los avances, desaf\u00edos y transformaciones de la Rep\u00fablica Dominicana se encuentran las historias y realidades de quienes la construyen cada d\u00eda.<\/strong><\/p>\n\n\n\n<p class=\"wp-block-paragraph\"><strong>A trav\u00e9s del sondeo, el PNUD procura recoger informaci\u00f3n sobre las preocupaciones de la poblaci\u00f3n, los cambios que las personas consideran m\u00e1s relevantes, los desaf\u00edos que persisten y las oportunidades que identifican como esenciales para avanzar hacia una sociedad con mayor bienestar, inclusi\u00f3n y oportunidades para todas las personas.<\/strong><\/p>\n\n\n\n<p class=\"wp-block-paragraph\"><strong>Completar el cuestionario toma solo unos minutos. La informaci\u00f3n recopilada ser\u00e1 analizada de manera conjunta y utilizada exclusivamente para los fines del estudio, sin identificar personalmente a quienes participen.<\/strong><\/p>\n\n\n\n<p class=\"wp-block-paragraph\"><strong>Las personas interesadas pueden completar la encuesta en l\u00ednea:&nbsp;<a href=\"https:\/\/j7r9sjgbb.cc.rs6.net\/tn.jsp?f=001hAdeR1Q9Lu6xvoe3jRfWlTtpGxYSPuI6fVYo8BEQe8s3xYavPZ2S-BrG0oJwy9IySLitcVXqQ-kR4LIrrD_hqN8CfDegCTRZQqQLfGhLcdjwCzr5Xlq8hdd-KfJ90p50KT-tu_IPvVAkJ0b03gO7QCQ1LJqHP9UwbBCZroxTkWlWnlGZsPINHA==&amp;c=bpMpuQ1zFecOTiHIkr8SaKPz9_AnrgL8XKM59FjZj-1-IBguG9OKYw==&amp;ch=8LXLt3rHUIg_qhmBeFyAPKiCDdrBP9vEApN9T-2mA9SON6XBd_pTzg==\" target=\"_blank\" rel=\"noreferrer noopener\">https:\/\/ee-kobo.undp.org\/x\/a6IMzywz<\/a><\/strong><\/p>\n\n\n\n<p class=\"wp-block-paragraph\"><strong>&nbsp;Accede a la encuesta aqu\u00ed:&nbsp;<a href=\"https:\/\/j7r9sjgbb.cc.rs6.net\/tn.jsp?f=001hAdeR1Q9Lu6xvoe3jRfWlTtpGxYSPuI6fVYo8BEQe8s3xYavPZ2S-BrG0oJwy9IyDi7PXMJxQRyxuH2QvvB8yDqfo56_UArZRljk7WE25yi8g3m3TMX6f535YiXEoMu9yqEMG3-YzANic8WdQAZkkRJSp-Qo-eRB6oXj359k4z3d9TPvpNuBmhI0XdORsxQyYuOAm3Bpy9FiPXYeqL4unMtvYFDNgxQHgNp8dQJAR-kjGEV64k063nk08wuv0LomdjJGYCCkUapm260usGGaF-pK3aPLHd_9Ep-XMOjnRkzxHUsRdEwsiDkmjAEez3OOYrVvUPHKj6z4hYag1MyVsNFgmMuK40rmT4kdKl2g75Kdk23KIe6hVs1khpAkIoTJfxkkANt1aDqGNTh5G0hWI1UTq1Yh3XSOm91IdW1bD9eVs_FtrCWT70OJUvGy8aTMkQPxbmVcvKWPjwg9Jxwp29m2mJVXtqllKG6qYaVSXlQkVypEiwUTb5b1sBCmOFDZkqCinbvrRPogyncfllEcx96T7jiBdbuzAjsEldTo2Iy1wb6RBcN2T8a5nPm9nG5E6y2bho0auPiFe0KqIsBedFnz0KVH2fofcdYNWUUybaQQ3CCIKZjQpMepWAWde2RZWWwJC0vtNwdivDpSR3SptKGKlJU0gX4RkByJ4l_F5BOngWXSp-nfKf87gZEdklw0fOBam9Febf2mypI2RSNLWzluT0Lp2mzM-_zs9i4BJg1Hq36nE_lIn84Y2mW7MXFvnwF6lh2JNE5Yc3QSJwVrq9PLpSZ_OjEd&amp;c=bpMpuQ1zFecOTiHIkr8SaKPz9_AnrgL8XKM59FjZj-1-IBguG9OKYw==&amp;ch=8LXLt3rHUIg_qhmBeFyAPKiCDdrBP9vEApN9T-2mA9SON6XBd_pTzg==\" target=\"_blank\" rel=\"noreferrer noopener\">Estudio Nacional de Desarrollo Humano<\/a><\/strong><\/p>\n\n\n\n<p class=\"wp-block-paragraph\"><strong>La participaci\u00f3n de la ciudadan\u00eda ser\u00e1 fundamental para construir un estudio que refleje la diversidad de experiencias, preocupaciones y aspiraciones presentes en la Rep\u00fablica Dominicana y contribuya a generar conocimiento para impulsar decisiones y pol\u00edticas centradas en las personas.<\/strong><\/p>\n\n\n\n<p class=\"wp-block-paragraph\"><strong>PNUD Comunicaciones <a href=\"mailto:comunicaciones.do@undp.org\">comunicaciones.do@undp.org<\/a><\/strong><\/p>\n","protected":false},"excerpt":{"rendered":"<p>Santo Domingo, Rep\u00fablica Dominicana.&nbsp;\u2013 El Programa de las Naciones Unidas para el Desarrollo (PNUD) invita a la ciudadan\u00eda a participar en un sondeo nacional que permitir\u00e1 conocer c\u00f3mo las personas perciben los cambios que ha experimentado la Rep\u00fablica Dominicana, c\u00f3mo valoran la realidad actual y cu\u00e1les son sus principales aspiraciones y prioridades de cara al [&hellip;]<\/p>\n","protected":false},"author":7,"featured_media":694081,"comment_status":"closed","ping_status":"closed","sticky":false,"template":"","format":"standard","meta":{"footnotes":""},"categories":[36],"tags":[2244],"class_list":["post-694053","post","type-post","status-publish","format-standard","has-post-thumbnail","hentry","category-hombresmujeresycosas","tag-pnud"],"_links":{"self":[{"href":"https:\/\/diariodominicano.com\/index.php?rest_route=\/wp\/v2\/posts\/694053","targetHints":{"allow":["GET"]}}],"collection":[{"href":"https:\/\/diariodominicano.com\/index.php?rest_route=\/wp\/v2\/posts"}],"about":[{"href":"https:\/\/diariodominicano.com\/index.php?rest_route=\/wp\/v2\/types\/post"}],"author":[{"embeddable":true,"href":"https:\/\/diariodominicano.com\/index.php?rest_route=\/wp\/v2\/users\/7"}],"replies":[{"embeddable":true,"href":"https:\/\/diariodominicano.com\/index.php?rest_route=%2Fwp%2Fv2%2Fcomments&post=694053"}],"version-history":[{"count":1,"href":"https:\/\/diariodominicano.com\/index.php?rest_route=\/wp\/v2\/posts\/694053\/revisions"}],"predecessor-version":[{"id":694082,"href":"https:\/\/diariodominicano.com\/index.php?rest_route=\/wp\/v2\/posts\/694053\/revisions\/694082"}],"wp:featuredmedia":[{"embeddable":true,"href":"https:\/\/diariodominicano.com\/index.php?rest_route=\/wp\/v2\/media\/694081"}],"wp:attachment":[{"href":"https:\/\/diariodominicano.com\/index.php?rest_route=%2Fwp%2Fv2%2Fmedia&parent=694053"}],"wp:term":[{"taxonomy":"category","embeddable":true,"href":"https:\/\/diariodominicano.com\/index.php?rest_route=%2Fwp%2Fv2%2Fcategories&post=694053"},{"taxonomy":"post_tag","embeddable":true,"href":"https:\/\/diariodominicano.com\/index.php?rest_route=%2Fwp%2Fv2%2Ftags&post=694053"}],"curies":[{"name":"wp","href":"https:\/\/api.w.org\/{rel}","templated":true}]}}