{"id":694052,"date":"2026-08-31T20:04:45","date_gmt":"2026-09-01T00:04:45","guid":{"rendered":"https:\/\/diariodominicano.com\/?p=694052"},"modified":"2026-08-31T20:04:57","modified_gmt":"2026-09-01T00:04:57","slug":"pgt-vision-integral-centrada-en-presentar-talentos-y-lograr-transformar-vidas","status":"publish","type":"post","link":"https:\/\/diariodominicano.com\/?p=694052","title":{"rendered":"PGT visi\u00f3n integral centrada en presentar talentos y lograr transformar vidas"},"content":{"rendered":"\n<p class=\"wp-block-paragraph\"><strong>Por Mario Antonio Lara Valdez&nbsp;<\/strong><\/p>\n\n\n\n<p class=\"wp-block-paragraph\"><strong>Observar como testigo desde sus inicios esta evoluci\u00f3n de Peque\u00f1os Grandes Talentos es reconocer a aquel joven creativo dominicano de nombre Iv\u00e1n Ruiz que logr\u00f3 trasladar la experiencia, sensibilidad, responsabilidad, pero sobre todo esa capacidad como productor en ver cada detalle que va conectando con el p\u00fablico v\u00eda la televisi\u00f3n.&nbsp;<\/strong><\/p>\n\n\n\n<p class=\"wp-block-paragraph\"><strong>Cumpliendo nueve a\u00f1os entre ilusiones, sacrificios, incertidumbre, aplausos, l\u00e1grimas, abrazos, unificaci\u00f3n familiar, as\u00ed como crear conciencia ciudadana sobre diferentes necesidades que requieren nuestros ni\u00f1os y adolescentes en sus comunidades o simplemente en el entorno familiar, ya que este proyecto televisivo llega desde Neuronas Creativas, representando ese sector privado responsable que busca aportar valores familiares, \u00e9ticos y enderezar caminos a los ganadores y no ganadores.<\/strong><\/p>\n\n\n\n<figure class=\"wp-block-image size-large\"><img loading=\"lazy\" decoding=\"async\" width=\"1024\" height=\"1011\" src=\"https:\/\/diariodominicano.com\/wp-content\/uploads\/2026\/08\/PGT-vision-integral-centrada-presentar-talentos-y-lograr-transformar-vidas-1024x1011.webp\" alt=\"\" class=\"wp-image-694083\" srcset=\"https:\/\/diariodominicano.com\/wp-content\/uploads\/2026\/08\/PGT-vision-integral-centrada-presentar-talentos-y-lograr-transformar-vidas-1024x1011.webp 1024w, https:\/\/diariodominicano.com\/wp-content\/uploads\/2026\/08\/PGT-vision-integral-centrada-presentar-talentos-y-lograr-transformar-vidas-300x296.webp 300w, https:\/\/diariodominicano.com\/wp-content\/uploads\/2026\/08\/PGT-vision-integral-centrada-presentar-talentos-y-lograr-transformar-vidas-768x758.webp 768w, https:\/\/diariodominicano.com\/wp-content\/uploads\/2026\/08\/PGT-vision-integral-centrada-presentar-talentos-y-lograr-transformar-vidas-88x88.webp 88w, https:\/\/diariodominicano.com\/wp-content\/uploads\/2026\/08\/PGT-vision-integral-centrada-presentar-talentos-y-lograr-transformar-vidas-816x806.webp 816w, https:\/\/diariodominicano.com\/wp-content\/uploads\/2026\/08\/PGT-vision-integral-centrada-presentar-talentos-y-lograr-transformar-vidas.webp 1200w\" sizes=\"auto, (max-width: 1024px) 100vw, 1024px\" \/><\/figure>\n\n\n\n<p class=\"wp-block-paragraph\"><strong>Iv\u00e1n Ruiz es un creativo puro de visi\u00f3n adelantada, m\u00e1s por hecho que con palabras, con su estilo peculiar, car\u00e1cter fuerte, aunque podemos encontrar un coraz\u00f3n sensible, pero tambi\u00e9n cabalgando a todo galope por imponer una televisi\u00f3n estatal m\u00e1s horizontal, convirti\u00e9ndose en puente de esperanza para lograr bienestar y soluciones eficientes a los ciudadanos. Esto es propio de quien conoce ese alcance positivo de los medios de comunicaci\u00f3n.&nbsp;<\/strong><\/p>\n\n\n\n<p class=\"wp-block-paragraph\"><strong>Los padres de los ni\u00f1os y adolescentes deben garantizar esa responsabilidad de promover valores familiares para lograr que ese talento sea entrelazado en una formaci\u00f3n continua educativa, musical y cultural, dejando claro que este es uno de los objetivos principales de la producci\u00f3n de Peque\u00f1os Grandes Talentos.&nbsp;<\/strong><\/p>\n\n\n\n<p class=\"wp-block-paragraph\"><strong>Los televidentes a nivel nacional e internacional logran disfrutar este tipo de producciones donde cada funci\u00f3n laboral est\u00e1 determinada por la capacidad de entender que hacer equipo es lo fundamental, pero observar c\u00f3mo desde producci\u00f3n se comunica con el jefe de piso, fot\u00f3grafos, redes sociales, camar\u00f3grafos y, pero tambi\u00e9n podemos reconocer los talentos en su diversidad de responsabilidades.&nbsp;<\/strong><\/p>\n\n\n\n<p class=\"wp-block-paragraph\"><strong>Tengo que felicitar a Jahly Hern\u00e1ndez por ese desenvolvimiento, como lo hice en el estudio a su madre, pero ese mensaje de inclusi\u00f3n real es una demostraci\u00f3n de un equipo multidisciplinario del programa. Esto est\u00e1 plasmado en esa psic\u00f3loga cl\u00ednica que disfruta cada momento intensamente, mostrando cari\u00f1o a cada ni\u00f1o participante, y estos ni\u00f1os, cuando fueron reconocidos por el jurado, buscaban a sus familiares y luego a la psic\u00f3loga del programa.&nbsp;<\/strong><\/p>\n\n\n\n<p class=\"wp-block-paragraph\"><strong>En una conversaci\u00f3n con los padres, estos mostraron un v\u00eddeo del ni\u00f1o Elio G\u00f3mez, que gan\u00f3 el segundo lugar, pero tambi\u00e9n tuvo la responsabilidad de solicitar al presidente Luis Abinader Corona una escuela musical para su provincia Mar\u00eda Trinidad S\u00e1nchez, que esperamos que sea una realidad. Aunque Elio G\u00f3mez nos dijo que deseaba ganar ese viaje a M\u00e9xico, logramos hacerle comprender que tiene una familia a su lado, donde debe estar conforme con participar y dar gracias por ese premio obtenido.&nbsp;<\/strong><\/p>\n\n\n\n<p class=\"wp-block-paragraph\"><strong>Como Secretario General de los Trabajadores de la Prensa (SNTP), filial Distrito Nacional, y directivo de la Sociedad Dominicana de Medios Digitales (Sodomedi), valoramos esta novena temporada de Peque\u00f1os Grandes Talentos que logra detectar talentos en televisi\u00f3n nacional, logrando transformar sus vidas, como oxigenando de esperanzas su presente y futuro. Pero tambi\u00e9n solicito al gobierno dirigido por Luis Abinader m\u00e1s apoyo; adem\u00e1s, tambi\u00e9n a las marcas garantizar la sostenibilidad del proyecto televisivo.<\/strong><\/p>\n\n\n\n<p class=\"wp-block-paragraph\"><strong>Mario Antonio Lara Valdez <a href=\"mailto:laravaldez2727@gmail.com\">laravaldez2727@gmail.com<\/a> &nbsp;<\/strong><\/p>\n","protected":false},"excerpt":{"rendered":"<p>Por Mario Antonio Lara Valdez&nbsp; Observar como testigo desde sus inicios esta evoluci\u00f3n de Peque\u00f1os Grandes Talentos es reconocer a aquel joven creativo dominicano de nombre Iv\u00e1n Ruiz que logr\u00f3 trasladar la experiencia, sensibilidad, responsabilidad, pero sobre todo esa capacidad como productor en ver cada detalle que va conectando con el p\u00fablico v\u00eda la televisi\u00f3n.&nbsp; [&hellip;]<\/p>\n","protected":false},"author":7,"featured_media":694084,"comment_status":"closed","ping_status":"closed","sticky":false,"template":"","format":"standard","meta":{"footnotes":""},"categories":[36],"tags":[8151],"class_list":["post-694052","post","type-post","status-publish","format-standard","has-post-thumbnail","hentry","category-hombresmujeresycosas","tag-pgt"],"_links":{"self":[{"href":"https:\/\/diariodominicano.com\/index.php?rest_route=\/wp\/v2\/posts\/694052","targetHints":{"allow":["GET"]}}],"collection":[{"href":"https:\/\/diariodominicano.com\/index.php?rest_route=\/wp\/v2\/posts"}],"about":[{"href":"https:\/\/diariodominicano.com\/index.php?rest_route=\/wp\/v2\/types\/post"}],"author":[{"embeddable":true,"href":"https:\/\/diariodominicano.com\/index.php?rest_route=\/wp\/v2\/users\/7"}],"replies":[{"embeddable":true,"href":"https:\/\/diariodominicano.com\/index.php?rest_route=%2Fwp%2Fv2%2Fcomments&post=694052"}],"version-history":[{"count":1,"href":"https:\/\/diariodominicano.com\/index.php?rest_route=\/wp\/v2\/posts\/694052\/revisions"}],"predecessor-version":[{"id":694085,"href":"https:\/\/diariodominicano.com\/index.php?rest_route=\/wp\/v2\/posts\/694052\/revisions\/694085"}],"wp:featuredmedia":[{"embeddable":true,"href":"https:\/\/diariodominicano.com\/index.php?rest_route=\/wp\/v2\/media\/694084"}],"wp:attachment":[{"href":"https:\/\/diariodominicano.com\/index.php?rest_route=%2Fwp%2Fv2%2Fmedia&parent=694052"}],"wp:term":[{"taxonomy":"category","embeddable":true,"href":"https:\/\/diariodominicano.com\/index.php?rest_route=%2Fwp%2Fv2%2Fcategories&post=694052"},{"taxonomy":"post_tag","embeddable":true,"href":"https:\/\/diariodominicano.com\/index.php?rest_route=%2Fwp%2Fv2%2Ftags&post=694052"}],"curies":[{"name":"wp","href":"https:\/\/api.w.org\/{rel}","templated":true}]}}