{"id":694048,"date":"2026-08-31T15:29:14","date_gmt":"2026-08-31T19:29:14","guid":{"rendered":"https:\/\/diariodominicano.com\/?p=694048"},"modified":"2026-08-31T15:29:24","modified_gmt":"2026-08-31T19:29:24","slug":"inteligencia-artificial-gestion-financiera-y-macroeconomia-son-los-ejes-centrales-del-financial-summit-2026","status":"publish","type":"post","link":"https:\/\/diariodominicano.com\/?p=694048","title":{"rendered":"Inteligencia Artificial, Gesti\u00f3n Financiera y Macroeconom\u00eda son los ejes centrales del Financial Summit 2026"},"content":{"rendered":"\n<p class=\"wp-block-paragraph\"><strong>Santo Domingo.-<\/strong>&nbsp;La inteligencia artificial, la gesti\u00f3n financiera y la coyuntura macroecon\u00f3mica ser\u00e1n algunos de los principales ejes del&nbsp;<strong>Financial Summit 2026<\/strong>, encuentro de alto nivel que se celebrar\u00e1 el pr\u00f3ximo&nbsp;<strong>jueves 15 de octubre en el Hotel Real InterContinental de Santo Domingo<\/strong>.<\/p>\n\n\n\n<p class=\"wp-block-paragraph\">La actividad reunir\u00e1 a profesionales, l\u00edderes y tomadores de decisiones vinculados a las finanzas, la econom\u00eda, las inversiones y la gesti\u00f3n corporativa, con el prop\u00f3sito de generar conversaciones estrat\u00e9gicas sobre el impacto de las nuevas tecnolog\u00edas, las oportunidades en el mercado de valores, as\u00ed como la situaci\u00f3n macroecon\u00f3mica y geopol\u00edtica, que inciden actualmente en el desarrollo y la competitividad de las empresas.<\/p>\n\n\n\n<p class=\"wp-block-paragraph\">Como parte de su agenda matutina, el Financial Summit 2026 desarrollar\u00e1 un panel sobre el mercado de capitales, con la participaci\u00f3n de&nbsp;<strong>Elianne V\u00edlchez<\/strong>, vicepresidenta ejecutiva de la Bolsa de Valores de la Rep\u00fablica Dominicana;&nbsp;<strong>Felipe Amador<\/strong>, CEO de Advanced Asset Management;&nbsp;<strong>Luis Santana<\/strong>, CEO de Latitude Investments;&nbsp;<strong>Katty Cepeda<\/strong>, presidenta ejecutiva de la Asociaci\u00f3n de Puestos de Bolsa, y&nbsp;<strong>Gregory Salcedo<\/strong>, socio s\u00e9nior de Strategy Partners.<\/p>\n\n\n\n<figure class=\"wp-block-gallery has-nested-images columns-default is-cropped wp-block-gallery-1 is-layout-flex wp-block-gallery-is-layout-flex\">\n<figure class=\"wp-block-image size-large\"><img loading=\"lazy\" decoding=\"async\" width=\"1024\" height=\"819\" data-id=\"694065\" src=\"https:\/\/diariodominicano.com\/wp-content\/uploads\/2026\/08\/Gervasio-Guareschi-EY-Americas-1024x819.webp\" alt=\"\" class=\"wp-image-694065\" srcset=\"https:\/\/diariodominicano.com\/wp-content\/uploads\/2026\/08\/Gervasio-Guareschi-EY-Americas-1024x819.webp 1024w, https:\/\/diariodominicano.com\/wp-content\/uploads\/2026\/08\/Gervasio-Guareschi-EY-Americas-300x240.webp 300w, https:\/\/diariodominicano.com\/wp-content\/uploads\/2026\/08\/Gervasio-Guareschi-EY-Americas-768x614.webp 768w, https:\/\/diariodominicano.com\/wp-content\/uploads\/2026\/08\/Gervasio-Guareschi-EY-Americas-816x653.webp 816w, https:\/\/diariodominicano.com\/wp-content\/uploads\/2026\/08\/Gervasio-Guareschi-EY-Americas.webp 1200w\" sizes=\"auto, (max-width: 1024px) 100vw, 1024px\" \/><figcaption class=\"wp-element-caption\">Gervasio G uareschi, EY Americas<\/figcaption><\/figure>\n\n\n\n<figure class=\"wp-block-image size-large\"><img loading=\"lazy\" decoding=\"async\" width=\"1024\" height=\"768\" data-id=\"694064\" src=\"https:\/\/diariodominicano.com\/wp-content\/uploads\/2026\/08\/Raul-Ovalle-Economista-1024x768.webp\" alt=\"\" class=\"wp-image-694064\" srcset=\"https:\/\/diariodominicano.com\/wp-content\/uploads\/2026\/08\/Raul-Ovalle-Economista-1024x768.webp 1024w, https:\/\/diariodominicano.com\/wp-content\/uploads\/2026\/08\/Raul-Ovalle-Economista-300x225.webp 300w, https:\/\/diariodominicano.com\/wp-content\/uploads\/2026\/08\/Raul-Ovalle-Economista-768x576.webp 768w, https:\/\/diariodominicano.com\/wp-content\/uploads\/2026\/08\/Raul-Ovalle-Economista-816x612.webp 816w, https:\/\/diariodominicano.com\/wp-content\/uploads\/2026\/08\/Raul-Ovalle-Economista.webp 1200w\" sizes=\"auto, (max-width: 1024px) 100vw, 1024px\" \/><figcaption class=\"wp-element-caption\">Rau\u0301l Ovalle, Economista <\/figcaption><\/figure>\n\n\n\n<figure class=\"wp-block-image size-large\"><img loading=\"lazy\" decoding=\"async\" width=\"1024\" height=\"826\" data-id=\"694063\" src=\"https:\/\/diariodominicano.com\/wp-content\/uploads\/2026\/08\/Eugene-A.-Rault-Grullon-Soluciones-Digitales-Popular-1024x826.webp\" alt=\"\" class=\"wp-image-694063\" srcset=\"https:\/\/diariodominicano.com\/wp-content\/uploads\/2026\/08\/Eugene-A.-Rault-Grullon-Soluciones-Digitales-Popular-1024x826.webp 1024w, https:\/\/diariodominicano.com\/wp-content\/uploads\/2026\/08\/Eugene-A.-Rault-Grullon-Soluciones-Digitales-Popular-300x242.webp 300w, https:\/\/diariodominicano.com\/wp-content\/uploads\/2026\/08\/Eugene-A.-Rault-Grullon-Soluciones-Digitales-Popular-768x620.webp 768w, https:\/\/diariodominicano.com\/wp-content\/uploads\/2026\/08\/Eugene-A.-Rault-Grullon-Soluciones-Digitales-Popular-816x658.webp 816w, https:\/\/diariodominicano.com\/wp-content\/uploads\/2026\/08\/Eugene-A.-Rault-Grullon-Soluciones-Digitales-Popular.webp 1200w\" sizes=\"auto, (max-width: 1024px) 100vw, 1024px\" \/><figcaption class=\"wp-element-caption\">Eugene A. Rau\u0301lt Grullo\u0301n, Soluciones Digitales Popular <\/figcaption><\/figure>\n<\/figure>\n\n\n\n<p class=\"wp-block-paragraph\">Las perspectivas de la econom\u00eda dominicana ser\u00e1n analizadas por los economistas&nbsp;<strong>Ra\u00fal Ovalle, Jaime Aristy Escuder, P\u00e1vel Isa Contreras y Miguel Collado<\/strong>, bajo la moderaci\u00f3n de la consultora econ\u00f3mica y financiera&nbsp;<strong>Ana Julia Sierra<\/strong>.<\/p>\n\n\n\n<p class=\"wp-block-paragraph\">Otro de los segmentos destacados ser\u00e1 el panel&nbsp;<strong>\u201cAgenda del CFO ante el entorno actual\u201d<\/strong>, en el que participar\u00e1n&nbsp;<strong>Jean Paul Quir\u00f3z<\/strong>, vicepresidente de Administraci\u00f3n y Finanzas de Grupo Humano;&nbsp;<strong>Santiago Burgos<\/strong>, vicepresidente de Administraci\u00f3n y Finanzas de El Catador, y&nbsp;<strong>Miguel Huller<\/strong>, vicepresidente s\u00e9nior de Finanzas, Estrategia y Servicios Compartidos de la Asociaci\u00f3n Popular de Ahorros y Pr\u00e9stamos.<\/p>\n\n\n\n<p class=\"wp-block-paragraph\">La programaci\u00f3n vespertina estar\u00e1 dedicada especialmente a la inteligencia artificial, la ciberseguridad empresarial y las nuevas tecnolog\u00edas aplicadas a la gesti\u00f3n financiera, \u00e1reas que est\u00e1n redefiniendo la toma de decisiones, la protecci\u00f3n de la informaci\u00f3n y los modelos de operaci\u00f3n de las organizaciones.<\/p>\n\n\n\n<p class=\"wp-block-paragraph\">El&nbsp;<strong>Financial Summit 2026<\/strong>&nbsp;espera recibir alrededor de&nbsp;<strong>300 participantes<\/strong>, entre directores financieros, CFO, tesoreros corporativos, profesionales de la banca y las inversiones, economistas, analistas, auditores, gestores de riesgos, consultores, ejecutivos del sector real, funcionarios p\u00fablicos y emprendedores.<\/p>\n\n\n\n<p class=\"wp-block-paragraph\">Los interesados en participar en esta experiencia de conocimiento y actualizaci\u00f3n estrat\u00e9gica pueden consultar la agenda e inscribirse a trav\u00e9s del portal oficial&nbsp;&nbsp;<a href=\"http:\/\/www.financialsummitrd.com\/\" target=\"_blank\" rel=\"noreferrer noopener\">www.financialsummitrd.com<\/a><\/p>\n\n\n\n<p class=\"wp-block-paragraph\">Comunicaciones Stimulos Creativos <a href=\"mailto:comunicaciones@stimuloscreativos.com\">comunicaciones@stimuloscreativos.com<\/a><\/p>\n","protected":false},"excerpt":{"rendered":"<p>Santo Domingo.-&nbsp;La inteligencia artificial, la gesti\u00f3n financiera y la coyuntura macroecon\u00f3mica ser\u00e1n algunos de los principales ejes del&nbsp;Financial Summit 2026, encuentro de alto nivel que se celebrar\u00e1 el pr\u00f3ximo&nbsp;jueves 15 de octubre en el Hotel Real InterContinental de Santo Domingo. La actividad reunir\u00e1 a profesionales, l\u00edderes y tomadores de decisiones vinculados a las finanzas, la [&hellip;]<\/p>\n","protected":false},"author":7,"featured_media":694066,"comment_status":"closed","ping_status":"closed","sticky":false,"template":"","format":"standard","meta":{"footnotes":""},"categories":[36],"tags":[7075,157],"class_list":["post-694048","post","type-post","status-publish","format-standard","has-post-thumbnail","hentry","category-hombresmujeresycosas","tag-financial-summit","tag-inteligencia-artificial"],"_links":{"self":[{"href":"https:\/\/diariodominicano.com\/index.php?rest_route=\/wp\/v2\/posts\/694048","targetHints":{"allow":["GET"]}}],"collection":[{"href":"https:\/\/diariodominicano.com\/index.php?rest_route=\/wp\/v2\/posts"}],"about":[{"href":"https:\/\/diariodominicano.com\/index.php?rest_route=\/wp\/v2\/types\/post"}],"author":[{"embeddable":true,"href":"https:\/\/diariodominicano.com\/index.php?rest_route=\/wp\/v2\/users\/7"}],"replies":[{"embeddable":true,"href":"https:\/\/diariodominicano.com\/index.php?rest_route=%2Fwp%2Fv2%2Fcomments&post=694048"}],"version-history":[{"count":1,"href":"https:\/\/diariodominicano.com\/index.php?rest_route=\/wp\/v2\/posts\/694048\/revisions"}],"predecessor-version":[{"id":694069,"href":"https:\/\/diariodominicano.com\/index.php?rest_route=\/wp\/v2\/posts\/694048\/revisions\/694069"}],"wp:featuredmedia":[{"embeddable":true,"href":"https:\/\/diariodominicano.com\/index.php?rest_route=\/wp\/v2\/media\/694066"}],"wp:attachment":[{"href":"https:\/\/diariodominicano.com\/index.php?rest_route=%2Fwp%2Fv2%2Fmedia&parent=694048"}],"wp:term":[{"taxonomy":"category","embeddable":true,"href":"https:\/\/diariodominicano.com\/index.php?rest_route=%2Fwp%2Fv2%2Fcategories&post=694048"},{"taxonomy":"post_tag","embeddable":true,"href":"https:\/\/diariodominicano.com\/index.php?rest_route=%2Fwp%2Fv2%2Ftags&post=694048"}],"curies":[{"name":"wp","href":"https:\/\/api.w.org\/{rel}","templated":true}]}}