{"id":694045,"date":"2026-08-31T14:54:18","date_gmt":"2026-08-31T18:54:18","guid":{"rendered":"https:\/\/diariodominicano.com\/?p=694045"},"modified":"2026-08-31T14:54:28","modified_gmt":"2026-08-31T18:54:28","slug":"vicepresidenta-raquel-pena-encabeza-reunion-de-seguimiento-al-plan-de-seguridad-ciudadana-2","status":"publish","type":"post","link":"https:\/\/diariodominicano.com\/?p=694045","title":{"rendered":"Vicepresidenta Raquel Pe\u00f1a encabeza reuni\u00f3n de seguimiento al Plan de Seguridad Ciudadana"},"content":{"rendered":"\n<p class=\"wp-block-paragraph\">diariodominicano.com<\/p>\n\n\n\n<p class=\"wp-block-paragraph\">Santo Domingo, R. D.,  31 de agosto, 2026.-\u00a0<strong>La vicepresidenta Raquel Pe\u00f1a<\/strong>\u00a0encabeza este lunes la reuni\u00f3n de seguimiento al\u00a0<strong>Plan de Seguridad Ciudadana,<\/strong>\u00a0espacio en el que las autoridades pasan revista a los\u00a0<strong>resultados de las medidas aplicadas<\/strong>\u00a0y definen las acciones que permitir\u00e1n reforzar las\u00a0<strong>pol\u00edticas de prevenci\u00f3n y seguridad<\/strong>\u00a0en el pa\u00eds.<\/p>\n\n\n\n<p class=\"wp-block-paragraph\">El encuentro tiene lugar en el&nbsp;<strong>Sal\u00f3n del Club de Oficiales del Palacio de la Polic\u00eda Nacional<\/strong>, donde se analizan los principales indicadores en materia de&nbsp;<strong>seguridad, el impacto de las operaciones desplegadas y las prioridades<\/strong>&nbsp;que deber\u00e1n atenderse para continuar mejorando la protecci\u00f3n de la ciudadan\u00eda.<\/p>\n\n\n\n<p class=\"wp-block-paragraph\">Junto con la vicepresidenta participan el ministro de la Presidencia,&nbsp;<strong>Jos\u00e9 Ignacio Paliza;<\/strong>&nbsp;el ministro de Defensa, teniente general Carlos Antonio Fern\u00e1ndez Onofre; la ministra de Interior y Polic\u00eda,&nbsp;<strong>Faride Raful;&nbsp;<\/strong>el comandante general de la Fuerza A\u00e9rea de la Rep\u00fablica Dominicana,&nbsp;<strong>mayor general Enmanuel Marcelino Souffront Tamayo<\/strong>; el director general de la Polic\u00eda Nacional,&nbsp;<strong>mayor general Ernesto Rafael Rodr\u00edguez Garc\u00eda<\/strong>; la procuradora general de la Rep\u00fablica,&nbsp;<strong>Yeni Berenice Reynoso;<\/strong>&nbsp;el director general de Migraci\u00f3n,&nbsp;<strong>vicealmirante Luis Rafael Lee Ballester;<\/strong>&nbsp;el presidente de la Direcci\u00f3n Nacional de Control de Drogas (DNCD),&nbsp;<strong>vicealmirante Jos\u00e9 Manuel Cabrera Ulloa<\/strong>, y el viceministro de la Presidencia para Proyectos Especiales y Coordinaci\u00f3n de Seguridad,&nbsp;<strong>Roger G. Pujols.<\/strong><\/p>\n\n\n\n<p class=\"wp-block-paragraph\">En la jornada tambi\u00e9n intervienen el presidente del Consejo Nacional de Drogas,&nbsp;<strong>Alejandro de Jes\u00fas Abreu<\/strong>; el director de la Comisi\u00f3n Militar y Policial,&nbsp;<strong>coronel Jorge Rivera L\u00f3pez;<\/strong>&nbsp;el director de la Direcci\u00f3n General de Seguridad de Tr\u00e1nsito y Transporte Terrestre (Digesett),&nbsp;<strong>general Pascual Cruz M\u00e9ndez<\/strong>; el director de la Polic\u00eda de Turismo (Politur),&nbsp;<strong>general Minoru Matsunaga<\/strong>; el director ejecutivo del Sistema Nacional de Atenci\u00f3n a Emergencias y Seguridad 911,&nbsp;<strong>coronel piloto Randolfo Rijo G\u00f3mez<\/strong>; el director de la Polic\u00eda Escolar,&nbsp;<strong>general Francisco Osoria de la Cruz<\/strong>, y la directora de la Direcci\u00f3n Nacional de Ni\u00f1os, Ni\u00f1as, Adolescentes y Familia (Dinnaf),&nbsp;<strong>Olga Din\u00e1 Llaver\u00edas.<\/strong><\/p>\n\n\n\n<p class=\"wp-block-paragraph\">La reuni\u00f3n incorpora, adem\u00e1s, a una comisi\u00f3n de fiscales conformada por&nbsp;<strong>Ramona Santana<\/strong>, de San Crist\u00f3bal;&nbsp;<strong>Aura Luz Garc\u00eda<\/strong>, de La Vega;&nbsp;<strong>Juan Antonio Mateo Cipri\u00e1n<\/strong>, de Mar\u00eda Trinidad S\u00e1nchez;&nbsp;<strong>Claudia Garrido<\/strong>, de La Altagracia;&nbsp;<strong>Suleyka Mateo<\/strong>, de San Pedro de Macor\u00eds, y&nbsp;<strong>Smaily Yamel Rodr\u00edguez<\/strong>, de Duarte.<\/p>\n\n\n\n<p class=\"wp-block-paragraph\">Asimismo, est\u00e1n presentes los fiscales titulares&nbsp;<strong>Milc\u00edades Guzm\u00e1n<\/strong>, de Santo Domingo Este;&nbsp;<strong>Rosalba Ramos<\/strong>, del Distrito Nacional;&nbsp;<strong>Eduard L\u00f3pez<\/strong>, de Santo Domingo Oeste;&nbsp;<strong>V\u00edctor Mej\u00eda<\/strong>, de Valverde;&nbsp;<strong>Zoila Agustina Rodr\u00edguez Ynfante<\/strong>, de Hermanas Mirabal;&nbsp;<strong>Wellington Matos Espinal<\/strong>, de Barahona;&nbsp;<strong>\u00c1ngel Dar\u00edo Tejeda Fabal<\/strong>, de Peravia;&nbsp;<strong>Yeisin Alc\u00e1ntara<\/strong>, de Dajab\u00f3n;&nbsp;<strong>Yorelbin Rivas<\/strong>, de Espaillat;&nbsp;<strong>Quirsa Milagros Abreu<\/strong>, de Santiago, y&nbsp;<strong>Kevin Santana<\/strong>, de La Romana.<\/p>\n\n\n\n<p class=\"wp-block-paragraph\"><a href=\"https:\/\/presidencia.gob.do\/taxonomy\/term\/58\">DIPP<\/a><\/p>\n","protected":false},"excerpt":{"rendered":"<p>diariodominicano.com Santo Domingo, R. D., 31 de agosto, 2026.-\u00a0La vicepresidenta Raquel Pe\u00f1a\u00a0encabeza este lunes la reuni\u00f3n de seguimiento al\u00a0Plan de Seguridad Ciudadana,\u00a0espacio en el que las autoridades pasan revista a los\u00a0resultados de las medidas aplicadas\u00a0y definen las acciones que permitir\u00e1n reforzar las\u00a0pol\u00edticas de prevenci\u00f3n y seguridad\u00a0en el pa\u00eds. El encuentro tiene lugar en el&nbsp;Sal\u00f3n del [&hellip;]<\/p>\n","protected":false},"author":5,"featured_media":694046,"comment_status":"closed","ping_status":"closed","sticky":false,"template":"","format":"standard","meta":{"footnotes":""},"categories":[20,27],"tags":[],"class_list":["post-694045","post","type-post","status-publish","format-standard","has-post-thumbnail","hentry","category-dominicana-hoy","category-portada"],"_links":{"self":[{"href":"https:\/\/diariodominicano.com\/index.php?rest_route=\/wp\/v2\/posts\/694045","targetHints":{"allow":["GET"]}}],"collection":[{"href":"https:\/\/diariodominicano.com\/index.php?rest_route=\/wp\/v2\/posts"}],"about":[{"href":"https:\/\/diariodominicano.com\/index.php?rest_route=\/wp\/v2\/types\/post"}],"author":[{"embeddable":true,"href":"https:\/\/diariodominicano.com\/index.php?rest_route=\/wp\/v2\/users\/5"}],"replies":[{"embeddable":true,"href":"https:\/\/diariodominicano.com\/index.php?rest_route=%2Fwp%2Fv2%2Fcomments&post=694045"}],"version-history":[{"count":1,"href":"https:\/\/diariodominicano.com\/index.php?rest_route=\/wp\/v2\/posts\/694045\/revisions"}],"predecessor-version":[{"id":694047,"href":"https:\/\/diariodominicano.com\/index.php?rest_route=\/wp\/v2\/posts\/694045\/revisions\/694047"}],"wp:featuredmedia":[{"embeddable":true,"href":"https:\/\/diariodominicano.com\/index.php?rest_route=\/wp\/v2\/media\/694046"}],"wp:attachment":[{"href":"https:\/\/diariodominicano.com\/index.php?rest_route=%2Fwp%2Fv2%2Fmedia&parent=694045"}],"wp:term":[{"taxonomy":"category","embeddable":true,"href":"https:\/\/diariodominicano.com\/index.php?rest_route=%2Fwp%2Fv2%2Fcategories&post=694045"},{"taxonomy":"post_tag","embeddable":true,"href":"https:\/\/diariodominicano.com\/index.php?rest_route=%2Fwp%2Fv2%2Ftags&post=694045"}],"curies":[{"name":"wp","href":"https:\/\/api.w.org\/{rel}","templated":true}]}}