{"id":694025,"date":"2026-08-31T09:27:31","date_gmt":"2026-08-31T13:27:31","guid":{"rendered":"https:\/\/diariodominicano.com\/?p=694025"},"modified":"2026-08-31T09:27:41","modified_gmt":"2026-08-31T13:27:41","slug":"sns-entrega-remozado-centro-clinico-y-diagnostico-en-los-salados-santiago","status":"publish","type":"post","link":"https:\/\/diariodominicano.com\/?p=694025","title":{"rendered":"SNS entrega remozado Centro Cl\u00ednico y Diagn\u00f3stico en Los Salados, Santiago"},"content":{"rendered":"\n<p class=\"wp-block-paragraph\">diariodominicano.com<\/p>\n\n\n\n<p class=\"wp-block-paragraph\">Santiago, R. D.,  31 de agosto, 2026.\u2013  El director ejecutivo del Servicio Nacional de Salud (SNS), doctor\u00a0<strong>Julio Landr\u00f3n<\/strong>, entreg\u00f3 este viernes el remozado el\u00a0<strong>Centro Cl\u00ednico y Diagn\u00f3stico de Atenci\u00f3n Primaria Manolo Tav\u00e1rez Justo<\/strong>, en la comunidad de\u00a0<strong>Los Salados<\/strong>, como parte de las acciones dirigidas a fortalecer la atenci\u00f3n primaria y garantizar\u00a0<strong>servicios de salud oportunos, dignos y de calidad a la poblaci\u00f3n.<\/strong><\/p>\n\n\n\n<p class=\"wp-block-paragraph\">Landr\u00f3n destac\u00f3 que, bajo las&nbsp;<strong>directrices del presidente de la Rep\u00fablica, Luis Abinader,<\/strong>&nbsp;el SNS mantiene el compromiso de fortalecer la Red P\u00fablica, con especial atenci\u00f3n a la&nbsp;<strong>prevenci\u00f3n, detecci\u00f3n temprana de enfermedades y acercamiento de los servicios sanitarios a las comunidades.<\/strong><\/p>\n\n\n\n<p class=\"wp-block-paragraph\">El establecimiento, que beneficia directamente a una poblaci\u00f3n estimada de&nbsp;<strong>5,000 habitantes<\/strong>, pertenecientes a unas 850 familias, fue intervenido mediante un proceso de remozamiento con una inversi\u00f3n de RD<strong>&nbsp;<\/strong>5,199,030.81. A esto se agrega su equipamiento, que requiri\u00f3 RD 1,716,218.25, para una&nbsp;<strong>inversi\u00f3n total de RD 6,915,249.06.<\/strong><\/p>\n\n\n\n<p class=\"wp-block-paragraph\">El director del SNS explic\u00f3 que el centro dispone de sala de espera, consultorio de ginecolog\u00eda, cuatro consultorios polivalentes, dos cub\u00edculos de odontolog\u00eda, \u00e1rea de toma de muestras y laboratorio, rayos X, farmacia y almac\u00e9n, as\u00ed como oficinas administrativas, cocina, comedor, ba\u00f1os-vestidores y \u00e1rea de lavado.<\/p>\n\n\n\n<p class=\"wp-block-paragraph\">Landr\u00f3n resalt\u00f3 que el fortalecimiento de los&nbsp;<strong>servicios odontol\u00f3gicos<\/strong>&nbsp;forma parte de una&nbsp;<strong>visi\u00f3n integral de la atenci\u00f3n primaria<\/strong>, al considerar la salud bucal como un componente esencial del bienestar general y de las acciones de prevenci\u00f3n que se ofrecen a la poblaci\u00f3n desde el primer nivel de atenci\u00f3n.<\/p>\n\n\n\n<p class=\"wp-block-paragraph\">Asimismo, destac\u00f3 que&nbsp;<strong>en Santiago el<\/strong>&nbsp;SNS ha impulsado&nbsp;<strong>intervenciones tanto en hospitales como en centros de atenci\u00f3n primaria<\/strong>, adem\u00e1s de una&nbsp;<strong>inversi\u00f3n superior a RD 308 millones en el equipamiento de 18 establecimientos de salud<\/strong>, con el prop\u00f3sito de garantizar que los profesionales cuenten con las herramientas necesarias para brindar una<strong>&nbsp;atenci\u00f3n segura y de calidad.<\/strong><\/p>\n\n\n\n<p class=\"wp-block-paragraph\">El titular del SNS se\u00f1al\u00f3 que estas acciones se suman al fortalecimiento de la capacidad resolutiva de la Red P\u00fablica en la provincia, mediante la ampliaci\u00f3n y creaci\u00f3n de servicios especializados en \u00e1reas como oncolog\u00eda, cardiolog\u00eda, neumolog\u00eda, rehabilitaci\u00f3n, gastroenterolog\u00eda, oftalmolog\u00eda, salud mental, cuidados intensivos pedi\u00e1tricos y detecci\u00f3n temprana del d\u00e9ficit auditivo.<\/p>\n\n\n\n<p class=\"wp-block-paragraph\">Finalmente, Landr\u00f3n&nbsp;<strong>exhort\u00f3 al personal del centro a cuidar la infraestructura<\/strong>&nbsp;y, sobre todo, a mantener un&nbsp;<strong>trato digno y humano hacia cada paciente<\/strong>. Reafirm\u00f3 que el SNS continuar\u00e1 trabajando para que la asistencia oportuna y la humanizaci\u00f3n de los servicios de salud sean una realidad en cada establecimiento de la Red P\u00fablica.<\/p>\n\n\n\n<p class=\"wp-block-paragraph\">Mientras, la gobernadora de Santiago,&nbsp;<strong>Rosa Santos<\/strong>,&nbsp;<strong>valor\u00f3&nbsp;<\/strong>el trabajo que desarrolla el director ejecutivo del SNS, doctor Julio Landr\u00f3n, y destac\u00f3 la&nbsp;<strong>atenci\u00f3n<\/strong>&nbsp;que ha brindado a las&nbsp;<strong>necesidades de salud de la provincia&nbsp;<\/strong>desde que asumi\u00f3 el cargo. \u201cDoctor Landr\u00f3n, debo darle las gracias a nombre de la comunidad, porque cuando entr\u00e9 a este centro cl\u00ednico diagn\u00f3stico la verdad es que da gusto. No tiene nada que envidiarle a una cl\u00ednica de otra parte; tiene un remozamiento completo, est\u00e1 limpio, organizado y cuenta con equipos nuevos, lo que nos da la seguridad de que aqu\u00ed se ofrecer\u00e1 un servicio de calidad\u201d, expres\u00f3.<\/p>\n\n\n\n<p class=\"wp-block-paragraph\">De su lado, el alcalde de Santiago,&nbsp;<strong>Ulises Rodr\u00edguez<\/strong>, destac\u00f3 la importancia de fortalecer los servicios de Atenci\u00f3n Primaria y acercarlos a los barrios y comunidades, al considerar que&nbsp;<strong>este tipo de establecimientos contribuye a descongestionar los hospitales<\/strong>&nbsp;de mayor complejidad.&nbsp;<em>\u201cLa importancia que tiene dar este tipo de servicio a las comunidades, en los barrios y sectores, es precisamente quitarles presi\u00f3n a hospitales como el Cabral y B\u00e1ez. La poblaci\u00f3n ha crecido mucho; por lo tanto, esta intervenci\u00f3n y este remozamiento son oportunos\u201d,<\/em>&nbsp;manifest\u00f3.<\/p>\n\n\n\n<p class=\"wp-block-paragraph\">Rodr\u00edguez tambi\u00e9n valor\u00f3 la renovaci\u00f3n del Centro Cl\u00ednico y Diagn\u00f3stico de Atenci\u00f3n Primaria Manolo Tav\u00e1rez Justo como una&nbsp;<strong>obra de gran importancia para los residentes de Los Salados y sus alrededores,<\/strong>&nbsp;y destac\u00f3 que decidi\u00f3 acompa\u00f1ar al director del SNS en el acto por la relevancia que representa para la comunidad.<em>&nbsp;\u201cEsto es algo invaluable y estaremos atentos; por eso dej\u00e9 mi agenda para venir a acompa\u00f1arlo, doctor, en este evento tan importante, pero sobre todo por la gente de aqu\u00ed, de la comunidad\u201d<\/em>, afirm\u00f3.<\/p>\n\n\n\n<p class=\"wp-block-paragraph\"><a href=\"https:\/\/presidencia.gob.do\/taxonomy\/term\/102\">SNS<\/a><\/p>\n","protected":false},"excerpt":{"rendered":"<p>diariodominicano.com Santiago, R. D., 31 de agosto, 2026.\u2013 El director ejecutivo del Servicio Nacional de Salud (SNS), doctor\u00a0Julio Landr\u00f3n, entreg\u00f3 este viernes el remozado el\u00a0Centro Cl\u00ednico y Diagn\u00f3stico de Atenci\u00f3n Primaria Manolo Tav\u00e1rez Justo, en la comunidad de\u00a0Los Salados, como parte de las acciones dirigidas a fortalecer la atenci\u00f3n primaria y garantizar\u00a0servicios de salud oportunos, [&hellip;]<\/p>\n","protected":false},"author":5,"featured_media":694026,"comment_status":"closed","ping_status":"closed","sticky":false,"template":"","format":"standard","meta":{"footnotes":""},"categories":[20,27],"tags":[],"class_list":["post-694025","post","type-post","status-publish","format-standard","has-post-thumbnail","hentry","category-dominicana-hoy","category-portada"],"_links":{"self":[{"href":"https:\/\/diariodominicano.com\/index.php?rest_route=\/wp\/v2\/posts\/694025","targetHints":{"allow":["GET"]}}],"collection":[{"href":"https:\/\/diariodominicano.com\/index.php?rest_route=\/wp\/v2\/posts"}],"about":[{"href":"https:\/\/diariodominicano.com\/index.php?rest_route=\/wp\/v2\/types\/post"}],"author":[{"embeddable":true,"href":"https:\/\/diariodominicano.com\/index.php?rest_route=\/wp\/v2\/users\/5"}],"replies":[{"embeddable":true,"href":"https:\/\/diariodominicano.com\/index.php?rest_route=%2Fwp%2Fv2%2Fcomments&post=694025"}],"version-history":[{"count":1,"href":"https:\/\/diariodominicano.com\/index.php?rest_route=\/wp\/v2\/posts\/694025\/revisions"}],"predecessor-version":[{"id":694027,"href":"https:\/\/diariodominicano.com\/index.php?rest_route=\/wp\/v2\/posts\/694025\/revisions\/694027"}],"wp:featuredmedia":[{"embeddable":true,"href":"https:\/\/diariodominicano.com\/index.php?rest_route=\/wp\/v2\/media\/694026"}],"wp:attachment":[{"href":"https:\/\/diariodominicano.com\/index.php?rest_route=%2Fwp%2Fv2%2Fmedia&parent=694025"}],"wp:term":[{"taxonomy":"category","embeddable":true,"href":"https:\/\/diariodominicano.com\/index.php?rest_route=%2Fwp%2Fv2%2Fcategories&post=694025"},{"taxonomy":"post_tag","embeddable":true,"href":"https:\/\/diariodominicano.com\/index.php?rest_route=%2Fwp%2Fv2%2Ftags&post=694025"}],"curies":[{"name":"wp","href":"https:\/\/api.w.org\/{rel}","templated":true}]}}