{"id":694019,"date":"2026-08-31T08:54:28","date_gmt":"2026-08-31T12:54:28","guid":{"rendered":"https:\/\/diariodominicano.com\/?p=694019"},"modified":"2026-08-31T08:54:39","modified_gmt":"2026-08-31T12:54:39","slug":"ministra-faride-raful-supervisa-y-refuerza-intervencion-integral-en-villas-agricolas","status":"publish","type":"post","link":"https:\/\/diariodominicano.com\/?p=694019","title":{"rendered":"Ministra Faride Raful supervisa y refuerza intervenci\u00f3n integral en Villas Agr\u00edcolas"},"content":{"rendered":"\n<p class=\"wp-block-paragraph\">diariodominicano.com<\/p>\n\n\n\n<p class=\"wp-block-paragraph\">Santo Domingo, R. D.,  31 de agosto, 2026.\u2013 La ministra de Interior y Polic\u00eda,\u00a0<strong>Faride Raful<\/strong>, supervis\u00f3 este s\u00e1bado los avances del plan de\u00a0<strong>intervenci\u00f3n integral<\/strong>\u00a0que se ejecuta en\u00a0<strong>Villas Agr\u00edcolas y<\/strong>\u00a0coordin\u00f3 con las instituciones involucradas nuevas acciones para atender las\u00a0<strong>necesidades identificadas junto con residentes y l\u00edderes comunitarios.<\/strong>\u00a0<br>Villas Agr\u00edcolas es el\u00a0<strong>primer sector priorizado<\/strong>\u00a0dentro del programa<strong>\u00a0\u201cIntervenci\u00f3n Integral por la Seguridad Ciudadana\u201d,<\/strong>\u00a0que concentra en un mismo territorio acciones de seguridad, prevenci\u00f3n, convivencia, recuperaci\u00f3n de espacios p\u00fablicos, protecci\u00f3n de las mujeres y oportunidades para los j\u00f3venes.\u00a0<\/p>\n\n\n\n<p class=\"wp-block-paragraph\">Durante el encuentro, celebrado en el Consejo de Desarrollo Comunitario de Villas Agr\u00edcolas, Raful evalu\u00f3 los&nbsp;<strong>compromisos asumidos<\/strong>, escuch\u00f3 las&nbsp;<strong>observaciones de la comunidad&nbsp;<\/strong>y dio&nbsp;<strong>seguimiento<\/strong>&nbsp;directo a los aspectos que requieren ser fortalecidos.&nbsp;<\/p>\n\n\n\n<p class=\"wp-block-paragraph\"><em>\u201cLa seguridad ciudadana tambi\u00e9n se construye escuchando a quienes viven el d\u00eda a d\u00eda en sus comunidades. Uno de los cambios que estamos impulsando es sentarnos con los l\u00edderes comunitarios, conocer lo que est\u00e1 pasando en el territorio y fortalecer ese v\u00ednculo, porque nadie sabe m\u00e1s que el vecino sobre lo que ocurre en su comunidad\u201d,&nbsp;<\/em>afirm\u00f3.&nbsp;<\/p>\n\n\n\n<p class=\"wp-block-paragraph\">Desde el inicio de la intervenci\u00f3n, el plan ha desplegado acciones para mejorar la&nbsp;<strong>iluminaci\u00f3n<\/strong>&nbsp;y la&nbsp;<strong>vigilancia<\/strong>, recuperar&nbsp;<strong>espacios p\u00fablicos<\/strong>&nbsp;y fortalecer el&nbsp;<strong>patrullaje preventivo&nbsp;<\/strong>y las capacidades operativas contempladas en el&nbsp;<strong>Nuevo Modelo de Patrullaje.<\/strong>&nbsp;<\/p>\n\n\n\n<p class=\"wp-block-paragraph\">La estrategia tambi\u00e9n incluye la&nbsp;<strong>capacitaci\u00f3n de j\u00f3venes<\/strong>&nbsp;como<strong>&nbsp;mediadores de conflictos,<\/strong>&nbsp;<strong>actividades deportivas<\/strong>&nbsp;y programas de&nbsp;<strong>formaci\u00f3n<\/strong>&nbsp;t\u00e9cnica y emprendimiento. En materia de protecci\u00f3n, fueron habilitados&nbsp;<strong>siete Puntos Vida<\/strong>&nbsp;para ofrecer orientaci\u00f3n y apoyo a&nbsp;<strong>mujeres en situaci\u00f3n de riesgo.<\/strong>&nbsp;<\/p>\n\n\n\n<p class=\"wp-block-paragraph\">Como parte de la supervisi\u00f3n, la ministra y las entidades participantes revisaron&nbsp;<strong>requerimientos planteados por los comunitarios<\/strong>, entre ellos la iluminaci\u00f3n de callejones y tramos espec\u00edficos, el retiro de veh\u00edculos abandonados, la contaminaci\u00f3n s\u00f3nica y el reforzamiento del patrullaje.<\/p>\n\n\n\n<p class=\"wp-block-paragraph\">Los l\u00edderes del sector destacaron los resultados alcanzados.&nbsp;<em>\u201cYo tengo que decir la verdad: la delincuencia ha bajado bastante. Quiero felicitar a las autoridades por el trabajo que est\u00e1n haciendo. Falta m\u00e1s, pero creo que lo vamos a lograr\u201d,&nbsp;<\/em>expres\u00f3 el pastor&nbsp;<strong>Apolinar Rodr\u00edguez<\/strong>&nbsp;<\/p>\n\n\n\n<p class=\"wp-block-paragraph\">Raful explic\u00f3 que el modelo aborda la seguridad ciudadana de manera integral, mediante la intervenci\u00f3n del entorno, la prevenci\u00f3n de&nbsp;<strong>conflictos<\/strong>, la protecci\u00f3n de las&nbsp;<strong>mujeres<\/strong>, las&nbsp;<strong>oportunidades<\/strong>&nbsp;para los j\u00f3venes y una&nbsp;<strong>presencia policial cercana<\/strong>&nbsp;a la comunidad.<\/p>\n\n\n\n<p class=\"wp-block-paragraph\">La jornada reuni\u00f3 a representantes del&nbsp;<strong>Ministerio de Medio Ambiente, Edeeeste, la Polic\u00eda Nacional y la Polic\u00eda Auxiliar<\/strong>, como parte del seguimiento interinstitucional a las acciones en curso y los nuevos compromisos asumidos en el territorio.<\/p>\n\n\n\n<p class=\"wp-block-paragraph\"><a href=\"https:\/\/presidencia.gob.do\/taxonomy\/term\/91\">MIP<\/a><\/p>\n","protected":false},"excerpt":{"rendered":"<p>diariodominicano.com Santo Domingo, R. D., 31 de agosto, 2026.\u2013 La ministra de Interior y Polic\u00eda,\u00a0Faride Raful, supervis\u00f3 este s\u00e1bado los avances del plan de\u00a0intervenci\u00f3n integral\u00a0que se ejecuta en\u00a0Villas Agr\u00edcolas y\u00a0coordin\u00f3 con las instituciones involucradas nuevas acciones para atender las\u00a0necesidades identificadas junto con residentes y l\u00edderes comunitarios.\u00a0Villas Agr\u00edcolas es el\u00a0primer sector priorizado\u00a0dentro del programa\u00a0\u201cIntervenci\u00f3n Integral por [&hellip;]<\/p>\n","protected":false},"author":5,"featured_media":694020,"comment_status":"closed","ping_status":"closed","sticky":false,"template":"","format":"standard","meta":{"footnotes":""},"categories":[20,27],"tags":[],"class_list":["post-694019","post","type-post","status-publish","format-standard","has-post-thumbnail","hentry","category-dominicana-hoy","category-portada"],"_links":{"self":[{"href":"https:\/\/diariodominicano.com\/index.php?rest_route=\/wp\/v2\/posts\/694019","targetHints":{"allow":["GET"]}}],"collection":[{"href":"https:\/\/diariodominicano.com\/index.php?rest_route=\/wp\/v2\/posts"}],"about":[{"href":"https:\/\/diariodominicano.com\/index.php?rest_route=\/wp\/v2\/types\/post"}],"author":[{"embeddable":true,"href":"https:\/\/diariodominicano.com\/index.php?rest_route=\/wp\/v2\/users\/5"}],"replies":[{"embeddable":true,"href":"https:\/\/diariodominicano.com\/index.php?rest_route=%2Fwp%2Fv2%2Fcomments&post=694019"}],"version-history":[{"count":1,"href":"https:\/\/diariodominicano.com\/index.php?rest_route=\/wp\/v2\/posts\/694019\/revisions"}],"predecessor-version":[{"id":694021,"href":"https:\/\/diariodominicano.com\/index.php?rest_route=\/wp\/v2\/posts\/694019\/revisions\/694021"}],"wp:featuredmedia":[{"embeddable":true,"href":"https:\/\/diariodominicano.com\/index.php?rest_route=\/wp\/v2\/media\/694020"}],"wp:attachment":[{"href":"https:\/\/diariodominicano.com\/index.php?rest_route=%2Fwp%2Fv2%2Fmedia&parent=694019"}],"wp:term":[{"taxonomy":"category","embeddable":true,"href":"https:\/\/diariodominicano.com\/index.php?rest_route=%2Fwp%2Fv2%2Fcategories&post=694019"},{"taxonomy":"post_tag","embeddable":true,"href":"https:\/\/diariodominicano.com\/index.php?rest_route=%2Fwp%2Fv2%2Ftags&post=694019"}],"curies":[{"name":"wp","href":"https:\/\/api.w.org\/{rel}","templated":true}]}}