{"id":694010,"date":"2026-08-31T12:10:35","date_gmt":"2026-08-31T16:10:35","guid":{"rendered":"https:\/\/diariodominicano.com\/?p=694010"},"modified":"2026-08-31T12:11:32","modified_gmt":"2026-08-31T16:11:32","slug":"director-general-de-la-policia-reafirma-compromiso-con-una-institucion-cercana-firme-y-apegada-a-la-ley","status":"publish","type":"post","link":"https:\/\/diariodominicano.com\/?p=694010","title":{"rendered":"Director general de la Polic\u00eda reafirma compromiso con una instituci\u00f3n cercana, firme y apegada a la ley"},"content":{"rendered":"\n<p class=\"wp-block-paragraph\">LA VEGA, RD. \u2013 Al concluir su intervenci\u00f3n ante el personal policial en esta provincia, el director general de la Polic\u00eda Nacional, el mayor general Ernesto Rodr\u00edguez Garc\u00eda, inform\u00f3 que continuar\u00e1 este domingo su recorrido por la Regi\u00f3n del Cibao, con paradas en La Vega, Moca, Santiago, Puerto Plata y Valverde (Mao). Previamente, el director general policial sostuvo un encuentro con agentes policiales en Bonao, Monse\u00f1or Nouel.<\/p>\n\n\n\n<p class=\"wp-block-paragraph\">El alto oficial explic\u00f3 que durante estas visitas mantiene un contacto directo con los agentes para orientarles sobre el comportamiento que debe caracterizar a un verdadero polic\u00eda, como parte de la reforma policial impulsada por el presidente de la Rep\u00fablica, Luis Abinader.<\/p>\n\n\n\n<p class=\"wp-block-paragraph\">El mayor general Rodr\u00edguez Garc\u00eda destac\u00f3 que el objetivo es fortalecer una Polic\u00eda m\u00e1s cercana a la ciudadan\u00eda, firme frente al delito y respetuosa de la ley, haciendo un uso adecuado y proporcional de la fuerza cuando las circunstancias lo requieran.<\/p>\n\n\n\n<p class=\"wp-block-paragraph\">\u00abLo m\u00e1s importante es que la gente perciba seguridad, no miedo de la autoridad\u00bb, enfatiz\u00f3 el director general, al exhortar a los agentes a actuar con apego a la ley y determinaci\u00f3n frente a quienes la infringen.<\/p>\n\n\n\n<p class=\"wp-block-paragraph\">Asimismo, reafirm\u00f3 que la instituci\u00f3n continuar\u00e1 persiguiendo a los infractores y poni\u00e9ndolos a disposici\u00f3n de la justicia, garantizando que la autoridad policial se ejerza con responsabilidad, profesionalidad y respeto a los derechos ciudadanos.<\/p>\n\n\n\n<p class=\"wp-block-paragraph\">https:\/\/x.com\/pesqueiradiego\/status\/2094104596071277007?s=20 <a href=\"https:\/\/x.com\/pesqueiradiego\/status\/2094104596071277007?s=20\">https:\/\/x.com\/pesqueiradiego\/status\/2094104596071277007?s=20<\/a><\/p>\n","protected":false},"excerpt":{"rendered":"<p>LA VEGA, RD. \u2013 Al concluir su intervenci\u00f3n ante el personal policial en esta provincia, el director general de la Polic\u00eda Nacional, el mayor general Ernesto Rodr\u00edguez Garc\u00eda, inform\u00f3 que continuar\u00e1 este domingo su recorrido por la Regi\u00f3n del Cibao, con paradas en La Vega, Moca, Santiago, Puerto Plata y Valverde (Mao). Previamente, el director [&hellip;]<\/p>\n","protected":false},"author":7,"featured_media":692492,"comment_status":"closed","ping_status":"closed","sticky":false,"template":"","format":"standard","meta":{"footnotes":""},"categories":[29],"tags":[1070],"class_list":["post-694010","post","type-post","status-publish","format-standard","has-post-thumbnail","hentry","category-policiasucesos","tag-policia-nacional"],"_links":{"self":[{"href":"https:\/\/diariodominicano.com\/index.php?rest_route=\/wp\/v2\/posts\/694010","targetHints":{"allow":["GET"]}}],"collection":[{"href":"https:\/\/diariodominicano.com\/index.php?rest_route=\/wp\/v2\/posts"}],"about":[{"href":"https:\/\/diariodominicano.com\/index.php?rest_route=\/wp\/v2\/types\/post"}],"author":[{"embeddable":true,"href":"https:\/\/diariodominicano.com\/index.php?rest_route=\/wp\/v2\/users\/7"}],"replies":[{"embeddable":true,"href":"https:\/\/diariodominicano.com\/index.php?rest_route=%2Fwp%2Fv2%2Fcomments&post=694010"}],"version-history":[{"count":1,"href":"https:\/\/diariodominicano.com\/index.php?rest_route=\/wp\/v2\/posts\/694010\/revisions"}],"predecessor-version":[{"id":694035,"href":"https:\/\/diariodominicano.com\/index.php?rest_route=\/wp\/v2\/posts\/694010\/revisions\/694035"}],"wp:featuredmedia":[{"embeddable":true,"href":"https:\/\/diariodominicano.com\/index.php?rest_route=\/wp\/v2\/media\/692492"}],"wp:attachment":[{"href":"https:\/\/diariodominicano.com\/index.php?rest_route=%2Fwp%2Fv2%2Fmedia&parent=694010"}],"wp:term":[{"taxonomy":"category","embeddable":true,"href":"https:\/\/diariodominicano.com\/index.php?rest_route=%2Fwp%2Fv2%2Fcategories&post=694010"},{"taxonomy":"post_tag","embeddable":true,"href":"https:\/\/diariodominicano.com\/index.php?rest_route=%2Fwp%2Fv2%2Ftags&post=694010"}],"curies":[{"name":"wp","href":"https:\/\/api.w.org\/{rel}","templated":true}]}}