{"id":693993,"date":"2026-08-31T03:40:29","date_gmt":"2026-08-31T07:40:29","guid":{"rendered":"https:\/\/diariodominicano.com\/?p=693993"},"modified":"2026-08-31T03:40:40","modified_gmt":"2026-08-31T07:40:40","slug":"consejo-nacional-de-la-magistratura-continuara-el-8-de-septiembre-proceso-de-evaluacion-de-jueces-de-la-suprema-corte-de-justicia","status":"publish","type":"post","link":"https:\/\/diariodominicano.com\/?p=693993","title":{"rendered":"Consejo Nacional de la Magistratura continuar\u00e1 el 8 de septiembre proceso de evaluaci\u00f3n de jueces de la Suprema Corte de Justicia"},"content":{"rendered":"\n<h3 class=\"wp-block-heading\">Otorg\u00f3 un plazo razonable a sus integrantes para estudiar los informes de desempe\u00f1o y revisar las entrevistas realizadas a los magistrados evaluados.<\/h3>\n\n\n\n<p class=\"wp-block-paragraph\">28 de Agosto 2026<\/p>\n\n\n\n<figure class=\"wp-block-image\"><img decoding=\"async\" src=\"https:\/\/platform-cdn.sharethis.com\/img\/sharethis.svg\" alt=\"sharethis sharing button\"\/><\/figure>\n\n\n\n<p class=\"wp-block-paragraph\">Santo Domingo.\u2013\u00a0<strong>El Consejo Nacional de la Magistratura (CNM)<\/strong>\u00a0decidi\u00f3 durante su sesi\u00f3n de\u00a0<strong>este viernes 28 de agosto<\/strong>, volver a reunirse el pr\u00f3ximo\u00a0<strong>8 de septiembre<\/strong>\u00a0para continuar el proceso de\u00a0<strong>evaluaci\u00f3n de desempe\u00f1o de siete jueces\u00a0<\/strong>de la Suprema Corte de Justicia\u00a0<strong>(SCJ)<\/strong><\/p>\n\n\n\n<p class=\"wp-block-paragraph\">La decisi\u00f3n procura conceder un&nbsp;<strong>per\u00edodo razonable&nbsp;<\/strong>a los integrantes del Consejo para estudiar los&nbsp;<strong>informes correspondientes a los siete a\u00f1os de desempe\u00f1o de los magistrados evaluados<\/strong>, as\u00ed como revisar el contenido de las&nbsp;<strong>entrevistas realizadas<\/strong>&nbsp;el pasado martes 25 de agosto.<\/p>\n\n\n\n<p class=\"wp-block-paragraph\">Durante la sesi\u00f3n, el Consejo decidi\u00f3 mantener el&nbsp;<strong>cronograma aprobado para el proceso de selecci\u00f3n<\/strong>, cuyo inicio est\u00e1 previsto para el pr\u00f3ximo&nbsp;<strong>lunes 31 de agosto<\/strong>. Este proceso estar\u00e1 destinado a cubrir las&nbsp;<strong>cuatro vacantes existentes en la Suprema Corte de Justicia<\/strong>, as\u00ed como las que eventualmente pudieran generarse como resultado de la evaluaci\u00f3n en curso.<\/p>\n\n\n\n<p class=\"wp-block-paragraph\">Este proceso permitir\u00e1 considerar&nbsp;<strong>postulantes<\/strong>&nbsp;provenientes de la&nbsp;<strong>carrera judicial<\/strong>, del&nbsp;<strong>ejercicio profesional del derecho<\/strong>&nbsp;y del&nbsp;<strong>\u00e1mbito acad\u00e9mico<\/strong>, conforme a las disposiciones constitucionales y reglamentarias aplicables.<\/p>\n\n\n\n<p class=\"wp-block-paragraph\">El CNM precis\u00f3 que el&nbsp;<strong>proceso de evaluaci\u00f3n<\/strong>&nbsp;de los actuales jueces&nbsp;<strong>concluir\u00e1 antes de que finalice el proceso de selecci\u00f3n<\/strong>&nbsp;para cubrir las vacantes.<\/p>\n\n\n\n<p class=\"wp-block-paragraph\"><strong>Procedimiento de evaluaci\u00f3n<\/strong><\/p>\n\n\n\n<p class=\"wp-block-paragraph\">Conforme al&nbsp;<strong>art\u00edculo 4, p\u00e1rrafo I,<\/strong>&nbsp;del reglamento evaluaci\u00f3n, el Consejo Nacional de la Magistratura celebrar\u00e1&nbsp;<strong>cuantas reuniones sean necesarias<\/strong>, a partir del vencimiento del plazo para contestar las&nbsp;<strong>objeciones<\/strong>, con miras a agotar el proceso de evaluaci\u00f3n de los jueces sometidos a este ejercicio.<\/p>\n\n\n\n<p class=\"wp-block-paragraph\">Seg\u00fan establece&nbsp;<strong>el p\u00e1rrafo II del citado art\u00edculo 4<\/strong>, en su evaluaci\u00f3n el Consejo Nacional de la Magistratura ponderar\u00e1 los&nbsp;<strong>documentos<\/strong>&nbsp;presentados, las&nbsp;<strong>informaciones<\/strong>&nbsp;recibidas y la&nbsp;<strong>entrevista<\/strong>&nbsp;realizada a&nbsp;<strong>cada juez<\/strong>, adem\u00e1s de sus cualidades personales y calidades profesionales, conforme a los criterios establecidos en el reglamento, a fin de decidir sobre la confirmaci\u00f3n de los jueces sometidos al proceso de evaluaci\u00f3n de desempe\u00f1o.<\/p>\n\n\n\n<p class=\"wp-block-paragraph\">Conforme al&nbsp;<strong>art\u00edculo 4<\/strong>&nbsp;del reglamento, los&nbsp;<strong>informes de desempe\u00f1o<\/strong>&nbsp;de los jueces sujetos a evaluaci\u00f3n se encuentran&nbsp;<strong>disponibles en el portal electr\u00f3nico<\/strong>&nbsp;del Consejo Nacional de la Magistratura.<\/p>\n\n\n\n<p class=\"wp-block-paragraph\"><a href=\"https:\/\/www.presidencia.gob.do\/taxonomy\/term\/58\">DIPP<\/a><\/p>\n","protected":false},"excerpt":{"rendered":"<p>Otorg\u00f3 un plazo razonable a sus integrantes para estudiar los informes de desempe\u00f1o y revisar las entrevistas realizadas a los magistrados evaluados. 28 de Agosto 2026 Santo Domingo.\u2013\u00a0El Consejo Nacional de la Magistratura (CNM)\u00a0decidi\u00f3 durante su sesi\u00f3n de\u00a0este viernes 28 de agosto, volver a reunirse el pr\u00f3ximo\u00a08 de septiembre\u00a0para continuar el proceso de\u00a0evaluaci\u00f3n de desempe\u00f1o [&hellip;]<\/p>\n","protected":false},"author":2,"featured_media":693994,"comment_status":"open","ping_status":"closed","sticky":false,"template":"","format":"standard","meta":{"footnotes":""},"categories":[20,24],"tags":[],"class_list":["post-693993","post","type-post","status-publish","format-standard","has-post-thumbnail","hentry","category-dominicana-hoy","category-justicia-y-derecho"],"_links":{"self":[{"href":"https:\/\/diariodominicano.com\/index.php?rest_route=\/wp\/v2\/posts\/693993","targetHints":{"allow":["GET"]}}],"collection":[{"href":"https:\/\/diariodominicano.com\/index.php?rest_route=\/wp\/v2\/posts"}],"about":[{"href":"https:\/\/diariodominicano.com\/index.php?rest_route=\/wp\/v2\/types\/post"}],"author":[{"embeddable":true,"href":"https:\/\/diariodominicano.com\/index.php?rest_route=\/wp\/v2\/users\/2"}],"replies":[{"embeddable":true,"href":"https:\/\/diariodominicano.com\/index.php?rest_route=%2Fwp%2Fv2%2Fcomments&post=693993"}],"version-history":[{"count":1,"href":"https:\/\/diariodominicano.com\/index.php?rest_route=\/wp\/v2\/posts\/693993\/revisions"}],"predecessor-version":[{"id":693995,"href":"https:\/\/diariodominicano.com\/index.php?rest_route=\/wp\/v2\/posts\/693993\/revisions\/693995"}],"wp:featuredmedia":[{"embeddable":true,"href":"https:\/\/diariodominicano.com\/index.php?rest_route=\/wp\/v2\/media\/693994"}],"wp:attachment":[{"href":"https:\/\/diariodominicano.com\/index.php?rest_route=%2Fwp%2Fv2%2Fmedia&parent=693993"}],"wp:term":[{"taxonomy":"category","embeddable":true,"href":"https:\/\/diariodominicano.com\/index.php?rest_route=%2Fwp%2Fv2%2Fcategories&post=693993"},{"taxonomy":"post_tag","embeddable":true,"href":"https:\/\/diariodominicano.com\/index.php?rest_route=%2Fwp%2Fv2%2Ftags&post=693993"}],"curies":[{"name":"wp","href":"https:\/\/api.w.org\/{rel}","templated":true}]}}